{"id":172738,"date":"2019-06-22T13:46:42","date_gmt":"2019-06-22T10:46:42","guid":{"rendered":"http:\/\/www.tvturk.com\/index.php\/istanbul-secimi-icin-konyadan-otobuslerle-yola-ciktilar\/"},"modified":"2019-06-22T13:46:42","modified_gmt":"2019-06-22T10:46:42","slug":"istanbul-secimi-icin-konyadan-otobuslerle-yola-ciktilar","status":"publish","type":"post","link":"http:\/\/www.tvturk.com\/index.php\/istanbul-secimi-icin-konyadan-otobuslerle-yola-ciktilar\/","title":{"rendered":"\u0130stanbul se\u00e7imi i\u00e7in Konya\u2019dan otob\u00fcslerle yola \u00e7\u0131kt\u0131lar"},"content":{"rendered":"<p>\u0130stanbul\u2019da pazar g\u00fcn\u00fc yap\u0131lacak olan \u0130stanbul B\u00fcy\u00fck\u015fehir Belediye Ba\u015fkanl\u0131\u011f\u0131 se\u00e7iminde oy kullanma hakk\u0131 bulunan Konya\u2019daki vatanda\u015flar oylar\u0131n\u0131 kullanmak i\u00e7in otob\u00fcslerle yola \u00e7\u0131kt\u0131.<\/p>\n<p>23 Haziran Pazar g\u00fcn\u00fc yap\u0131lacak olan \u0130stanbul B\u00fcy\u00fck\u015fehir Belediye Ba\u015fkanl\u0131\u011f\u0131 se\u00e7imi i\u00e7in \u0130stanbul\u2019da oy kullanacak olan ve memleketleri Konya\u2019da bulunan vatanda\u015flar, tatillerini yar\u0131da kesti. AK Parti Konya \u0130l Ba\u015fkanl\u0131\u011f\u0131 taraf\u0131ndan organize edilen ve Mevlana K\u00fclt\u00fcr Merkezi yak\u0131n\u0131ndaki otoparkta toplanan vatanda\u015flar, kendileri i\u00e7in tahsis edilen otob\u00fcslere binerek yola \u00e7\u0131kt\u0131. AK Parti \u0130stanbul B\u00fcy\u00fck\u015fehir Belediye Ba\u015fkan Aday\u0131 Binali Y\u0131ld\u0131r\u0131m\u2019a destek vermek i\u00e7in yola \u00e7\u0131kan vatanda\u015flar, yakla\u015f\u0131k 8 saat s\u00fcren 700 kilometre yol gidecek.<\/p>\n","protected":false},"excerpt":{"rendered":"<p>\u0130STANBUL&#8217;DA PAZAR G\u00dcN\u00dc YAPILACAK OLAN BELED\u0130YE BA\u015eKANLI\u011eI SE\u00c7\u0130MLER\u0130NDE OY KULLANMA HAKKI BULUNAN KONYA&#8217;DAK\u0130 VATANDA\u015eLAR OYLARINI KULLANMAK \u0130\u00c7\u0130N OTOB\u00dcSLERLE YOLA \u00c7IKTI.<\/p>\n","protected":false},"author":1,"featured_media":0,"comment_status":"closed","ping_status":"open","sticky":false,"template":"","format":"standard","meta":{"jetpack_post_was_ever_published":false,"_jetpack_newsletter_access":"","_jetpack_dont_email_post_to_subs":false,"_jetpack_newsletter_tier_id":0,"_jetpack_memberships_contains_paywalled_content":false,"_jetpack_memberships_contains_paid_content":false,"footnotes":"","jetpack_publicize_message":"","jetpack_publicize_feature_enabled":true,"jetpack_social_post_already_shared":true,"jetpack_social_options":{"image_generator_settings":{"template":"highway","default_image_id":0,"font":"","enabled":false},"version":2}},"categories":[1],"tags":[2238,44,730,1916,41751,3217,1535],"class_list":["post-172738","post","type-post","status-publish","format-standard","hentry","category-genel","tag-ciktilar","tag-icin","tag-istanbul","tag-konyadan","tag-otobuslerle","tag-secimi","tag-yola"],"jetpack_publicize_connections":[],"jetpack_featured_media_url":"","jetpack_sharing_enabled":true,"jetpack_shortlink":"https:\/\/wp.me\/paKIfm-IW6","_links":{"self":[{"href":"http:\/\/www.tvturk.com\/index.php\/wp-json\/wp\/v2\/posts\/172738","targetHints":{"allow":["GET"]}}],"collection":[{"href":"http:\/\/www.tvturk.com\/index.php\/wp-json\/wp\/v2\/posts"}],"about":[{"href":"http:\/\/www.tvturk.com\/index.php\/wp-json\/wp\/v2\/types\/post"}],"author":[{"embeddable":true,"href":"http:\/\/www.tvturk.com\/index.php\/wp-json\/wp\/v2\/users\/1"}],"replies":[{"embeddable":true,"href":"http:\/\/www.tvturk.com\/index.php\/wp-json\/wp\/v2\/comments?post=172738"}],"version-history":[{"count":0,"href":"http:\/\/www.tvturk.com\/index.php\/wp-json\/wp\/v2\/posts\/172738\/revisions"}],"wp:attachment":[{"href":"http:\/\/www.tvturk.com\/index.php\/wp-json\/wp\/v2\/media?parent=172738"}],"wp:term":[{"taxonomy":"category","embeddable":true,"href":"http:\/\/www.tvturk.com\/index.php\/wp-json\/wp\/v2\/categories?post=172738"},{"taxonomy":"post_tag","embeddable":true,"href":"http:\/\/www.tvturk.com\/index.php\/wp-json\/wp\/v2\/tags?post=172738"}],"curies":[{"name":"wp","href":"https:\/\/api.w.org\/{rel}","templated":true}]}}