{"id":172760,"date":"2019-06-22T14:16:12","date_gmt":"2019-06-22T11:16:12","guid":{"rendered":"http:\/\/www.tvturk.com\/index.php\/guneydogu-asya-liderleri-bangkokta-bir-araya-geldi\/"},"modified":"2019-06-22T14:16:12","modified_gmt":"2019-06-22T11:16:12","slug":"guneydogu-asya-liderleri-bangkokta-bir-araya-geldi","status":"publish","type":"post","link":"http:\/\/www.tvturk.com\/index.php\/guneydogu-asya-liderleri-bangkokta-bir-araya-geldi\/","title":{"rendered":"G\u00fcneydo\u011fu Asya liderleri Bangkok\u2019ta bir araya geldi"},"content":{"rendered":"<p>G\u00fcneydo\u011fu Asyal\u0131 liderler, Tayland\u2019\u0131n ba\u015fkenti Bangkok\u2019ta iki g\u00fcn s\u00fcrecek 34\u2019\u00fcnc\u00fc ASEAN zirvesi i\u00e7in bir araya geldi.<\/p>\n<p>G\u00fcneydo\u011fu Asya Liderleri Tayland\u2019\u0131n ba\u015fkenti Bangkok\u2019ta bir araya geldi. G\u00fcneydo\u011fu Asya \u00dclkeleri Birli\u011finin (ASEAN) 34\u2019\u00fcnc\u00fc zirvesi i\u00e7in bir araya gelen liderlerin g\u00f6r\u00fc\u015fece\u011fi konular resmen a\u00e7\u0131klanamasa da G\u00fcney \u00c7in Denizi Krizi ve Arakan M\u00fcsl\u00fcmanlar\u0131na uygulanan soyk\u0131r\u0131m\u0131n g\u00f6r\u00fc\u015f\u00fclece\u011fi d\u00fc\u015f\u00fcn\u00fcl\u00fcyor.<\/p>\n<p>Yar\u0131m as\u0131rd\u0131r bir arada olan ASEAN\u2019da kararlar oy birli\u011fine ba\u011fl\u0131 oldu\u011fu i\u00e7in b\u00f6lgesel zorluklarla m\u00fccadele ediyor. Tayland\u2019da darbe yaparak y\u00f6netime ge\u00e7en Ba\u015fbakan Prayuth \u00c7an-o\u00e7a, Mart ay\u0131nda yap\u0131lan genel se\u00e7imlerle birlikte kendini sivil bir lider olarak tan\u0131t\u0131yor.<\/p>\n<p>\u00c7in Denizi i\u00e7in kurallar g\u00f6r\u00fc\u015f\u00fclecek<\/p>\n<p>Liderlerin, d\u00fcnyan\u0131n en yo\u011fun trafi\u011fine sahip suyollar\u0131ndan biri olan G\u00fcney \u00c7in Denizi hakk\u0131nda yap\u0131lacak m\u00fczakereler i\u00e7in \u201cDavran\u0131\u015f Kurallar\u0131\u201d belirleyece\u011fi tahmin ediliyor. Endonezya Eski D\u0131\u015fi\u015fleri Bakan\u0131 Marty Natalegawa, b\u00f6lgede ya\u015fanacak bir krizle ahlak kayg\u0131s\u0131n\u0131 azaltaca\u011f\u0131 tehlikesine dikkat \u00e7ekerek, \u201cDenizdeki geli\u015fmeler Davran\u0131\u015f Kurallar\u0131n\u0131 \u00f6nemsizle\u015ftirme tehlikesi var\u201d dedi.<\/p>\n<p>Arakan M\u00fcsl\u00fcmanlar\u0131 hala muamma<\/p>\n<p>\u0130nsan haklar\u0131 \u00f6rg\u00fctleri ise ASEAN liderlerine Arakan M\u00fcsl\u00fcmanlar\u0131n\u0131n soyk\u0131r\u0131mdan ka\u00e7t\u0131klar\u0131 Myanmar\u2019daki evlerine geri d\u00f6nmeleri i\u00e7in \u00e7al\u0131\u015fma yapmalar\u0131 \u00e7a\u011fr\u0131s\u0131nda bulundu. Ancak \u00fcye \u00fclkelerin Myanmar gibi di\u011fer \u00fcyelerin i\u00e7 i\u015flerine kar\u015f\u0131maya \u00e7ekinece\u011fi d\u00fc\u015f\u00fcn\u00fcl\u00fcyor. Birle\u015fmi\u015f Milletlere g\u00f6re soyk\u0131r\u0131mdan ka\u00e7an 700 binden fazla Arakanl\u0131 M\u00fcsl\u00fcman, 2017 y\u0131l\u0131nda Banglade\u015f\u2019e gitmi\u015fti.<\/p>\n<p>Ancak, Tayland\u2019\u0131n Thammasat \u00dcniversitesi\u2019nde siyaset bilimi profes\u00f6r\u00fc olan Prapat Thepchatree, zirvede Arakanl\u0131 M\u00fcsl\u00fcmanlara uygulanan soyk\u0131r\u0131m nedeniyle Myanmar\u2019\u0131n herhangi bir ele\u015ftriyle kar\u015f\u0131la\u015fmas\u0131n\u0131n muhtemel olmad\u0131\u011f\u0131n\u0131 s\u00f6yledi. Thepchatree, \u201cBu konu ASEAN i\u00e7in \u00e7ok hassas bir konu oldu\u201d diye konu\u015ftu.<\/p>\n","protected":false},"excerpt":{"rendered":"<p>G\u00dcNEYDO\u011eU ASYALI L\u0130DERLER, TAYLAND\u2019IN BA\u015eKENT\u0130 BANGKOK\u2019TA \u0130K\u0130 G\u00dcN S\u00dcRECEK 34\u2019\u00dcNC\u00dc ASEAN Z\u0130RVES\u0130 \u0130\u00c7\u0130N B\u0130R ARAYA GELD\u0130. (MYANMAR&#8217;IN F\u0130\u0130L\u0130 L\u0130DER\u0130 H\u00dcK\u00dbMET BA\u015eDANI\u015eMANI ANG SAN SU \u00c7\u0130 VE TAYLAND BA\u015eBAKANI PRAYUTH \u00c7AN-O\u00c7A)<\/p>\n","protected":false},"author":1,"featured_media":0,"comment_status":"closed","ping_status":"open","sticky":false,"template":"","format":"standard","meta":{"jetpack_post_was_ever_published":false,"_jetpack_newsletter_access":"","_jetpack_dont_email_post_to_subs":false,"_jetpack_newsletter_tier_id":0,"_jetpack_memberships_contains_paywalled_content":false,"_jetpack_memberships_contains_paid_content":false,"footnotes":"","jetpack_publicize_message":"","jetpack_publicize_feature_enabled":true,"jetpack_social_post_already_shared":true,"jetpack_social_options":{"image_generator_settings":{"template":"highway","default_image_id":0,"font":"","enabled":false},"version":2}},"categories":[10],"tags":[126,7865,17785,125,127,8910,7010],"class_list":["post-172760","post","type-post","status-publish","format-standard","hentry","category-dunya","tag-araya","tag-asya","tag-bangkokta","tag-bir","tag-geldi","tag-guneydogu","tag-liderleri"],"jetpack_publicize_connections":[],"jetpack_featured_media_url":"","jetpack_sharing_enabled":true,"jetpack_shortlink":"https:\/\/wp.me\/paKIfm-IWs","_links":{"self":[{"href":"http:\/\/www.tvturk.com\/index.php\/wp-json\/wp\/v2\/posts\/172760","targetHints":{"allow":["GET"]}}],"collection":[{"href":"http:\/\/www.tvturk.com\/index.php\/wp-json\/wp\/v2\/posts"}],"about":[{"href":"http:\/\/www.tvturk.com\/index.php\/wp-json\/wp\/v2\/types\/post"}],"author":[{"embeddable":true,"href":"http:\/\/www.tvturk.com\/index.php\/wp-json\/wp\/v2\/users\/1"}],"replies":[{"embeddable":true,"href":"http:\/\/www.tvturk.com\/index.php\/wp-json\/wp\/v2\/comments?post=172760"}],"version-history":[{"count":0,"href":"http:\/\/www.tvturk.com\/index.php\/wp-json\/wp\/v2\/posts\/172760\/revisions"}],"wp:attachment":[{"href":"http:\/\/www.tvturk.com\/index.php\/wp-json\/wp\/v2\/media?parent=172760"}],"wp:term":[{"taxonomy":"category","embeddable":true,"href":"http:\/\/www.tvturk.com\/index.php\/wp-json\/wp\/v2\/categories?post=172760"},{"taxonomy":"post_tag","embeddable":true,"href":"http:\/\/www.tvturk.com\/index.php\/wp-json\/wp\/v2\/tags?post=172760"}],"curies":[{"name":"wp","href":"https:\/\/api.w.org\/{rel}","templated":true}]}}