{"id":172762,"date":"2019-06-22T14:16:32","date_gmt":"2019-06-22T11:16:32","guid":{"rendered":"http:\/\/www.tvturk.com\/index.php\/selde-hayatini-kaybeden-kucuk-isaya-duygusal-veda\/"},"modified":"2019-06-22T14:16:32","modified_gmt":"2019-06-22T11:16:32","slug":"selde-hayatini-kaybeden-kucuk-isaya-duygusal-veda","status":"publish","type":"post","link":"http:\/\/www.tvturk.com\/index.php\/selde-hayatini-kaybeden-kucuk-isaya-duygusal-veda\/","title":{"rendered":"Selde hayat\u0131n\u0131 kaybeden k\u00fc\u00e7\u00fck \u0130sa\u2019ya duygusal veda"},"content":{"rendered":"<p>Bart\u0131n\u2019\u0131n Hasankad\u0131 beldesinde i\u015fitme engelli annesinin elinden kurtularak sel sular\u0131na kap\u0131lan 11 ya\u015f\u0131ndaki \u0130sa Akg\u00fcn g\u00f6zya\u015flar\u0131 aras\u0131nda topra\u011fa verildi. Tabuta uzun s\u00fcre sar\u0131lan anne G\u00fcl\u00fcmser, o\u011flunun cenazesini g\u00f6ndermek istemedi.<\/p>\n<p>Bart\u0131n\u2019\u0131n Hasankad\u0131 beldesinde ya\u015fanan sel felaketi s\u0131ras\u0131nda i\u015fitme engelli annesinin elinden kurtularak sel sular\u0131na kap\u0131lan ve cans\u0131z bedeni olay yerinden 15 kilometre uzakl\u0131kta bulunan 11 ya\u015f\u0131ndaki \u0130sa Akg\u00fcn i\u00e7in cenaze t\u00f6reni d\u00fczenlendi. Akg\u00fcn\u2019\u00fcn G\u00f6k\u00e7edere Mahallesi\u2019ndeki evinin \u00f6n\u00fcne getirildi. Burada k\u00fc\u00e7\u00fck \u00e7ocuk i\u00e7in dualar okundu. Babas\u0131 Ali Akg\u00fcn\u2019\u00fcn ayakta g\u00fc\u00e7l\u00fckle durdu\u011fu cenazede anne G\u00fcl\u00fcmser ve abla Y\u0131ld\u0131z tabuta uzun s\u00fcre sar\u0131larak g\u00f6zya\u015f\u0131 d\u00f6kt\u00fc.<\/p>\n<p>Kur\u2019an Kursu \u00e7\u0131k\u0131\u015f\u0131 sonras\u0131, annesinin elinden kayarak sulara kap\u0131lan ve annesinin \u00e7\u0131\u011fl\u0131klar\u0131n\u0131 kimseye duyuramad\u0131\u011f\u0131 K\u00fc\u00e7\u00fck \u0130sa\u2019n\u0131n cans\u0131z bedeni Hasankad\u0131 Beldesi \u015eabankad\u0131 Mahallesi Camii\u2019ne getirilmek istendi. O\u011flunu b\u0131rakmak istemeyen anne G\u00fcl\u00fcmser, uzun u\u011fra\u015flar sonucu ikna edilebildi.<\/p>\n<p>Cenazeye, Bart\u0131n Valisi Sinan G\u00fcner, \u0130l Emniyet M\u00fcd\u00fcr\u00fc Og\u00fcn Vural, \u0130l Genel Meclis Ba\u015fkan\u0131 Kenan Dursun, AK Parti \u0130l Ba\u015fkan\u0131 Turhan Kalayc\u0131, MHP \u0130l Ba\u015fkan\u0131 Erc\u00fcment \u00d6z\u00e7elik, siyasi parti ve sivil toplum \u00f6rg\u00fct\u00fc temsilcileri ve \u00e7ok say\u0131da vatanda\u015f kat\u0131ld\u0131.<\/p>\n<p>\u00d6\u011fle namaz\u0131n\u0131 m\u00fcteakip k\u0131l\u0131nan cenaze namaz\u0131n\u0131n ard\u0131ndan k\u00fc\u00e7\u00fck Akg\u00fcn\u2019\u00fcn cenazesi aile kabristan\u0131na defnedildi.<\/p>\n","protected":false},"excerpt":{"rendered":"<p>BARTIN&#8217;IN HASANKADI BELDES\u0130NDE \u0130\u015e\u0130TME ENGELL\u0130 ANNES\u0130N\u0130N EL\u0130NDEN KURTULARAK SEL SULARINA KAPILAN 11 YA\u015eINDAK\u0130 \u0130SA AKG\u00dcN G\u00d6ZYA\u015eLARI ARASINDA TOPRA\u011eA VER\u0130LD\u0130. TABUTA UZUN S\u00dcRE SARILAN ANNE G\u00dcL\u00dcMSER, O\u011eLUNUN CENAZES\u0130N\u0130 G\u00d6NDERMEK \u0130STEMED\u0130.<\/p>\n","protected":false},"author":1,"featured_media":0,"comment_status":"closed","ping_status":"open","sticky":false,"template":"","format":"standard","meta":{"jetpack_post_was_ever_published":false,"_jetpack_newsletter_access":"","_jetpack_dont_email_post_to_subs":false,"_jetpack_newsletter_tier_id":0,"_jetpack_memberships_contains_paywalled_content":false,"_jetpack_memberships_contains_paid_content":false,"footnotes":"","jetpack_publicize_message":"","jetpack_publicize_feature_enabled":true,"jetpack_social_post_already_shared":true,"jetpack_social_options":{"image_generator_settings":{"template":"highway","default_image_id":0,"font":"","enabled":false},"version":2}},"categories":[1],"tags":[3649,848,41837,1211,1166,21108,4421],"class_list":["post-172762","post","type-post","status-publish","format-standard","hentry","category-genel","tag-duygusal","tag-hayatini","tag-isaya","tag-kaybeden","tag-kucuk","tag-selde","tag-veda"],"jetpack_publicize_connections":[],"jetpack_featured_media_url":"","jetpack_sharing_enabled":true,"jetpack_shortlink":"https:\/\/wp.me\/paKIfm-IWu","_links":{"self":[{"href":"http:\/\/www.tvturk.com\/index.php\/wp-json\/wp\/v2\/posts\/172762","targetHints":{"allow":["GET"]}}],"collection":[{"href":"http:\/\/www.tvturk.com\/index.php\/wp-json\/wp\/v2\/posts"}],"about":[{"href":"http:\/\/www.tvturk.com\/index.php\/wp-json\/wp\/v2\/types\/post"}],"author":[{"embeddable":true,"href":"http:\/\/www.tvturk.com\/index.php\/wp-json\/wp\/v2\/users\/1"}],"replies":[{"embeddable":true,"href":"http:\/\/www.tvturk.com\/index.php\/wp-json\/wp\/v2\/comments?post=172762"}],"version-history":[{"count":0,"href":"http:\/\/www.tvturk.com\/index.php\/wp-json\/wp\/v2\/posts\/172762\/revisions"}],"wp:attachment":[{"href":"http:\/\/www.tvturk.com\/index.php\/wp-json\/wp\/v2\/media?parent=172762"}],"wp:term":[{"taxonomy":"category","embeddable":true,"href":"http:\/\/www.tvturk.com\/index.php\/wp-json\/wp\/v2\/categories?post=172762"},{"taxonomy":"post_tag","embeddable":true,"href":"http:\/\/www.tvturk.com\/index.php\/wp-json\/wp\/v2\/tags?post=172762"}],"curies":[{"name":"wp","href":"https:\/\/api.w.org\/{rel}","templated":true}]}}