{"id":172816,"date":"2019-06-22T15:46:33","date_gmt":"2019-06-22T12:46:33","guid":{"rendered":"http:\/\/www.tvturk.com\/index.php\/ordudan-arakliya-destek\/"},"modified":"2019-06-22T15:46:33","modified_gmt":"2019-06-22T12:46:33","slug":"ordudan-arakliya-destek","status":"publish","type":"post","link":"http:\/\/www.tvturk.com\/index.php\/ordudan-arakliya-destek\/","title":{"rendered":"Ordu\u2019dan Arakl\u0131\u2019ya destek"},"content":{"rendered":"<p>Ordu B\u00fcy\u00fck\u015fehir Belediye Ba\u015fkan\u0131 Dr. Mehmet Hilmi G\u00fcler\u2019in talimat\u0131yla Trabzon\u2019un Arakl\u0131 il\u00e7esinde 18 Haziran 2019 tarihinde etkili olan sa\u011fanak ya\u011f\u0131\u015flar sebebiyle meydana gelen sel felaketinde kay\u0131p olan 3 vatanda\u015f\u0131n aranmas\u0131 \u00e7al\u0131\u015fmalar\u0131na destek vermek, afet sonras\u0131 s\u00fcrd\u00fcr\u00fclen \u00e7al\u0131\u015fmalara destek vermek amac\u0131yla itfaiye arama-kurtarma ekibi b\u00f6lgeye g\u00f6nderildi.<\/p>\n<p>Aralar\u0131nda iki adet dalg\u0131c\u0131n bulundu\u011fu 6 ki\u015filik profesyonel arama kurtarma ekibi sabah saatlerinde b\u00f6lgeye hareket etti. Hareket \u00f6ncesi ekibi ziyaret eden ve son talimatlar\u0131 veren Ordu B\u00fcy\u00fck\u015fehir Belediyesi Genel Sekreter Yard\u0131mc\u0131s\u0131 Selahattin Ayd\u0131n, ekibin ba\u015far\u0131l\u0131 bir \u015fekilde \u00e7al\u0131\u015fma yapaca\u011f\u0131na inand\u0131\u011f\u0131n\u0131 belirtti. Ayd\u0131n, \u201cTrabzon Arakl\u0131\u2019da 18 Haziran\u2019da ger\u00e7ekle\u015fen sa\u011fanak ya\u011f\u0131\u015flarla sel felaketi vuku buldu. \u00dc\u00e7 tane vatanda\u015f\u0131m\u0131za hala ula\u015f\u0131lamad\u0131. B\u00fcy\u00fck\u015fehir Belediyesi olarak say\u0131n ba\u015fkan\u0131m\u0131z\u0131n talimat\u0131 \u00fczerine bir arama kurtarma ekibini b\u00f6lgeye g\u00f6nderiyoruz. Ekibimizde iki tane profesyonel su alt\u0131 dalg\u0131c\u0131 bulunmakta. \u0130ki ara\u00e7 ve t\u00fcm ekipmanlar\u0131yla kendilerini u\u011furlayaca\u011f\u0131z. \u0130n\u015fallah b\u00f6lgeye ula\u015farak ac\u0131l\u0131 insanlar\u0131m\u0131z\u0131n bir nebze olsun ac\u0131s\u0131n\u0131 dindirmek, onlar\u0131n ac\u0131lar\u0131na ortak olmak ad\u0131na gerekli deste\u011fi verece\u011fiz. \u0130n\u015fallah Rabb\u2019im kazas\u0131z belas\u0131z \u00e7al\u0131\u015fmalar\u0131 yaparak arkada\u015flar\u0131m\u0131z\u0131n geri d\u00f6nmesini nasip eyler\u201d dedi.<\/p>\n<p>6 ki\u015filik profesyonel arama kurtarma ekibi b\u00f6lgeye ula\u015farak \u00e7al\u0131\u015fmalar\u0131na ara vermeden ba\u015flad\u0131.<\/p>\n","protected":false},"excerpt":{"rendered":"<p>ORDU B\u00dcY\u00dcK\u015eEH\u0130R BELED\u0130YE BA\u015eKANI DR. MEHMET H\u0130LM\u0130 G\u00dcLER&#8217;\u0130N TAL\u0130MATIYLA TRABZON\u2019UN ARAKLI \u0130L\u00c7ES\u0130NDE MEYDANA GELEN SEL FELAKET\u0130NDE KAYIP OLAN 3 VATANDA\u015eIN ARANMASI \u00c7ALI\u015eMALARINA DESTEK VERMEK, AFET SONRASI S\u00dcRD\u00dcR\u00dcLEN \u00c7ALI\u015eMALARA DESTEK VERMEK AMACIYLA \u0130TFA\u0130YE ARAMA-KURTARMA EK\u0130B\u0130 B\u00d6LGEYE G\u00d6NDER\u0130LD\u0130<\/p>\n","protected":false},"author":1,"featured_media":0,"comment_status":"closed","ping_status":"open","sticky":false,"template":"","format":"standard","meta":{"jetpack_post_was_ever_published":false,"_jetpack_newsletter_access":"","_jetpack_dont_email_post_to_subs":false,"_jetpack_newsletter_tier_id":0,"_jetpack_memberships_contains_paywalled_content":false,"_jetpack_memberships_contains_paid_content":false,"footnotes":"","jetpack_publicize_message":"","jetpack_publicize_feature_enabled":true,"jetpack_social_post_already_shared":true,"jetpack_social_options":{"image_generator_settings":{"template":"highway","default_image_id":0,"font":"","enabled":false},"version":2}},"categories":[1],"tags":[41856,61,27615],"class_list":["post-172816","post","type-post","status-publish","format-standard","hentry","category-genel","tag-arakliya","tag-destek","tag-ordudan"],"jetpack_publicize_connections":[],"jetpack_featured_media_url":"","jetpack_sharing_enabled":true,"jetpack_shortlink":"https:\/\/wp.me\/paKIfm-IXm","_links":{"self":[{"href":"http:\/\/www.tvturk.com\/index.php\/wp-json\/wp\/v2\/posts\/172816","targetHints":{"allow":["GET"]}}],"collection":[{"href":"http:\/\/www.tvturk.com\/index.php\/wp-json\/wp\/v2\/posts"}],"about":[{"href":"http:\/\/www.tvturk.com\/index.php\/wp-json\/wp\/v2\/types\/post"}],"author":[{"embeddable":true,"href":"http:\/\/www.tvturk.com\/index.php\/wp-json\/wp\/v2\/users\/1"}],"replies":[{"embeddable":true,"href":"http:\/\/www.tvturk.com\/index.php\/wp-json\/wp\/v2\/comments?post=172816"}],"version-history":[{"count":0,"href":"http:\/\/www.tvturk.com\/index.php\/wp-json\/wp\/v2\/posts\/172816\/revisions"}],"wp:attachment":[{"href":"http:\/\/www.tvturk.com\/index.php\/wp-json\/wp\/v2\/media?parent=172816"}],"wp:term":[{"taxonomy":"category","embeddable":true,"href":"http:\/\/www.tvturk.com\/index.php\/wp-json\/wp\/v2\/categories?post=172816"},{"taxonomy":"post_tag","embeddable":true,"href":"http:\/\/www.tvturk.com\/index.php\/wp-json\/wp\/v2\/tags?post=172816"}],"curies":[{"name":"wp","href":"https:\/\/api.w.org\/{rel}","templated":true}]}}