{"id":172822,"date":"2019-06-22T15:47:08","date_gmt":"2019-06-22T12:47:08","guid":{"rendered":"http:\/\/www.tvturk.com\/index.php\/bakan-kasapoglu-belarusta-sporcu-koyunu-ziyaret-etti\/"},"modified":"2019-06-22T15:47:08","modified_gmt":"2019-06-22T12:47:08","slug":"bakan-kasapoglu-belarusta-sporcu-koyunu-ziyaret-etti","status":"publish","type":"post","link":"http:\/\/www.tvturk.com\/index.php\/bakan-kasapoglu-belarusta-sporcu-koyunu-ziyaret-etti\/","title":{"rendered":"Bakan Kasapo\u011flu, Belarus\u2019ta sporcu k\u00f6y\u00fcn\u00fc ziyaret etti"},"content":{"rendered":"<p>Gen\u00e7lik ve Spor Bakan\u0131 Dr. Mehmet Muharrem Kasapo\u011flu, 2. Avrupa Oyunlar\u0131\u2019n\u0131n d\u00fczenlendi\u011fi Belarus\u2019un ba\u015fkenti Minsk\u2019te milli tak\u0131m kafilesinin konaklad\u0131\u011f\u0131 sporcu k\u00f6y\u00fcn\u00fc ziyaret etti. Milli sporcular bir araya gelerek onlarla sohbet eden Bakan Kasapo\u011flu, sporculara ba\u015far\u0131 diledi.<\/p>\n<p>Gen\u00e7lik ve Spor Bakan\u0131 Dr. Mehmet Muharrem Kasapo\u011flu, Minsk 2019 Avrupa Oyunlar\u0131 Sporcu K\u00f6y\u00fc\u2019ne ziyarette bulunarak milli sporcularla bir araya geldi. Sporcularla sohbet eden Kasapo\u011flu, onlara ba\u015far\u0131 temennisinde bulundu.<\/p>\n<p>2. Avrupa Oyunlar\u0131\u2019n\u0131n a\u00e7\u0131l\u0131\u015f t\u00f6renini izlemek i\u00e7in Belarus\u2019un ba\u015fkenti Minsk\u2019e gelen Gen\u00e7lik ve Spor Bakan\u0131 Dr. Mehmet Muharrem Kasapo\u011flu, ziyaretinin ikinci g\u00fcn\u00fcnde Milli Tak\u0131m kafilesinin kald\u0131\u011f\u0131 sporcu k\u00f6y\u00fcn\u00fc ziyaret etti.<\/p>\n<p>Burada sporcularla bir araya gelen Bakan Kasapo\u011flu, onlarla sohbet etti.<\/p>\n<p>Konaklad\u0131klar\u0131 sporcu k\u00f6y\u00fc ve haz\u0131rl\u0131k \u00e7al\u0131\u015fmalar\u0131 hakk\u0131nda milli sporculardan, teknik heyetten ve yetkililerden bilgi alan Bakan Kasapo\u011flu, sporculara m\u00fcsabakalarda ba\u015far\u0131 temennisinde bulundu.<\/p>\n<p>\u201cSporcular\u0131m\u0131z\u0131n kazanacaklar\u0131 ba\u015far\u0131lar gelecek ad\u0131na \u0131\u015f\u0131k sa\u00e7maya devam edecektir\u201d<\/p>\n<p>Ziyaretin ard\u0131ndan a\u00e7\u0131klama yapan Bakan Kasapo\u011flu, sporcular\u0131n morallerinin y\u00fcksek olmas\u0131ndan duydu\u011fu memnuniyeti ifade ederek, \u201c110 ki\u015filik sporcu kafilemiz 14 bran\u015fta m\u00fccadele verecek. D\u00fcn itibariyle de sporcular\u0131m\u0131z\u0131n m\u00fcsabakalar\u0131 ba\u015flad\u0131. G\u00fczel bir a\u00e7\u0131l\u0131\u015f t\u00f6reni izledik. Oyunlar k\u00f6y\u00fcnde sporcular\u0131m\u0131zla bir araya geldik. Onlar\u0131n heyecan\u0131n\u0131 payla\u015fma imkan\u0131 bulduk. Minsk 2019\u2019da, t\u0131pk\u0131 4 y\u0131l \u00f6nce Bak\u00fc\u2019de d\u00fczenlenen Avrupa Oyunlar\u0131\u2019nda oldu\u011fu gibi daha ileri bir noktaya g\u00f6t\u00fcrd\u00fc\u011f\u00fcm\u00fcz bir ba\u015far\u0131 \u00e7izgisiyle yar\u0131nlar\u0131m\u0131z ad\u0131na \u00fcmitlerimizin artaca\u011f\u0131 inanc\u0131nday\u0131m\u201d dedi.<\/p>\n<p>Bakan Kasapo\u011flu, 2020 Tokyo Olimpiyatlar\u0131 s\u00fcrecinde g\u00fczel bir motivasyonla Minsk\u2019ten ayr\u0131lacaklar\u0131na inand\u0131\u011f\u0131n\u0131 belirterek, \u201cSporcular\u0131m\u0131z\u0131n buradan kazanacaklar\u0131 ba\u015far\u0131lar, edinecekleri tecr\u00fcbeler hem \u00fclkemizin sportif gelece\u011fi ad\u0131na hem de gen\u00e7lerimizin yar\u0131nlar\u0131 ad\u0131na \u0131\u015f\u0131k sa\u00e7maya, \u00fcmit a\u015f\u0131lamaya devam edecektir. Gerek b\u00fcy\u00fckel\u00e7ili\u011fimiz gerekse de bakanl\u0131\u011f\u0131m\u0131z ekibi ile hep birlikte sporcular\u0131m\u0131zla beraber olaca\u011f\u0131z. T\u00fcm sporcular\u0131m\u0131za ba\u015far\u0131 diliyorum ve Allah yard\u0131mc\u0131lar\u0131 olsun diyorum\u201d diye konu\u015ftu.<\/p>\n","protected":false},"excerpt":{"rendered":"<p>GEN\u00c7L\u0130K VE SPOR BAKANI DR. MEHMET MUHARREM KASAPO\u011eLU, 2. AVRUPA OYUNLARI\u2019NIN D\u00dcZENLEND\u0130\u011e\u0130 BELARUS\u2019UN BA\u015eKENT\u0130 M\u0130NSK&#8217;TE M\u0130LL\u0130 TAKIM KAF\u0130LES\u0130N\u0130N KONAKLADI\u011eI SPORCU K\u00d6Y\u00dcN\u00dc Z\u0130YARET ETT\u0130. M\u0130LL\u0130 SPORCULAR B\u0130R ARAYA GELEREK ONLARLA SOHBET EDEN BAKAN KASAPO\u011eLU, SPORCULARA BA\u015eARI D\u0130LED\u0130.<\/p>\n","protected":false},"author":1,"featured_media":0,"comment_status":"closed","ping_status":"open","sticky":false,"template":"","format":"standard","meta":{"jetpack_post_was_ever_published":false,"_jetpack_newsletter_access":"","_jetpack_dont_email_post_to_subs":false,"_jetpack_newsletter_tier_id":0,"_jetpack_memberships_contains_paywalled_content":false,"_jetpack_memberships_contains_paid_content":false,"footnotes":"","jetpack_publicize_message":"","jetpack_publicize_feature_enabled":true,"jetpack_social_post_already_shared":true,"jetpack_social_options":{"image_generator_settings":{"template":"highway","default_image_id":0,"font":"","enabled":false},"version":2}},"categories":[657],"tags":[742,41859,207,3823,11191,3895,150],"class_list":["post-172822","post","type-post","status-publish","format-standard","hentry","category-spor","tag-bakan","tag-belarusta","tag-etti","tag-kasapoglu","tag-koyunu","tag-sporcu","tag-ziyaret"],"jetpack_publicize_connections":[],"jetpack_featured_media_url":"","jetpack_sharing_enabled":true,"jetpack_shortlink":"https:\/\/wp.me\/paKIfm-IXs","_links":{"self":[{"href":"http:\/\/www.tvturk.com\/index.php\/wp-json\/wp\/v2\/posts\/172822","targetHints":{"allow":["GET"]}}],"collection":[{"href":"http:\/\/www.tvturk.com\/index.php\/wp-json\/wp\/v2\/posts"}],"about":[{"href":"http:\/\/www.tvturk.com\/index.php\/wp-json\/wp\/v2\/types\/post"}],"author":[{"embeddable":true,"href":"http:\/\/www.tvturk.com\/index.php\/wp-json\/wp\/v2\/users\/1"}],"replies":[{"embeddable":true,"href":"http:\/\/www.tvturk.com\/index.php\/wp-json\/wp\/v2\/comments?post=172822"}],"version-history":[{"count":0,"href":"http:\/\/www.tvturk.com\/index.php\/wp-json\/wp\/v2\/posts\/172822\/revisions"}],"wp:attachment":[{"href":"http:\/\/www.tvturk.com\/index.php\/wp-json\/wp\/v2\/media?parent=172822"}],"wp:term":[{"taxonomy":"category","embeddable":true,"href":"http:\/\/www.tvturk.com\/index.php\/wp-json\/wp\/v2\/categories?post=172822"},{"taxonomy":"post_tag","embeddable":true,"href":"http:\/\/www.tvturk.com\/index.php\/wp-json\/wp\/v2\/tags?post=172822"}],"curies":[{"name":"wp","href":"https:\/\/api.w.org\/{rel}","templated":true}]}}