{"id":172826,"date":"2019-06-22T16:01:51","date_gmt":"2019-06-22T13:01:51","guid":{"rendered":"http:\/\/www.tvturk.com\/index.php\/istanbul-secimi-icin-otobuslerle-yola-ciktilar\/"},"modified":"2019-06-22T16:01:51","modified_gmt":"2019-06-22T13:01:51","slug":"istanbul-secimi-icin-otobuslerle-yola-ciktilar","status":"publish","type":"post","link":"http:\/\/www.tvturk.com\/index.php\/istanbul-secimi-icin-otobuslerle-yola-ciktilar\/","title":{"rendered":"\u0130stanbul se\u00e7imi i\u00e7in otob\u00fcslerle yola \u00e7\u0131kt\u0131lar"},"content":{"rendered":"<p>\u0130stanbul\u2019da yar\u0131n yap\u0131lacak olan belediye ba\u015fkanl\u0131\u011f\u0131 se\u00e7imlerinde oy kullanma hakk\u0131 bulunan Karab\u00fck\u2019teki vatanda\u015flar AK Parti \u0130stanbul B\u00fcy\u00fck\u015fehir Belediye Ba\u015fkan Aday\u0131 Binali Y\u0131ld\u0131r\u0131m\u2019a destek vermek i\u00e7in otob\u00fcslerle yola \u00e7\u0131kt\u0131.<\/p>\n<p>23 Haziranda yap\u0131lacak olan \u0130stanbul B\u00fcy\u00fck\u015fehir Belediye Ba\u015fkanl\u0131\u011f\u0131 se\u00e7imleri i\u00e7in \u0130stanbul\u2019da oy kullanan ve memleketleri Karab\u00fck\u2019te tatilde bulanan vatanda\u015flar, tatillerini yar\u0131da kesti. AK Parti Karab\u00fck \u0130l Ba\u015fkanl\u0131\u011f\u0131 taraf\u0131ndan organize edilen ve \u0130l M\u00fcft\u00fcl\u00fc\u011f\u00fc \u00f6n\u00fcnde toplanan vatanda\u015flar, kendileri i\u00e7in tahsis edilen otob\u00fcslere binerek yola \u00e7\u0131kt\u0131. Binali Y\u0131ld\u0131r\u0131m\u2019a destek vermek i\u00e7in yola \u00e7\u0131kan vatanda\u015flar yakla\u015f\u0131k 5 saat s\u00fcren 400 kilometre yol gidecek.<\/p>\n<p>AK Parti Karab\u00fck \u0130l Ba\u015fkan\u0131 Av. \u0130smail Alt\u0131n\u00f6z, \u0130stanbul se\u00e7imleri i\u00e7in tatillerini yar\u0131da kesip oy kullanmak isteyen 500\u2019\u00fcn \u00fczerinde vatanda\u015f\u0131 \u0130stanbul\u2019a g\u00f6nderdiklerini s\u00f6yledi.<\/p>\n<p>Karab\u00fck \u0130l M\u00fcft\u00fcl\u00fc\u011f\u00fc \u00f6n\u00fcnden \u0130stanbul\u2019a hareket eden vatanda\u015flar\u0131 ziyaret eden AK Parti Karab\u00fck \u0130l Ba\u015fkan\u0131 Av. \u0130smail Alt\u0131n\u00f6z, \u201cYo\u011fun bir ilgi var. Burada \u015fuan sadece Karab\u00fck merkezden kalkan 5 otob\u00fcs\u00fcm\u00fcz var.  Di\u011fer il\u00e7elerimizden de se\u00e7imlerde oy kullanacak olan vatanda\u015flar\u0131m\u0131z\u0131 \u0130stanbul\u2019a ula\u015f\u0131mlar\u0131n\u0131 sa\u011flad\u0131k. \u0130n\u015fallah g\u00fczel bir netice olur ve Cumhur ittifak\u0131n\u0131n aday\u0131 Binali Y\u0131ld\u0131r\u0131m, bu se\u00e7imi kazanacak. Bu \u00e7orbada bizimde tuzumuz olsun deyip Karab\u00fck te\u015fkilat\u0131 olarak \u0130stanbul\u2019da \u00e7al\u0131\u015fmam\u0131z\u0131 yapt\u0131k. \u015eimdide tatilleri i\u00e7in memleketlerine gelen hem\u015fehrilerimizi oy kullanmaya gidecek olanlar\u0131n gitmesi i\u00e7in gerekli \u00e7abay\u0131 sarf ediyoruz. Son bir haftad\u0131r bilet alarak g\u00f6nderdiklerimiz var, bilet bulamad\u0131\u011f\u0131m\u0131z vatanda\u015flar\u0131 da otob\u00fcs tutarak g\u00f6nderiyoruz. \u015euana kadar 500\u2019\u00fcn \u00fczerinde vatanda\u015f\u0131m\u0131z oy kullanmak i\u00e7in \u0130stanbul\u2019a geri gitti\u201d dedi.<\/p>\n<p>Otob\u00fcslerde vatanda\u015flar\u0131 da ziyaret eden \u0130l Ba\u015fkan\u0131 Alt\u0131n\u00f6z, g\u00fczel bir netice olmas\u0131n\u0131 dileyerek vatanda\u015flara te\u015fekk\u00fcr etti.<\/p>\n<p>\u0130stanbul se\u00e7imleri i\u00e7in tatillerini yar\u0131da kestiklerini s\u00f6yleyen bir vatanda\u015f, 15 ki\u015filik bir aile olarak oy kullanmak i\u00e7in \u0130stanbul\u2019a geri gittiklerini ifade ederken, bir ba\u015fka vatanda\u015f ise, vatanda\u015fl\u0131k g\u00f6revi olarak 6 ki\u015filik ailesi ile oy kullanmaya gitti\u011fini, herkesin vatanda\u015fl\u0131k g\u00f6revi olarak oylar\u0131n\u0131 kullanmalar\u0131n\u0131 istedi.<\/p>\n","protected":false},"excerpt":{"rendered":"<p>\u0130STANBUL&#8217;DA YARIN YAPILACAK OLAN BELED\u0130YE BA\u015eKANLI\u011eI SE\u00c7\u0130MLER\u0130NDE OY KULLANMA HAKKI BULUNAN KARAB\u00dcK\u2019TEK\u0130 VATANDA\u015eLAR AK PART\u0130 \u0130STANBUL B\u00dcY\u00dcK\u015eEH\u0130R BELED\u0130YE BA\u015eKAN ADAYI B\u0130NAL\u0130 YILDIRIM\u2019A DESTEK VERMEK \u0130\u00c7\u0130N OTOB\u00dcSLERLE YOLA \u00c7IKTI.<\/p>\n","protected":false},"author":1,"featured_media":0,"comment_status":"closed","ping_status":"open","sticky":false,"template":"","format":"standard","meta":{"jetpack_post_was_ever_published":false,"_jetpack_newsletter_access":"","_jetpack_dont_email_post_to_subs":false,"_jetpack_newsletter_tier_id":0,"_jetpack_memberships_contains_paywalled_content":false,"_jetpack_memberships_contains_paid_content":false,"footnotes":"","jetpack_publicize_message":"","jetpack_publicize_feature_enabled":true,"jetpack_social_post_already_shared":true,"jetpack_social_options":{"image_generator_settings":{"template":"highway","default_image_id":0,"font":"","enabled":false},"version":2}},"categories":[1],"tags":[2238,44,730,41751,3217,1535],"class_list":["post-172826","post","type-post","status-publish","format-standard","hentry","category-genel","tag-ciktilar","tag-icin","tag-istanbul","tag-otobuslerle","tag-secimi","tag-yola"],"jetpack_publicize_connections":[],"jetpack_featured_media_url":"","jetpack_sharing_enabled":true,"jetpack_shortlink":"https:\/\/wp.me\/paKIfm-IXw","_links":{"self":[{"href":"http:\/\/www.tvturk.com\/index.php\/wp-json\/wp\/v2\/posts\/172826","targetHints":{"allow":["GET"]}}],"collection":[{"href":"http:\/\/www.tvturk.com\/index.php\/wp-json\/wp\/v2\/posts"}],"about":[{"href":"http:\/\/www.tvturk.com\/index.php\/wp-json\/wp\/v2\/types\/post"}],"author":[{"embeddable":true,"href":"http:\/\/www.tvturk.com\/index.php\/wp-json\/wp\/v2\/users\/1"}],"replies":[{"embeddable":true,"href":"http:\/\/www.tvturk.com\/index.php\/wp-json\/wp\/v2\/comments?post=172826"}],"version-history":[{"count":0,"href":"http:\/\/www.tvturk.com\/index.php\/wp-json\/wp\/v2\/posts\/172826\/revisions"}],"wp:attachment":[{"href":"http:\/\/www.tvturk.com\/index.php\/wp-json\/wp\/v2\/media?parent=172826"}],"wp:term":[{"taxonomy":"category","embeddable":true,"href":"http:\/\/www.tvturk.com\/index.php\/wp-json\/wp\/v2\/categories?post=172826"},{"taxonomy":"post_tag","embeddable":true,"href":"http:\/\/www.tvturk.com\/index.php\/wp-json\/wp\/v2\/tags?post=172826"}],"curies":[{"name":"wp","href":"https:\/\/api.w.org\/{rel}","templated":true}]}}