{"id":172836,"date":"2019-06-22T16:32:16","date_gmt":"2019-06-22T13:32:16","guid":{"rendered":"http:\/\/www.tvturk.com\/index.php\/galatasaray-kadin-voleybol-takimindan-4-imza\/"},"modified":"2019-06-22T16:32:16","modified_gmt":"2019-06-22T13:32:16","slug":"galatasaray-kadin-voleybol-takimindan-4-imza","status":"publish","type":"post","link":"http:\/\/www.tvturk.com\/index.php\/galatasaray-kadin-voleybol-takimindan-4-imza\/","title":{"rendered":"Galatasaray Kad\u0131n Voleybol Tak\u0131m\u0131\u2019ndan 4 imza"},"content":{"rendered":"<p>Galatasaray HDI Sigorta Kad\u0131n Voleybol Tak\u0131m\u0131, tak\u0131ma yeni kat\u0131lan Alesia Rikhliuk ile Anthi Vasilantonaki ve s\u00f6zle\u015fme uzatt\u0131\u011f\u0131 Gizem Karaday\u0131 ve Derya \u00c7ay\u0131rgan i\u00e7in T\u00fcrk Telekom Stadyumu\u2019nda imza t\u00f6reni d\u00fczenledi.<\/p>\n<p>Galatasaray Kad\u0131n Voleybol Tak\u0131m\u0131, tak\u0131ma yeni kat\u0131lan Alesia Rikhliuk ile Anthi Vasilantonaki ve s\u00f6zle\u015fme uzatt\u0131\u011f\u0131 Gizem Karaday\u0131 ve Derya \u00c7ay\u0131rgan i\u00e7in imza t\u00f6reni ger\u00e7ekle\u015ftirdi. \u0130mza t\u00f6reni \u00f6ncesi Galatasaray Ba\u015fkan\u0131 Mustafa Cengiz, oyuncular\u0131 makam\u0131nda a\u011f\u0131rlad\u0131. Ali Sami Yen Spor Kompleksi T\u00fcrk Telekom Stadyumu d\u00fczenlenen imza t\u00f6renine Voleybol \u015eubesinden Sorumlu Y\u00f6netim Kurulu \u00dcyesi Okan B\u00f6ke, Galatasaray Spor Kul\u00fcb\u00fc Muhas\u0131p \u00dcyesi Dorukhan Acar ve Tak\u0131m Menajeri Nihan G\u00fcneyligil kat\u0131ld\u0131. Sar\u0131-k\u0131rm\u0131z\u0131l\u0131lar, Alesia Rikhliuk ile 2, Anthi Vasilantonaki ile 1 y\u0131ll\u0131k s\u00f6zle\u015fme imzalarken, Gizem Karaday\u0131 ile de 2 y\u0131ll\u0131k s\u00f6zle\u015fme yeniledi. Derya \u00c7ay\u0131rgan\u2019\u0131n ise 2 y\u0131ll\u0131k s\u00f6zle\u015fmesi bulunuyor.<\/p>\n<p>Okan B\u00f6ke: &#8220;\u0130yi bir haz\u0131rl\u0131k d\u00f6nemi ge\u00e7irerek umutla bakmak i\u00e7in sab\u0131rs\u0131zl\u0131kla bekliyoruz&#8221;<\/p>\n<p>\u0130mza t\u00f6reninde konu\u015fan Voleybol \u015eubesinden Sorumlu Y\u00f6netim Kurulu \u00dcyesi Okan B\u00f6ke, &#8220;Galatasaray\u2019\u0131n yeni oyuncular\u0131 Alesia Rikhliuk, Anthi Vasilantonaki, kontrat\u0131n\u0131 uzatt\u0131\u011f\u0131m\u0131z kaptan Gizem ve yeni kat\u0131lan Derya\u2019n\u0131n imza t\u00f6reni i\u00e7in buraday\u0131z. Biz bu sene transferlere esas\u0131nda \u00e7ok \u00f6nceden ba\u015flad\u0131k, bitirdik ama baz\u0131 ilkeler do\u011frultusunda a\u00e7\u0131klamay\u0131 sona b\u0131rakt\u0131k. K\u0131zlar\u0131m\u0131z\u0131n \u00e7o\u011funun milli tak\u0131mda g\u00f6revleri devam ediyor. Sa\u011f olsunlar izin al\u0131p geldiler. Biz de bu vesile ile hem onlar\u0131 size tan\u0131tal\u0131m hem de yeni sezonda kurdu\u011fumuz tak\u0131m\u0131n baz\u0131 detaylar\u0131n\u0131 verelim istedik. Biz de bu yolda transferlerimizi ger\u00e7ekle\u015ftirdik. Ge\u00e7en seneki iskeletimizi koruyarak, birka\u00e7 takviyeyle bizden ayr\u0131lan arkada\u015flar\u0131m\u0131z\u0131n yerini doldurarak, \u00f6n\u00fcm\u00fczdeki sene i\u00e7in in\u015fallah iyi bir haz\u0131rl\u0131k d\u00f6nemi ge\u00e7irerek umutla bakmak i\u00e7in sab\u0131rs\u0131zl\u0131kla bekliyoruz&#8221; \u015feklinde konu\u015ftu.<\/p>\n<p>Kul\u00fcp Muhas\u0131p \u00dcyesi Dorukhan Acar, b\u00fct\u00fcn \u015fubelerde liderlik hedeflerinin her zaman s\u00fcrd\u00fc\u011f\u00fcn\u00fc belirterek, &#8220;O do\u011frultuda b\u00fct\u00fcn \u015fubelerde hem maddi hem manevi elimizden gelen her \u015feyi yapmaya \u00e7al\u0131\u015f\u0131yoruz. Bu da g\u00fczel bir sezonun start\u0131 olsun her \u015fubemiz ve voleybol i\u00e7in. Burada olmaktan da \u00e7ok keyif al\u0131yoruz \u015fu an&#8221; diye konu\u015ftu.<\/p>\n<p>Nihan G\u00fcneyligil: &#8220;Hedefimiz CEV Kupas\u0131\u2019n\u0131 m\u00fczemize kazand\u0131rmak&#8221;<\/p>\n<p>Yeni kat\u0131lan ve tak\u0131mla devam etmek isteyen oyunculara te\u015fekk\u00fcr eden Tak\u0131m Menajeri Nihan G\u00fcneyligil, &#8220;G\u00fczel bir sezon olacak. Heyecanla ve umutla A\u011fustos &#8211; Eyl\u00fcl ay\u0131n\u0131n gelmesini bekliyorum kendi ad\u0131ma. Galatasaray formas\u0131 ve armas\u0131yla yar\u0131\u015f\u0131yorsak ba\u015fka bir hedef d\u00fc\u015f\u00fcnmek m\u00fcmk\u00fcn de\u011fildir. Tabii ki hedefimiz en sonuna kadar gitmek. \u00c7ok istedi\u011fimiz CEV Kupas\u0131\u2019n\u0131 m\u00fczemize kazand\u0131rmak. Ge\u00e7en sene istedi\u011fimiz olmad\u0131. Sporun i\u00e7erisinde bu da var. Tam anlam\u0131yla bir i\u015f kazas\u0131yd\u0131. Bir daha olmamas\u0131n\u0131 temenni ediyorum&#8221; ifadelerini kulland\u0131.<\/p>\n<p>Galatasaray ile 2 y\u0131l s\u00f6zle\u015fme uzatan tak\u0131m kaptan\u0131 Gizem Karaday\u0131, \u201cTekrar burada oldu\u011fum i\u00e7in \u00e7ok mutluyum. Bu g\u00fczel ailenin bir par\u00e7as\u0131 olmaktan her zaman gurur duyuyorum. \u0130n\u015fallah g\u00fczel bir sezon olacak&#8221; diye konu\u015ftu.<\/p>\n<p>Tekrar Galatasaray\u2019a d\u00f6nd\u00fc\u011f\u00fc i\u00e7in \u00e7ok mutlu oldu\u011funu s\u00f6yleyen Derya \u00c7ay\u0131rgan ise, \u201cBa\u015far\u0131l\u0131, kazas\u0131z ve belas\u0131z bir sezon olmas\u0131n\u0131 diliyorum&#8221; de\u011ferlendirmesinde bulundu.<\/p>\n<p>Yeni transferler Alesia Rikhliuk ile Anthi Vasilantonaki ise Galatasaray\u2019a transfer olduklar\u0131n\u0131 i\u00e7in mutlu olduklar\u0131n\u0131 dile getirdi.<\/p>\n","protected":false},"excerpt":{"rendered":"<p>GALATASARAY HDI S\u0130GORTA KADIN VOLEYBOL TAKIMI, TAKIMA YEN\u0130 KATILAN ALES\u0130A R\u0130KHL\u0130UK \u0130LE ANTH\u0130 VAS\u0130LANTONAK\u0130 VE S\u00d6ZLE\u015eME UZATTI\u011eI G\u0130ZEM KARADAYI VE DERYA \u00c7AYIRGAN \u0130\u00c7\u0130N T\u00dcRK TELEKOM STADYUMU&#8217;NDA \u0130MZA T\u00d6REN\u0130 D\u00dcZENLED\u0130.<\/p>\n","protected":false},"author":1,"featured_media":0,"comment_status":"closed","ping_status":"open","sticky":false,"template":"","format":"standard","meta":{"jetpack_post_was_ever_published":false,"_jetpack_newsletter_access":"","_jetpack_dont_email_post_to_subs":false,"_jetpack_newsletter_tier_id":0,"_jetpack_memberships_contains_paywalled_content":false,"_jetpack_memberships_contains_paid_content":false,"footnotes":"","jetpack_publicize_message":"","jetpack_publicize_feature_enabled":true,"jetpack_social_post_already_shared":true,"jetpack_social_options":{"image_generator_settings":{"template":"highway","default_image_id":0,"font":"","enabled":false},"version":2}},"categories":[657],"tags":[1976,4434,108,22501,4366],"class_list":["post-172836","post","type-post","status-publish","format-standard","hentry","category-spor","tag-galatasaray","tag-imza","tag-kadin","tag-takimindan","tag-voleybol"],"jetpack_publicize_connections":[],"jetpack_featured_media_url":"","jetpack_sharing_enabled":true,"jetpack_shortlink":"https:\/\/wp.me\/paKIfm-IXG","_links":{"self":[{"href":"http:\/\/www.tvturk.com\/index.php\/wp-json\/wp\/v2\/posts\/172836","targetHints":{"allow":["GET"]}}],"collection":[{"href":"http:\/\/www.tvturk.com\/index.php\/wp-json\/wp\/v2\/posts"}],"about":[{"href":"http:\/\/www.tvturk.com\/index.php\/wp-json\/wp\/v2\/types\/post"}],"author":[{"embeddable":true,"href":"http:\/\/www.tvturk.com\/index.php\/wp-json\/wp\/v2\/users\/1"}],"replies":[{"embeddable":true,"href":"http:\/\/www.tvturk.com\/index.php\/wp-json\/wp\/v2\/comments?post=172836"}],"version-history":[{"count":0,"href":"http:\/\/www.tvturk.com\/index.php\/wp-json\/wp\/v2\/posts\/172836\/revisions"}],"wp:attachment":[{"href":"http:\/\/www.tvturk.com\/index.php\/wp-json\/wp\/v2\/media?parent=172836"}],"wp:term":[{"taxonomy":"category","embeddable":true,"href":"http:\/\/www.tvturk.com\/index.php\/wp-json\/wp\/v2\/categories?post=172836"},{"taxonomy":"post_tag","embeddable":true,"href":"http:\/\/www.tvturk.com\/index.php\/wp-json\/wp\/v2\/tags?post=172836"}],"curies":[{"name":"wp","href":"https:\/\/api.w.org\/{rel}","templated":true}]}}