{"id":172860,"date":"2019-06-22T17:16:43","date_gmt":"2019-06-22T14:16:43","guid":{"rendered":"http:\/\/www.tvturk.com\/index.php\/kafadan-yapisik-siyam-ikizleri-ameliyatla-ayrilarak-saglikli-bir-sekilde-yasamlarini-surdurmelerini-hayal-ediyor\/"},"modified":"2019-06-22T17:16:43","modified_gmt":"2019-06-22T14:16:43","slug":"kafadan-yapisik-siyam-ikizleri-ameliyatla-ayrilarak-saglikli-bir-sekilde-yasamlarini-surdurmelerini-hayal-ediyor","status":"publish","type":"post","link":"http:\/\/www.tvturk.com\/index.php\/kafadan-yapisik-siyam-ikizleri-ameliyatla-ayrilarak-saglikli-bir-sekilde-yasamlarini-surdurmelerini-hayal-ediyor\/","title":{"rendered":"Kafadan yap\u0131\u015f\u0131k siyam ikizleri ameliyatla ayr\u0131larak sa\u011fl\u0131kl\u0131 bir \u015fekilde ya\u015famlar\u0131n\u0131 s\u00fcrd\u00fcrmelerini hayal ediyor"},"content":{"rendered":"<p>Antalya\u2019n\u0131n Alanya il\u00e7esinde sezaryenle d\u00fcnyaya gelen siyam ikizleri bir ya\u015f\u0131na girdi. Siyam ikizlerinin annesi ameliyat olma karar\u0131 a\u015famas\u0131na gelindi\u011finde bize b\u0131rakt\u0131lar. \u2018Bu \u00e7ocuklar\u0131n biri \u00f6lecek, di\u011feri ya\u015fayacak, ya\u015fayan\u0131n da fel\u00e7 kalma ihtimali var\u2019 dendi. Biz de bunlar\u0131 g\u00f6ze alarak bu ameliyat\u0131 yapt\u0131rmak istemedik. Karar\u0131m net ama e\u015fimle beraber yurtd\u0131\u015f\u0131nda ara\u015ft\u0131rmalar\u0131m\u0131z oldu. Orada daha profesyonel \u015fekilde ilerliyor. Burada bu ameliyat\u0131n olmayaca\u011f\u0131n\u0131 anlad\u0131k\u201d \u015feklinde konu\u015ftu.<\/p>\n<p>Alanya\u2019da ev han\u0131m\u0131 Fatma (33) ile turizm sekt\u00f6r\u00fcnde \u00e7al\u0131\u015fan e\u015fi \u00d6mer Evrensel\u2019in (44) ba\u015flar\u0131ndan yap\u0131\u015f\u0131k erkek ikiz bebekleri 21 Haziran 2018\u2019de sezaryenle d\u00fcnyaya gelmi\u015fti. Evrensel ailesinin Derman ve Yi\u011fit isimlerini verdikleri siyam ikizleri, bir ya\u015f\u0131n\u0131 girdi. Emeklemeye ba\u015flayan siyam ikizleri, aya\u011fa kalkmaya \u00e7al\u0131\u015ft\u0131\u011f\u0131 ve biri a\u011flarken di\u011feri de g\u00fclebildi\u011fi oluyor. Kafalar\u0131 farkl\u0131 y\u00f6nde bakt\u0131\u011f\u0131 i\u00e7in ayn\u0131 anda ayn\u0131 noktaya bakamayan ikizler, hamaktan \u00f6zel yap\u0131lan be\u015fikte uyuyor. \u0130kizlerin b\u00fcy\u00fcd\u00fck\u00e7e bak\u0131mlar\u0131n\u0131n da zorla\u015ft\u0131\u011f\u0131, art\u0131k birbirlerine istemeden de olsa zarar vermeye ba\u015flad\u0131klar\u0131n\u0131 g\u00f6zlemleniyor. \u0130kizler, bir an \u00f6nce ameliyatla ayr\u0131larak sa\u011fl\u0131kl\u0131 bir \u015fekilde ya\u015famlar\u0131n\u0131 s\u00fcrd\u00fcrmelerini hayal ediyor. \u00c7ok hareketli olduklar\u0131 i\u00e7in g\u00fcn\u00fcn her saati ikizleriyle ilgilenen, s\u00fcrekli y\u00f6nlerini de\u011fi\u015ftirerek oynatmaya \u00e7al\u0131\u015fan, a\u011flad\u0131klar\u0131nda birini s\u0131rt\u0131na di\u011ferini kuca\u011f\u0131na almaya \u00e7al\u0131\u015fan anne Fatma Evrensel, o\u011flu 13 ya\u015f\u0131ndaki K\u00fcr\u015fat\u2019\u0131n da yard\u0131m\u0131yla bebeklerin bak\u0131m\u0131n\u0131 ger\u00e7ekle\u015ftiriyor.<\/p>\n<p>\u201cBu s\u00fcre\u00e7 hi\u00e7 kolay de\u011fildi\u201d<\/p>\n<p>\u00c7ok zor bir s\u00fcre\u00e7 ge\u00e7irdiklerini ifade eden anne Fatma Evrensel, ikizleriyle do\u011fumdan bug\u00fcne kadar ya\u015fad\u0131klar\u0131n\u0131 anlatt\u0131. Evrensel,\u201d \u0130kizlerim do\u011fumdan sonra 15 g\u00fcn yo\u011fun bak\u0131mda kald\u0131. O s\u00fcre\u00e7 i\u00e7inde hastaneye s\u00fcrekli gittik geldik. Bu s\u00fcre\u00e7 hi\u00e7 kolay de\u011fildi \u00e7\u00fcnk\u00fc her seferinde acil gelin dendi ve biz diken \u00fczerindeydik. \u015e\u00fck\u00fcr 15 g\u00fcn\u00fcn sonunda normal odaya ald\u0131lar. Burada 5-6 g\u00fcn kald\u0131k ve sonra evimize geldik\u201d dedi.<\/p>\n<p>\u2018\u0130kizleri biran olsun yaln\u0131z b\u0131rakam\u0131yorum\u2019<\/p>\n<p>E\u015fi \u00e7al\u0131\u015ft\u0131\u011f\u0131 i\u00e7in yaln\u0131z ba\u015f\u0131na ikizlere bakt\u0131\u011f\u0131n\u0131 aktaran anne Evrensel, \u00e7ok zor anlar ya\u015fad\u0131\u011f\u0131n\u0131 belirtti. Evrensel,\u201d Haliyle yaln\u0131z\u0131m, ona ko\u015ftur, buna ko\u015ftur, mamas\u0131, k\u0131yafetleri, temizli\u011fi ve banyosu zor oluyor. \u0130kizlerin sadece banyosunu babas\u0131yla yapt\u0131r\u0131yoruz ve geriye kalan i\u015fleri ben yap\u0131yorum. En \u00e7ok uyumalar\u0131, \u00fcst de\u011fi\u015ftirmeleri zorluyor. Gece uykular\u0131 biraz iyi ama g\u00fcnd\u00fcz biri uyuyor biri uyumuyor. Biri a\u011flarken di\u011feri g\u00fclebiliyor. En b\u00fcy\u00fck zorluklar\u0131ndan biri ise bir an olsun yaln\u0131z b\u0131rakam\u0131yorum.  S\u00fcrek yanlar\u0131ndan ilgilenecek birilerinin olmas\u0131 laz\u0131m. \u00c7ok ilgi istiyorlar, biri televizyona bakarken di\u011feri haliyle bakam\u0131yor. Haliyle di\u011ferini ba\u015fka bir \u015feylerle oyal\u0131yorum\u201d diye konu\u015ftu.<\/p>\n<p>\u201c\u0130kizlerimizi rahat ettirmek i\u00e7in s\u00fcrekli yeni bir \u015feyler \u00fcretiyoruz\u201d<\/p>\n<p>\u0130kizlerin rahat bir \u015fekilde zarar g\u00f6rmeden hayatlar\u0131n\u0131n s\u00fcrd\u00fcrmeleri i\u00e7in \u00e7\u00f6z\u00fcmler \u00fcrettiklerinin anlatan anne Evrensel,\u201d Bizim \u00e7ocuk hama\u011f\u0131m\u0131z vard\u0131. Ona ilk ba\u015fta tek  s\u0131\u011fa biliyorlard\u0131. B\u00fcy\u00fcd\u00fckleri i\u00e7in \u015fimdi art\u0131k ona s\u0131\u011fmay\u0131nca e\u015fimle beraber uzatt\u0131k onu ve normal bir yatak geline getirdik. \u0130kizlerimizi rahat ettirmek i\u00e7in s\u00fcrekli yeni bir \u015feyler \u00fcretiyoruz\u201d ifadelerini kulland\u0131.<\/p>\n<p>Ameliyat olmalar\u0131 i\u00e7in birka\u00e7 hastaneye ba\u015fvurduklar\u0131n\u0131 s\u00f6yleyen Evrensel \u015funlar\u0131 s\u00f6yledi:\u201d \u0130kizlerin ameliyat olmas\u0131 i\u00e7in birka\u00e7 hastaneye gittik. \u0130stanbul\u2019da bir merkeze gittik.  Orada b\u00fct\u00fcn tetkikleri yap\u0131ld\u0131. Karar a\u015famas\u0131na gelindi\u011finde karar\u0131 bize b\u0131rakt\u0131lar. \u2018Bu \u00e7ocuklar\u0131n biri \u00f6lecek, di\u011feri ya\u015fayacak, ya\u015fayan\u0131n da fel\u00e7 kalma ihtimali var\u2019 dendi. Bizde bunlar\u0131 g\u00f6ze alarak bu ameliyat\u0131 yapt\u0131rmak istemedik. Karar\u0131m net ama e\u015fimle beraber yurtd\u0131\u015f\u0131nda ara\u015ft\u0131rmalar\u0131m\u0131z oldu. Orada daha profesyonel \u015fekilde ilerliyor. Burada bu ameliyat\u0131n olmayaca\u011f\u0131n\u0131 anlad\u0131k\u201d \u015feklinde konu\u015ftu.<\/p>\n<p>\u201cEmine Erdo\u011fan\u2019dan Allah raz\u0131 olsun, \u00e7ok ilgilendi\u201d<\/p>\n<p>Bu s\u00fcre\u00e7te yard\u0131mc\u0131 olanlara da s\u00f6zlerine ekleyen Evrensel,\u201d Devletimizden Allah raz\u0131 olsun. Cumhurba\u015fkan\u0131 Recep Tayyip Erdo\u011fan\u2019\u0131n e\u015fi Emine Erdo\u011fan\u2019dan Allah raz\u0131 olsun, \u00e7ok ilgilendi ve hastanede de ziyaretimize geldi. Vak\u0131f m\u00fcd\u00fcr\u00fcm\u00fcz, il\u00e7e m\u00fcd\u00fcr\u00fcm\u00fcz daha ismimi sayamad\u0131\u011f\u0131m bir\u00e7ok ki\u015fi hepsinden Allah raz\u0131 olsun.\u201d<\/p>\n","protected":false},"excerpt":{"rendered":"<p>ANTALYA\u2019NIN ALANYA \u0130L\u00c7ES\u0130NDE SEZARYENLE D\u00dcNYAYA GELEN S\u0130YAM \u0130K\u0130ZLER\u0130 B\u0130R YA\u015eINA G\u0130RD\u0130. S\u0130YAM \u0130K\u0130ZLER\u0130N\u0130N ANNES\u0130 AMEL\u0130YAT OLMA KARARI A\u015eAMASINA GEL\u0130ND\u0130\u011e\u0130NDE B\u0130ZE BIRAKTILAR. \u2018BU \u00c7OCUKLARIN B\u0130R\u0130 \u00d6LECEK, D\u0130\u011eER\u0130 YA\u015eAYACAK, YA\u015eAYANIN DA FEL\u00c7 KALMA \u0130HT\u0130MAL\u0130 VAR\u2019 DEND\u0130. B\u0130Z DE BUNLARI G\u00d6ZE ALARAK BU AMEL\u0130YATI YAPTIRMAK \u0130STEMED\u0130K. KARARIM NET AMA E\u015e\u0130MLE BERABER YURTDI\u015eINDA ARA\u015eTIRMALARIMIZ OLDU. ORADA DAHA PROFESYONEL \u015eEK\u0130LDE \u0130LERL\u0130YOR. BURADA BU AMEL\u0130YATIN OLMAYACA\u011eINI ANLADIK\u201d \u015eEKL\u0130NDE KONU\u015eTU.<\/p>\n","protected":false},"author":1,"featured_media":0,"comment_status":"closed","ping_status":"open","sticky":false,"template":"","format":"standard","meta":{"jetpack_post_was_ever_published":false,"_jetpack_newsletter_access":"","_jetpack_dont_email_post_to_subs":false,"_jetpack_newsletter_tier_id":0,"_jetpack_memberships_contains_paywalled_content":false,"_jetpack_memberships_contains_paid_content":false,"footnotes":"","jetpack_publicize_message":"","jetpack_publicize_feature_enabled":true,"jetpack_social_post_already_shared":true,"jetpack_social_options":{"image_generator_settings":{"template":"highway","default_image_id":0,"font":"","enabled":false},"version":2}},"categories":[1],"tags":[2265,12634,41874,125,523,40998,41767,1648,7428,40875,41876,9474,41875],"class_list":["post-172860","post","type-post","status-publish","format-standard","hentry","category-genel","tag-hayal","tag-ameliyatla","tag-ayrilarak","tag-bir","tag-ediyor","tag-ikizleri","tag-kafadan","tag-saglikli","tag-sekilde","tag-siyam","tag-surdurmelerini","tag-yapisik","tag-yasamlarini"],"jetpack_publicize_connections":[],"jetpack_featured_media_url":"","jetpack_sharing_enabled":true,"jetpack_shortlink":"https:\/\/wp.me\/paKIfm-IY4","_links":{"self":[{"href":"http:\/\/www.tvturk.com\/index.php\/wp-json\/wp\/v2\/posts\/172860","targetHints":{"allow":["GET"]}}],"collection":[{"href":"http:\/\/www.tvturk.com\/index.php\/wp-json\/wp\/v2\/posts"}],"about":[{"href":"http:\/\/www.tvturk.com\/index.php\/wp-json\/wp\/v2\/types\/post"}],"author":[{"embeddable":true,"href":"http:\/\/www.tvturk.com\/index.php\/wp-json\/wp\/v2\/users\/1"}],"replies":[{"embeddable":true,"href":"http:\/\/www.tvturk.com\/index.php\/wp-json\/wp\/v2\/comments?post=172860"}],"version-history":[{"count":0,"href":"http:\/\/www.tvturk.com\/index.php\/wp-json\/wp\/v2\/posts\/172860\/revisions"}],"wp:attachment":[{"href":"http:\/\/www.tvturk.com\/index.php\/wp-json\/wp\/v2\/media?parent=172860"}],"wp:term":[{"taxonomy":"category","embeddable":true,"href":"http:\/\/www.tvturk.com\/index.php\/wp-json\/wp\/v2\/categories?post=172860"},{"taxonomy":"post_tag","embeddable":true,"href":"http:\/\/www.tvturk.com\/index.php\/wp-json\/wp\/v2\/tags?post=172860"}],"curies":[{"name":"wp","href":"https:\/\/api.w.org\/{rel}","templated":true}]}}