{"id":172864,"date":"2019-06-22T17:31:46","date_gmt":"2019-06-22T14:31:46","guid":{"rendered":"http:\/\/www.tvturk.com\/index.php\/hititlerin-baskentinde-baris-gunleri-etkinlikleri\/"},"modified":"2019-06-22T17:31:46","modified_gmt":"2019-06-22T14:31:46","slug":"hititlerin-baskentinde-baris-gunleri-etkinlikleri","status":"publish","type":"post","link":"http:\/\/www.tvturk.com\/index.php\/hititlerin-baskentinde-baris-gunleri-etkinlikleri\/","title":{"rendered":"Hititlerin ba\u015fkentinde \u201cBar\u0131\u015f G\u00fcnleri\u201d etkinlikleri"},"content":{"rendered":"<p>\u00c7orum\u2019un Bo\u011fazkale Kaymakaml\u0131\u011f\u0131 taraf\u0131ndan UNESCO\u2019nun \u201cD\u00fcnya K\u00fclt\u00fcr Miras\u0131 Listesinde\u201d ve \u201cD\u00fcnya Belle\u011fi Listesinde\u201d yer alan Hititlerin ba\u015fkenti Hattu\u015fa\u2019n\u0131n sahip oldu\u011fu k\u00fclt\u00fcrel miras\u0131n korunmas\u0131, tan\u0131t\u0131lmas\u0131 amac\u0131yla Hattu\u015fa Bar\u0131\u015f G\u00fcnleri d\u00fczenlendi.<\/p>\n<p>Bar\u0131\u015f G\u00fcnleri kapsam\u0131nda d\u00fczenlenen a\u00e7\u0131l\u0131\u015f t\u00f6reninde konu\u015fan Vali Mustafa \u00c7ift\u00e7i, Anadolu\u2019nun tarih boyunca kadim medeniyetlerin h\u00fck\u00fcm s\u00fcrd\u00fc\u011f\u00fc bir co\u011frafya oldu\u011funu ve bu medeniyetlere ev sahipli\u011fi yapt\u0131\u011f\u0131n\u0131 belirterek, d\u00fcnya medeniyet tarihinin en parlak sayfalar\u0131n\u0131n bu topraklarda yaz\u0131ld\u0131\u011f\u0131n\u0131 s\u00f6yledi.<\/p>\n<p>Medeniyetler ge\u00e7idine sahne olan Anadolu co\u011frafyas\u0131n\u0131n kadim medeniyetlere ait olan paha bi\u00e7ilemez hazineleri g\u00fcn\u00fcm\u00fcze kadar saklad\u0131\u011f\u0131n\u0131n alt\u0131n\u0131 \u00e7izen Vali \u00c7ift\u00e7i, \u201cBundan dolay\u0131 \u00fclkemiz ve \u00c7orum a\u00e7\u0131k hava m\u00fczesini and\u0131rmaktad\u0131r. Bu a\u00e7\u0131k hava m\u00fczesinin nadide eserlerinden birisi olan Hattu\u015fa antik kenti de \u00c7orum\u2019da Hitit imparatorlu\u011funun ba\u015fkenti olarak y\u00fczy\u0131llar boyunca \u00f6nemli bir merkez olma h\u00fcviyetini kazanm\u0131\u015ft\u0131r\u201d dedi.<\/p>\n<p>Hititlerin getirdi\u011fi bir tak\u0131m yeniliklerin bulundu\u011funu anlatan \u00c7ift\u00e7i, \u201c\u0130lki defa merkezi idareyi, merkezi \u00f6rg\u00fctlenmeyi sa\u011flayan bir devlet yap\u0131lanmas\u0131n\u0131 kurmu\u015ftur. Ard\u0131ndan Tanku\u015f ad\u0131 verilen ilk meclisi olu\u015fturmu\u015ftur. Medeni hukuk, miras hukuku ve aile hukuku ile kentsel alt yap\u0131 uygulamalar\u0131 ile d\u00fcnya medeniyet tarihinde \u00f6nemli bir yer alm\u0131\u015ft\u0131r. Yine Hitit imparatorlu\u011fu denilince d\u00f6nemin di\u011fer s\u00fcper g\u00fcc\u00fc olan M\u0131s\u0131r imparatorlu\u011fu ile yapt\u0131\u011f\u0131 Kade\u015f Bar\u0131\u015f antla\u015fmas\u0131n\u0131 da bar\u0131\u015f i\u00e7erisinde ya\u015faman\u0131n en g\u00fczel \u00f6rneklerinden birisi olarak de\u011ferlendirebiliriz. Bundan dolay\u0131 Birle\u015fmi\u015f Milletler kap\u0131s\u0131n\u0131n giri\u015finde Kade\u015f Bar\u0131\u015f Antla\u015fmas\u0131\u2019n\u0131n b\u00fcy\u00fct\u00fclm\u00fc\u015f hali insanl\u0131k alemine ibret olmas\u0131 i\u00e7in as\u0131lm\u0131\u015ft\u0131r ve halen orada durmaktad\u0131r. Dolays\u0131yla insanl\u0131k aleminin Hitit medeniyetinden \u00f6\u011frenece\u011fi \u00e7ok \u015fey vard\u0131r. Bizim inanc\u0131m\u0131zda ge\u00e7mi\u015f milletlere ait, kavimlere ait yerlerin gezilmesini, g\u00f6r\u00fclmesini, onlardan ibret al\u0131nmas\u0131n\u0131 ve insanl\u0131k ad\u0131na ders \u00e7\u0131kar\u0131lmas\u0131n\u0131 \u00f6\u011f\u00fctlemektedir\u201d ifadelerini kulland\u0131.<\/p>\n<p>Hitit medeniyetinin d\u00fcnyaya tan\u0131t\u0131lmas\u0131 ve anlat\u0131lmas\u0131 i\u00e7in ortaya konulacak her \u00e7aba ile ad\u0131m\u0131n bu medeniyete ait zenginliklerin g\u00fcn\u00fcm\u00fcze ta\u015f\u0131nmas\u0131n\u0131 sa\u011flayaca\u011f\u0131n\u0131 ayn\u0131 zamanda d\u00fcnya bar\u0131\u015f\u0131 i\u00e7inde \u00f6nemli bir ad\u0131m olaca\u011f\u0131n\u0131n alt\u0131n\u0131 \u00e7izen Vali \u00c7ift\u00e7i, insanl\u0131\u011f\u0131n ortak miras\u0131 olan bu hazinelerin payla\u015f\u0131lmas\u0131 ve t\u00fcm insanl\u0131\u011fa mal edilmesi ancak bu de\u011ferli miras\u0131 tan\u0131mak ve tan\u0131tmak suretiyle m\u00fcmk\u00fcn oldu\u011funu vurgulad\u0131.<\/p>\n<p>\u00c7ift\u00e7i, etkinlikler kapsam\u0131nda bu Hititlerin tan\u0131t\u0131laca\u011f\u0131n\u0131 ve kadim medeniyete ait zenginliklerin de payla\u015f\u0131lm\u0131\u015f olaca\u011f\u0131n\u0131 s\u00f6zlerine ekledi.<\/p>\n<p>Bo\u011fazkale Kaymakam\u0131 Yunus Ataman ise Hattu\u015fa\u2019n\u0131n yakla\u015f\u0131k 450 y\u0131l Hitit medeniyetine ba\u015fkentlik yapt\u0131\u011f\u0131n\u0131 s\u00f6yledi.<\/p>\n<p>Bo\u011fazkale\u2019nin Anadolu\u2019nun da ilk ba\u015fkenti olma h\u00fcviyetine sahip en \u00f6nemli tarihi kentlerden birisi oldu\u011funu dile getiren Ataman, \u015fehrin ayn\u0131 zamanda hem UNESCO D\u00fcnya K\u00fclt\u00fcr Miras\u0131 listesinde ayn\u0131 zamanda \u00e7\u0131kar\u0131lan kil tabletleri nedeniyle D\u00fcnya K\u00fclt\u00fcr Belle\u011fi listesindeki tek tarihi ba\u015fkent oldu\u011funa i\u015faret etti.<\/p>\n<p>Ataman, \u201cAnadolu\u2019da birlik ve b\u00fct\u00fcnl\u00fc\u011f\u00fc sa\u011flayan Ege\u2019den Suriye topraklar\u0131na kadar bu geni\u015f co\u011frafyay\u0131 tek \u00e7at\u0131 alt\u0131nda toplayarak birle\u015ftiren Hitit imparatorlu\u011funun y\u00f6netim merkezi olma \u00f6zelli\u011fine sahip bu kadim kentin tan\u0131nmas\u0131 bilinmesi \u00fclke i\u00e7inden ve d\u0131\u015f\u0131ndan daha \u00e7ok ziyaret\u00e7iye ev sahipli\u011fi yapmas\u0131 b\u00fcy\u00fck \u00f6nem arz etmektedir. Bo\u011fazkale Kaymakaml\u0131\u011f\u0131 olarak bu hedefi ger\u00e7ekle\u015ftirme ad\u0131na \u201cHattu\u015fa Bar\u0131\u015f G\u00fcnleri\u201dni d\u00fczenledik\u201d dedi.<\/p>\n<p>Konu\u015fmalar\u0131n ard\u0131ndan T\u00fcrk Hava Kurumu taraf\u0131ndan Paramotor, Model U\u00e7ak ve Microlight g\u00f6sterileri d\u00fczenlendi. Model u\u00e7ak g\u00f6sterileri b\u00fcy\u00fck be\u011feni toplad\u0131. Halk oyunlar\u0131, izci g\u00f6sterileri ve Hitit Defilesi ile \u00e7e\u015fitli etkinliklerin yer ald\u0131\u011f\u0131 program yar\u0131n ger\u00e7ekle\u015ftirilecek olan do\u011fa y\u00fcr\u00fcy\u00fc\u015f\u00fc ve \u201cSizin G\u00f6z\u00fcn\u00fczden Hattu\u015fa&#8221; slogan\u0131 ile d\u00fczenlenen Foto\u011fraf Yar\u0131\u015fmas\u0131 ve Foto Maratonu \u00f6d\u00fcl t\u00f6renin ard\u0131ndan sona erecek.<\/p>\n","protected":false},"excerpt":{"rendered":"<p>\u00c7ORUM\u2019UN BO\u011eAZKALE KAYMAKAMLI\u011eI TARAFINDAN UNESCO\u2019NUN \u201cD\u00dcNYA K\u00dcLT\u00dcR M\u0130RASI L\u0130STES\u0130NDE\u201d VE \u201cD\u00dcNYA BELLE\u011e\u0130 L\u0130STES\u0130NDE\u201d YER ALAN H\u0130T\u0130TLER\u0130N BA\u015eKENT\u0130 HATTU\u015eA\u2019NIN SAH\u0130P OLDU\u011eU K\u00dcLT\u00dcREL M\u0130RASIN KORUNMASI, TANITILMASI AMACIYLA HATTU\u015eA BARI\u015e G\u00dcNLER\u0130 D\u00dcZENLEND\u0130.<\/p>\n","protected":false},"author":1,"featured_media":0,"comment_status":"closed","ping_status":"open","sticky":false,"template":"","format":"standard","meta":{"jetpack_post_was_ever_published":false,"_jetpack_newsletter_access":"","_jetpack_dont_email_post_to_subs":false,"_jetpack_newsletter_tier_id":0,"_jetpack_memberships_contains_paywalled_content":false,"_jetpack_memberships_contains_paid_content":false,"footnotes":"","jetpack_publicize_message":"","jetpack_publicize_feature_enabled":true,"jetpack_social_post_already_shared":true,"jetpack_social_options":{"image_generator_settings":{"template":"highway","default_image_id":0,"font":"","enabled":false},"version":2}},"categories":[1],"tags":[4256,6323,2129,64,37885],"class_list":["post-172864","post","type-post","status-publish","format-standard","hentry","category-genel","tag-baris","tag-baskentinde","tag-etkinlikleri","tag-gunleri","tag-hititlerin"],"jetpack_publicize_connections":[],"jetpack_featured_media_url":"","jetpack_sharing_enabled":true,"jetpack_shortlink":"https:\/\/wp.me\/paKIfm-IY8","_links":{"self":[{"href":"http:\/\/www.tvturk.com\/index.php\/wp-json\/wp\/v2\/posts\/172864","targetHints":{"allow":["GET"]}}],"collection":[{"href":"http:\/\/www.tvturk.com\/index.php\/wp-json\/wp\/v2\/posts"}],"about":[{"href":"http:\/\/www.tvturk.com\/index.php\/wp-json\/wp\/v2\/types\/post"}],"author":[{"embeddable":true,"href":"http:\/\/www.tvturk.com\/index.php\/wp-json\/wp\/v2\/users\/1"}],"replies":[{"embeddable":true,"href":"http:\/\/www.tvturk.com\/index.php\/wp-json\/wp\/v2\/comments?post=172864"}],"version-history":[{"count":0,"href":"http:\/\/www.tvturk.com\/index.php\/wp-json\/wp\/v2\/posts\/172864\/revisions"}],"wp:attachment":[{"href":"http:\/\/www.tvturk.com\/index.php\/wp-json\/wp\/v2\/media?parent=172864"}],"wp:term":[{"taxonomy":"category","embeddable":true,"href":"http:\/\/www.tvturk.com\/index.php\/wp-json\/wp\/v2\/categories?post=172864"},{"taxonomy":"post_tag","embeddable":true,"href":"http:\/\/www.tvturk.com\/index.php\/wp-json\/wp\/v2\/tags?post=172864"}],"curies":[{"name":"wp","href":"https:\/\/api.w.org\/{rel}","templated":true}]}}