{"id":172878,"date":"2019-06-22T18:16:42","date_gmt":"2019-06-22T15:16:42","guid":{"rendered":"http:\/\/www.tvturk.com\/index.php\/motosiklet-festivali-ilgi-gordu\/"},"modified":"2019-06-22T18:16:42","modified_gmt":"2019-06-22T15:16:42","slug":"motosiklet-festivali-ilgi-gordu","status":"publish","type":"post","link":"http:\/\/www.tvturk.com\/index.php\/motosiklet-festivali-ilgi-gordu\/","title":{"rendered":"Motosiklet festivali ilgi g\u00f6rd\u00fc"},"content":{"rendered":"<p>Tokat\u2019ta ilki d\u00fczenlenen motosiklet festivalinde yap\u0131lan \u015fov g\u00f6sterileri ilgi g\u00f6rd\u00fc.<\/p>\n<p>Tokat\u2019ta birincisi d\u00fczenlenen motosiklet festivaline \u00fclkenin d\u00f6rt bir yan\u0131ndan gelen y\u00fczlerce motosiklet tutkunu kat\u0131ld\u0131. G\u00fcmenek mesire alan\u0131nda kamp kuran motosiklet tutkunlar\u0131 \u015fehrin tarihi ve turistik mekanlar\u0131n\u0131 gezdikten sonra Cumhuriyet Meydan\u0131\u2019nda d\u00fczenlenen programa kat\u0131ld\u0131. Vatanda\u015flar\u0131n yo\u011fun ilgi g\u00f6sterdi\u011fi motosiklet festivalinde, Stunt Rider Birkan Polat\u2019\u0131n motosikleti ile yapt\u0131\u011f\u0131 \u00f6zel g\u00f6steri nefesleri kesti. Motosiklet \u00fczerinde yapt\u0131\u011f\u0131 akrobatik hareketler alk\u0131\u015f toplayan Polat\u2019a, Tokat Valisi Ozan Balc\u0131, g\u00f6sterisinin ard\u0131ndan T\u00fcrk bayra\u011f\u0131 takdim etti. Polat, T\u00fcrk bayra\u011f\u0131 ile motosiklet \u00fczerinde tur atarak izleyicileri selamlad\u0131.<\/p>\n<p>Organizasyonu d\u00fczenleyen Tokat Motosiklet Kul\u00fcb\u00fc \u00fcyelerinden Murat \u015eahin, yo\u011fun ilgiden mutlu olduklar\u0131n\u0131 ifade ederek, \u201cBug\u00fcne kadar di\u011fer illerde g\u00f6r\u00fcyorduk neden Tokat\u2019ta olmas\u0131n, dedik. Tokat halk\u0131n\u0131n da b\u00f6yle bir organizasyonla tan\u0131\u015fmas\u0131n\u0131 istedik. Lokman ve H\u00fcseyin arkada\u015f\u0131m\u0131zla birlikte bu organizasyonu d\u00fczenledik. G\u00fczel bir organizasyon oldu\u201d diye konu\u015ftu.<\/p>\n","protected":false},"excerpt":{"rendered":"<p>TOKAT&#8217;TA \u0130LK\u0130 D\u00dcZENLENEN MOTOS\u0130KLET FEST\u0130VAL\u0130NDE YAPILAN \u015eOV G\u00d6STER\u0130LER\u0130 \u0130LG\u0130 G\u00d6RD\u00dc.<\/p>\n","protected":false},"author":1,"featured_media":0,"comment_status":"closed","ping_status":"open","sticky":false,"template":"","format":"standard","meta":{"jetpack_post_was_ever_published":false,"_jetpack_newsletter_access":"","_jetpack_dont_email_post_to_subs":false,"_jetpack_newsletter_tier_id":0,"_jetpack_memberships_contains_paywalled_content":false,"_jetpack_memberships_contains_paid_content":false,"footnotes":"","jetpack_publicize_message":"","jetpack_publicize_feature_enabled":true,"jetpack_social_post_already_shared":true,"jetpack_social_options":{"image_generator_settings":{"template":"highway","default_image_id":0,"font":"","enabled":false},"version":2}},"categories":[1],"tags":[3400,244,1726,1003],"class_list":["post-172878","post","type-post","status-publish","format-standard","hentry","category-genel","tag-festivali","tag-gordu","tag-ilgi","tag-motosiklet"],"jetpack_publicize_connections":[],"jetpack_featured_media_url":"","jetpack_sharing_enabled":true,"jetpack_shortlink":"https:\/\/wp.me\/paKIfm-IYm","_links":{"self":[{"href":"http:\/\/www.tvturk.com\/index.php\/wp-json\/wp\/v2\/posts\/172878","targetHints":{"allow":["GET"]}}],"collection":[{"href":"http:\/\/www.tvturk.com\/index.php\/wp-json\/wp\/v2\/posts"}],"about":[{"href":"http:\/\/www.tvturk.com\/index.php\/wp-json\/wp\/v2\/types\/post"}],"author":[{"embeddable":true,"href":"http:\/\/www.tvturk.com\/index.php\/wp-json\/wp\/v2\/users\/1"}],"replies":[{"embeddable":true,"href":"http:\/\/www.tvturk.com\/index.php\/wp-json\/wp\/v2\/comments?post=172878"}],"version-history":[{"count":0,"href":"http:\/\/www.tvturk.com\/index.php\/wp-json\/wp\/v2\/posts\/172878\/revisions"}],"wp:attachment":[{"href":"http:\/\/www.tvturk.com\/index.php\/wp-json\/wp\/v2\/media?parent=172878"}],"wp:term":[{"taxonomy":"category","embeddable":true,"href":"http:\/\/www.tvturk.com\/index.php\/wp-json\/wp\/v2\/categories?post=172878"},{"taxonomy":"post_tag","embeddable":true,"href":"http:\/\/www.tvturk.com\/index.php\/wp-json\/wp\/v2\/tags?post=172878"}],"curies":[{"name":"wp","href":"https:\/\/api.w.org\/{rel}","templated":true}]}}