{"id":172880,"date":"2019-06-22T18:16:45","date_gmt":"2019-06-22T15:16:45","guid":{"rendered":"http:\/\/www.tvturk.com\/index.php\/ardahanda-dolu-hayati-felc-etti\/"},"modified":"2019-06-22T18:16:45","modified_gmt":"2019-06-22T15:16:45","slug":"ardahanda-dolu-hayati-felc-etti","status":"publish","type":"post","link":"http:\/\/www.tvturk.com\/index.php\/ardahanda-dolu-hayati-felc-etti\/","title":{"rendered":"Ardahan\u2019da dolu hayat\u0131 fel\u00e7 etti"},"content":{"rendered":"<p>Ardahan\u2019da etkili olan dolu ya\u011f\u0131\u015f\u0131 hayat\u0131 fel\u00e7 etti.<\/p>\n<p>Bug\u00fcn \u00f6\u011fle saatlerinde ba\u015flayan sa\u011fanak ya\u011f\u0131\u015f dolu \u015feklinde etkili oldu. Ardahan\u2019a ba\u011fl\u0131 Sulakyurt ve Yanl\u0131z\u00e7am k\u00f6y\u00fcnde etkili olan dolu ya\u011f\u0131\u015f\u0131 sonras\u0131 her yer beyaza b\u00fcr\u00fcn\u00fcrken tar\u0131m arazileri zarar g\u00f6rd\u00fc. Sulakyurt k\u00f6y\u00fcnde dere yata\u011f\u0131 ta\u015farken y\u00fczlerce d\u00f6n\u00fcm tar\u0131m arazisi sular alt\u0131nda kald\u0131. \u00c7ift\u00e7iler ekili arazilerin zarar g\u00f6rd\u00fc\u011f\u00fcn\u00fc belirtirken, k\u00f6y k\u0131rsal\u0131nda bulunan derede \u00e7ok say\u0131da yaban \u00f6rde\u011fi bo\u011fuldu.<\/p>\n","protected":false},"excerpt":{"rendered":"<p>ARDAHAN\u2019DA ETK\u0130L\u0130 OLAN DOLU YA\u011eI\u015eI HAYATI FEL\u00c7 ETT\u0130.<\/p>\n","protected":false},"author":1,"featured_media":0,"comment_status":"closed","ping_status":"open","sticky":false,"template":"","format":"standard","meta":{"jetpack_post_was_ever_published":false,"_jetpack_newsletter_access":"","_jetpack_dont_email_post_to_subs":false,"_jetpack_newsletter_tier_id":0,"_jetpack_memberships_contains_paywalled_content":false,"_jetpack_memberships_contains_paid_content":false,"footnotes":"","jetpack_publicize_message":"","jetpack_publicize_feature_enabled":true,"jetpack_social_post_already_shared":true,"jetpack_social_options":{"image_generator_settings":{"template":"highway","default_image_id":0,"font":"","enabled":false},"version":2}},"categories":[1],"tags":[1192,6667,207,10401,991],"class_list":["post-172880","post","type-post","status-publish","format-standard","hentry","category-genel","tag-ardahanda","tag-dolu","tag-etti","tag-felc","tag-hayati"],"jetpack_publicize_connections":[],"jetpack_featured_media_url":"","jetpack_sharing_enabled":true,"jetpack_shortlink":"https:\/\/wp.me\/paKIfm-IYo","_links":{"self":[{"href":"http:\/\/www.tvturk.com\/index.php\/wp-json\/wp\/v2\/posts\/172880","targetHints":{"allow":["GET"]}}],"collection":[{"href":"http:\/\/www.tvturk.com\/index.php\/wp-json\/wp\/v2\/posts"}],"about":[{"href":"http:\/\/www.tvturk.com\/index.php\/wp-json\/wp\/v2\/types\/post"}],"author":[{"embeddable":true,"href":"http:\/\/www.tvturk.com\/index.php\/wp-json\/wp\/v2\/users\/1"}],"replies":[{"embeddable":true,"href":"http:\/\/www.tvturk.com\/index.php\/wp-json\/wp\/v2\/comments?post=172880"}],"version-history":[{"count":0,"href":"http:\/\/www.tvturk.com\/index.php\/wp-json\/wp\/v2\/posts\/172880\/revisions"}],"wp:attachment":[{"href":"http:\/\/www.tvturk.com\/index.php\/wp-json\/wp\/v2\/media?parent=172880"}],"wp:term":[{"taxonomy":"category","embeddable":true,"href":"http:\/\/www.tvturk.com\/index.php\/wp-json\/wp\/v2\/categories?post=172880"},{"taxonomy":"post_tag","embeddable":true,"href":"http:\/\/www.tvturk.com\/index.php\/wp-json\/wp\/v2\/tags?post=172880"}],"curies":[{"name":"wp","href":"https:\/\/api.w.org\/{rel}","templated":true}]}}