{"id":172884,"date":"2019-06-22T18:32:15","date_gmt":"2019-06-22T15:32:15","guid":{"rendered":"http:\/\/www.tvturk.com\/index.php\/taraftar-gruplarindan-tribunde-tarafsizlik-cagrisi\/"},"modified":"2019-06-22T18:32:15","modified_gmt":"2019-06-22T15:32:15","slug":"taraftar-gruplarindan-tribunde-tarafsizlik-cagrisi","status":"publish","type":"post","link":"http:\/\/www.tvturk.com\/index.php\/taraftar-gruplarindan-tribunde-tarafsizlik-cagrisi\/","title":{"rendered":"Taraftar gruplar\u0131ndan trib\u00fcnde tarafs\u0131zl\u0131k \u00e7a\u011fr\u0131s\u0131"},"content":{"rendered":"<p>Be\u015fikta\u015f\u2019ta bir araya gelen 15 farkl\u0131 taraftar grubu \u00fcyeleri, \u201cTrib\u00fcnde siyaset istemiyoruz\u201d \u00e7a\u011fr\u0131s\u0131 yapt\u0131.<\/p>\n<p>Be\u015fikta\u015f \u00c7ar\u015f\u0131 Grubu\u2019nun \u00e7a\u011fr\u0131s\u0131yla \u0130stanbul\u2019a gelen taraftar grubu \u00fcyeleri Be\u015fikta\u015f Sahili\u2019nde topland\u0131. Bas\u0131n a\u00e7\u0131klamas\u0131na Be\u015fikta\u015f\u2019tan \u00c7ar\u015f\u0131, Fenerbah\u00e7e\u2019den Gen\u00e7 Fenerbah\u00e7eliler ve Anadolu Gen\u00e7 Fenerbah\u00e7eliler, Trabzonspor\u2019dan Gurbet\u00e7i Gen\u00e7ler, Denizlispor\u2019dan Ye\u015fil Cephe, Kar\u015f\u0131yaka\u2019dan Kar\u015f\u0131yaka \u00c7ar\u015f\u0131, Ankarag\u00fcc\u00fc\u2019nden Gecekondu, Malatyaspor\u2019dan Ankara Derebeyler, Boluspor\u2019dan Yarenler, Adanaspor\u2019dan Turbeyler, Altay\u2019dan Kabus, Erzurumspor\u2019dan Dada\u015flar Burdur\u2019dan A\u015fk\u0131bucak, Kas\u0131mpa\u015fa ve G\u00f6ztepe taraftar gruplar\u0131 kat\u0131ld\u0131. \u00c7ar\u015f\u0131 Grubu\u2019nun avukat\u0131 Devrim Alparslan, bulu\u015fmaya kat\u0131lan taraftar gruplar\u0131n\u0131 temsilen bir konu\u015fma yapt\u0131.<\/p>\n<p>\u201cSiyasi g\u00f6r\u00fc\u015fmelerimizi trib\u00fcnlere yans\u0131tmayal\u0131m\u201d<\/p>\n<p>Taraftar gruplar\u0131 ad\u0131na konu\u015fan Alparslan, \u201cSizlerin de bildi\u011fi \u00fczere \u00fclkemiz siyasi gerilimin y\u00fcksek oldu\u011fu ve kutupla\u015fman\u0131n artt\u0131\u011f\u0131 g\u00fcnlerden ge\u00e7mektedir. \u00dclkemizin i\u00e7erisinde bulundu\u011fu bu stresli s\u00fcre\u00e7te halk\u0131m\u0131zda oldu\u011fu gibi trib\u00fcnlerimizde de bu stresin yans\u0131malar\u0131 olmu\u015ftur. Trib\u00fcnler gerilmi\u015f, ayn\u0131 renklere sevdal\u0131 taraftarlar aras\u0131nda bile istenmeyen olaylar ya\u015fanm\u0131\u015ft\u0131r. T\u00fcrkiye taraftarlar birli\u011fi olarak bizim arzumuz; birlik, beraberlik ve karde\u015fli\u011fi baki oldu\u011fu, bestelerimizle tatl\u0131 at\u0131\u015fmalar\u0131n ya\u015fand\u0131\u011f\u0131 trib\u00fcn ortam\u0131nda kalmak ve sporun g\u00fczelliklerine tezah\u00fcratlar\u0131m\u0131zla de\u011fer katmakt\u0131r. Zaman zaman trib\u00fcnlerde aram\u0131zda ne kadar gerginlikler ya\u015fanm\u0131\u015f olsa da bizler karde\u015flik bilincinden asla taviz vermemi\u015fizdir. Ge\u00e7mi\u015ften g\u00fcn\u00fcm\u00fcze taraftarlar olarak zor g\u00fcnlerimizde, cenazelerimizde ve d\u00fc\u011f\u00fcnlerimizde birbirimize destek olan trib\u00fcn k\u00fclt\u00fcr\u00fcyle bug\u00fcnlere gelmi\u015fizdir. Fakat son zamanlarda ya\u015fanan geli\u015fmeler trib\u00fcnlerimizde k\u0131rg\u0131nl\u0131klara sebep olmaktad\u0131r. Bizim iste\u011fimiz hem \u00fclkemizin hem de trib\u00fcnlerimizin ac\u0131 ve tatl\u0131 g\u00fcnlerinde bir arada olmas\u0131d\u0131r. Bu y\u00fczdendir ki se\u00e7imin kazanan\u0131 ve kaybedeni kim olursa olsun kesinlikle trib\u00fcnlerde her inan\u00e7tan, her g\u00f6r\u00fc\u015ften arkada\u015flar\u0131m\u0131zla beraber bu duru\u015fumuzu devam ettirece\u011fimizin bilinmesini isteriz. Bu vesileyle spor kar\u015f\u0131la\u015fmalar\u0131na gelen b\u00fcy\u00fck k\u00fc\u00e7\u00fck b\u00fct\u00fcn taraftarlar\u0131m\u0131za sizlerin vesilesiyle seslenmek istiyoruz. Hangi partiden veya ideolojiden olursak olal\u0131m l\u00fctfen siyasi g\u00f6r\u00fc\u015flerimizi trib\u00fcnlere yans\u0131tmayal\u0131m. T\u00fcm taraftarlar olarak bu zorlu g\u00fcnlerde birlik ve berberlik bestelerini hep birlikte daha g\u00fc\u00e7l\u00fc seslendirelim. Halk\u0131m\u0131z\u0131n karde\u015flik ve bar\u0131\u015f i\u00e7erisinde ya\u015famas\u0131na vesile olal\u0131m. Siyasi partilerimizden de beklentimiz siyasi \u00e7eki\u015fmelerin trib\u00fcnlerimize yans\u0131t\u0131lmamas\u0131d\u0131r. Yar\u0131n ger\u00e7ekle\u015ftirilecek olan \u0130stanbul B\u00fcy\u00fck\u015fehir Ba\u015fkanl\u0131\u011f\u0131 se\u00e7iminde adaylara ba\u015far\u0131lar diler, T\u00fcrkiye\u2019mizin kazanmas\u0131n\u0131 arzu ederiz\u201d dedi.<\/p>\n<p>Bas\u0131n a\u00e7\u0131klamas\u0131n\u0131n ard\u0131ndan taraftar gruplar\u0131 hat\u0131ra foto\u011fraf\u0131 \u00e7ektirdi.<\/p>\n","protected":false},"excerpt":{"rendered":"<p>BE\u015e\u0130KTA\u015e\u2019TA B\u0130R ARAYA GELEN 15 FARKLI TARAFTAR GRUBU \u00dcYELER\u0130, \u201cTR\u0130B\u00dcNDE S\u0130YASET \u0130STEM\u0130YORUZ\u201d \u00c7A\u011eRISI YAPTI.<\/p>\n","protected":false},"author":1,"featured_media":0,"comment_status":"closed","ping_status":"open","sticky":false,"template":"","format":"standard","meta":{"jetpack_post_was_ever_published":false,"_jetpack_newsletter_access":"","_jetpack_dont_email_post_to_subs":false,"_jetpack_newsletter_tier_id":0,"_jetpack_memberships_contains_paywalled_content":false,"_jetpack_memberships_contains_paid_content":false,"footnotes":"","jetpack_publicize_message":"","jetpack_publicize_feature_enabled":true,"jetpack_social_post_already_shared":true,"jetpack_social_options":{"image_generator_settings":{"template":"highway","default_image_id":0,"font":"","enabled":false},"version":2}},"categories":[657],"tags":[5140,41881,41882,3672,14960],"class_list":["post-172884","post","type-post","status-publish","format-standard","hentry","category-spor","tag-cagrisi","tag-gruplarindan","tag-tarafsizlik","tag-taraftar","tag-tribunde"],"jetpack_publicize_connections":[],"jetpack_featured_media_url":"","jetpack_sharing_enabled":true,"jetpack_shortlink":"https:\/\/wp.me\/paKIfm-IYs","_links":{"self":[{"href":"http:\/\/www.tvturk.com\/index.php\/wp-json\/wp\/v2\/posts\/172884","targetHints":{"allow":["GET"]}}],"collection":[{"href":"http:\/\/www.tvturk.com\/index.php\/wp-json\/wp\/v2\/posts"}],"about":[{"href":"http:\/\/www.tvturk.com\/index.php\/wp-json\/wp\/v2\/types\/post"}],"author":[{"embeddable":true,"href":"http:\/\/www.tvturk.com\/index.php\/wp-json\/wp\/v2\/users\/1"}],"replies":[{"embeddable":true,"href":"http:\/\/www.tvturk.com\/index.php\/wp-json\/wp\/v2\/comments?post=172884"}],"version-history":[{"count":0,"href":"http:\/\/www.tvturk.com\/index.php\/wp-json\/wp\/v2\/posts\/172884\/revisions"}],"wp:attachment":[{"href":"http:\/\/www.tvturk.com\/index.php\/wp-json\/wp\/v2\/media?parent=172884"}],"wp:term":[{"taxonomy":"category","embeddable":true,"href":"http:\/\/www.tvturk.com\/index.php\/wp-json\/wp\/v2\/categories?post=172884"},{"taxonomy":"post_tag","embeddable":true,"href":"http:\/\/www.tvturk.com\/index.php\/wp-json\/wp\/v2\/tags?post=172884"}],"curies":[{"name":"wp","href":"https:\/\/api.w.org\/{rel}","templated":true}]}}