{"id":172916,"date":"2019-06-23T01:46:10","date_gmt":"2019-06-22T22:46:10","guid":{"rendered":"http:\/\/www.tvturk.com\/index.php\/cumhurbaskani-erdogan-eyup-sultan-turbesini-ziyaret-etti\/"},"modified":"2019-06-23T01:46:10","modified_gmt":"2019-06-22T22:46:10","slug":"cumhurbaskani-erdogan-eyup-sultan-turbesini-ziyaret-etti","status":"publish","type":"post","link":"http:\/\/www.tvturk.com\/index.php\/cumhurbaskani-erdogan-eyup-sultan-turbesini-ziyaret-etti\/","title":{"rendered":"Cumhurba\u015fkan\u0131 Erdo\u011fan Ey\u00fcp Sultan t\u00fcrbesini ziyaret etti"},"content":{"rendered":"<p>Cumhurba\u015fkan\u0131 Recep Tayyip Erdo\u011fan gece saatlerinde Ey\u00fcp Sultan t\u00fcrbesini ziyaret etti. T\u00fcrbe ziyareti esnas\u0131nda Kuran-\u0131 Kerimi dinleyen Cumhurba\u015fkan\u0131 Erdo\u011fan daha sonra vatanda\u015flar ile bir araya geldi.<\/p>\n<p>Cumhurba\u015fkan\u0131 Recep Tayyip Erdo\u011fan gece saatlerinde gitti\u011fi Ey\u00fcp Sultan\u2019da t\u00fcrbe ziyareti ger\u00e7ekle\u015ftirdi. Buradaki Ey\u00fcpsultan t\u00fcrbesine ger\u00e7ekle\u015ftirdi\u011fi ziyarette okunan Kuran-\u0131 Kerimi dinleyen Cumhurba\u015fkan\u0131 Erdo\u011fan\u2019a \u0130\u00e7i\u015fleri Bakan\u0131 S\u00fcleyman Soylu\u2019da e\u015flik etti. Okunan Kuran-\u0131 kerim sonras\u0131 Cumhurba\u015fkan\u0131 Erdo\u011fan vatanda\u015flarla g\u00f6r\u00fc\u015ft\u00fckten sonra arac\u0131na binerek buradan ayr\u0131ld\u0131.<\/p>\n","protected":false},"excerpt":{"rendered":"<p>CUMHURBA\u015eKANI ERDO\u011eAN EY\u00dcP SULTAN T\u00dcRBES\u0130N\u0130 Z\u0130YARET ETT\u0130<\/p>\n","protected":false},"author":1,"featured_media":0,"comment_status":"closed","ping_status":"open","sticky":false,"template":"","format":"standard","meta":{"jetpack_post_was_ever_published":false,"_jetpack_newsletter_access":"","_jetpack_dont_email_post_to_subs":false,"_jetpack_newsletter_tier_id":0,"_jetpack_memberships_contains_paywalled_content":false,"_jetpack_memberships_contains_paid_content":false,"footnotes":"","jetpack_publicize_message":"","jetpack_publicize_feature_enabled":true,"jetpack_social_post_already_shared":true,"jetpack_social_options":{"image_generator_settings":{"template":"highway","default_image_id":0,"font":"","enabled":false},"version":2}},"categories":[1],"tags":[503,649,207,20004,3231,30977,150],"class_list":["post-172916","post","type-post","status-publish","format-standard","hentry","category-genel","tag-cumhurbaskani","tag-erdogan","tag-etti","tag-eyup","tag-sultan","tag-turbesini","tag-ziyaret"],"jetpack_publicize_connections":[],"jetpack_featured_media_url":"","jetpack_sharing_enabled":true,"jetpack_shortlink":"https:\/\/wp.me\/paKIfm-IYY","_links":{"self":[{"href":"http:\/\/www.tvturk.com\/index.php\/wp-json\/wp\/v2\/posts\/172916","targetHints":{"allow":["GET"]}}],"collection":[{"href":"http:\/\/www.tvturk.com\/index.php\/wp-json\/wp\/v2\/posts"}],"about":[{"href":"http:\/\/www.tvturk.com\/index.php\/wp-json\/wp\/v2\/types\/post"}],"author":[{"embeddable":true,"href":"http:\/\/www.tvturk.com\/index.php\/wp-json\/wp\/v2\/users\/1"}],"replies":[{"embeddable":true,"href":"http:\/\/www.tvturk.com\/index.php\/wp-json\/wp\/v2\/comments?post=172916"}],"version-history":[{"count":0,"href":"http:\/\/www.tvturk.com\/index.php\/wp-json\/wp\/v2\/posts\/172916\/revisions"}],"wp:attachment":[{"href":"http:\/\/www.tvturk.com\/index.php\/wp-json\/wp\/v2\/media?parent=172916"}],"wp:term":[{"taxonomy":"category","embeddable":true,"href":"http:\/\/www.tvturk.com\/index.php\/wp-json\/wp\/v2\/categories?post=172916"},{"taxonomy":"post_tag","embeddable":true,"href":"http:\/\/www.tvturk.com\/index.php\/wp-json\/wp\/v2\/tags?post=172916"}],"curies":[{"name":"wp","href":"https:\/\/api.w.org\/{rel}","templated":true}]}}