{"id":172922,"date":"2019-06-23T09:01:23","date_gmt":"2019-06-23T06:01:23","guid":{"rendered":"http:\/\/www.tvturk.com\/index.php\/71-yasindaki-kadin-oy-kullanmaya-yurutec-ile-geldi\/"},"modified":"2019-06-23T09:01:23","modified_gmt":"2019-06-23T06:01:23","slug":"71-yasindaki-kadin-oy-kullanmaya-yurutec-ile-geldi","status":"publish","type":"post","link":"http:\/\/www.tvturk.com\/index.php\/71-yasindaki-kadin-oy-kullanmaya-yurutec-ile-geldi\/","title":{"rendered":"71 ya\u015f\u0131ndaki kad\u0131n oy kullanmaya y\u00fcr\u00fcte\u00e7 ile geldi"},"content":{"rendered":"<p>\u0130stanbul B\u00fcy\u00fck\u015fehir Belediye Ba\u015fkanl\u0131\u011f\u0131 Yenileme Se\u00e7imi i\u00e7in oy kullanma i\u015flemi ba\u015flad\u0131. Sabah erken saatlerde y\u00fcr\u00fcte\u00e7 yard\u0131m\u0131yla oy kullanaca\u011f\u0131 okula gelen 71 ya\u015f\u0131ndaki bir kad\u0131n, g\u00f6revlilerin yard\u0131m\u0131yla oy kullanaca\u011f\u0131 kabinin yan\u0131na giderek, vatanda\u015fl\u0131k g\u00f6revini yerine getirdi.<\/p>\n<p>\u0130stanbul B\u00fcy\u00fck\u015fehir Belediye Ba\u015fkanl\u0131\u011f\u0131 Yenileme Se\u00e7imi i\u00e7in bug\u00fcn \u0130stanbullu se\u00e7men sand\u0131\u011fa gidiyor. Sabah 08.00 itibariyle Sultangazi Piri Reis Ortaokulu\u2019nda da se\u00e7menler oylar\u0131n\u0131 kullanmaya ba\u015flad\u0131. Gencinden ya\u015fl\u0131s\u0131na bir\u00e7ok se\u00e7men oy kullanaca\u011f\u0131 sand\u0131\u011fa giderek vatanda\u015fl\u0131k g\u00f6revini yerine getiriyor. Y\u00fcr\u00fcte\u00e7 yard\u0131m\u0131yla oy kullanaca\u011f\u0131 okula gelen 71 ya\u015f\u0131ndaki bir se\u00e7men de, g\u00f6revlilerin yard\u0131m\u0131yla oy kullanaca\u011f\u0131 kabinin yan\u0131na giderek vatanda\u015fl\u0131k g\u00f6revini yerine getirdi.<\/p>\n","protected":false},"excerpt":{"rendered":"<p>\u0130STANBUL B\u00dcY\u00dcK\u015eEH\u0130R BELED\u0130YE BA\u015eKANLI\u011eI YEN\u0130LEME SE\u00c7\u0130M\u0130 \u0130\u00c7\u0130N OY KULLANMA \u0130\u015eLEM\u0130 BA\u015eLADI. SABAH ERKEN SAATLERDE Y\u00dcR\u00dcTE\u00c7 YARDIMIYLA OY KULLANACA\u011eI OKULA GELEN 71 YA\u015eINDAK\u0130 B\u0130R KADIN, G\u00d6REVL\u0130LER\u0130N YARDIMIYLA OY KULLANACA\u011eI KAB\u0130N\u0130N YANINA G\u0130DEREK, VATANDA\u015eLIK G\u00d6REV\u0130N\u0130 YER\u0130NE GET\u0130RD\u0130.<\/p>\n","protected":false},"author":1,"featured_media":0,"comment_status":"closed","ping_status":"open","sticky":false,"template":"","format":"standard","meta":{"jetpack_post_was_ever_published":false,"_jetpack_newsletter_access":"","_jetpack_dont_email_post_to_subs":false,"_jetpack_newsletter_tier_id":0,"_jetpack_memberships_contains_paywalled_content":false,"_jetpack_memberships_contains_paid_content":false,"footnotes":"","jetpack_publicize_message":"","jetpack_publicize_feature_enabled":true,"jetpack_social_post_already_shared":true,"jetpack_social_options":{"image_generator_settings":{"template":"highway","default_image_id":0,"font":"","enabled":false},"version":2}},"categories":[1],"tags":[127,192,108,28839,1063,32564],"class_list":["post-172922","post","type-post","status-publish","format-standard","hentry","category-genel","tag-geldi","tag-ile","tag-kadin","tag-kullanmaya","tag-yasindaki","tag-yurutec"],"jetpack_publicize_connections":[],"jetpack_featured_media_url":"","jetpack_sharing_enabled":true,"jetpack_shortlink":"https:\/\/wp.me\/paKIfm-IZ4","_links":{"self":[{"href":"http:\/\/www.tvturk.com\/index.php\/wp-json\/wp\/v2\/posts\/172922","targetHints":{"allow":["GET"]}}],"collection":[{"href":"http:\/\/www.tvturk.com\/index.php\/wp-json\/wp\/v2\/posts"}],"about":[{"href":"http:\/\/www.tvturk.com\/index.php\/wp-json\/wp\/v2\/types\/post"}],"author":[{"embeddable":true,"href":"http:\/\/www.tvturk.com\/index.php\/wp-json\/wp\/v2\/users\/1"}],"replies":[{"embeddable":true,"href":"http:\/\/www.tvturk.com\/index.php\/wp-json\/wp\/v2\/comments?post=172922"}],"version-history":[{"count":0,"href":"http:\/\/www.tvturk.com\/index.php\/wp-json\/wp\/v2\/posts\/172922\/revisions"}],"wp:attachment":[{"href":"http:\/\/www.tvturk.com\/index.php\/wp-json\/wp\/v2\/media?parent=172922"}],"wp:term":[{"taxonomy":"category","embeddable":true,"href":"http:\/\/www.tvturk.com\/index.php\/wp-json\/wp\/v2\/categories?post=172922"},{"taxonomy":"post_tag","embeddable":true,"href":"http:\/\/www.tvturk.com\/index.php\/wp-json\/wp\/v2\/tags?post=172922"}],"curies":[{"name":"wp","href":"https:\/\/api.w.org\/{rel}","templated":true}]}}