{"id":172944,"date":"2019-06-23T10:16:20","date_gmt":"2019-06-23T07:16:20","guid":{"rendered":"http:\/\/www.tvturk.com\/index.php\/asli-nemutlunun-ailesi-genc-kayakcilari-istanbulda-misafir-etti\/"},"modified":"2019-06-23T10:16:20","modified_gmt":"2019-06-23T07:16:20","slug":"asli-nemutlunun-ailesi-genc-kayakcilari-istanbulda-misafir-etti","status":"publish","type":"post","link":"http:\/\/www.tvturk.com\/index.php\/asli-nemutlunun-ailesi-genc-kayakcilari-istanbulda-misafir-etti\/","title":{"rendered":"Asl\u0131 Nemutlu\u2019nun ailesi gen\u00e7 kayak\u00e7\u0131lar\u0131 \u0130stanbul\u2019da misafir etti"},"content":{"rendered":"<p>Asl\u0131 Nemutlu Gen\u00e7 Sporcular Kayak Spor Kul\u00fcb\u00fc, kayak\u00e7\u0131 14 sporcuya karne hediyesi olarak \u0130stanbul\u2019u gezdirdi.<\/p>\n<p>Erzurum\u2019da 2012 y\u0131l\u0131nda kayak milli tak\u0131m\u0131 kamp\u0131nda antrenman s\u0131ras\u0131nda kaza sonucu hayat\u0131n\u0131 kaybeden Asl\u0131 Nemutlu an\u0131s\u0131na, ailesinin kurmu\u015f oldu\u011fu Asl\u0131 Nemutlu Gen\u00e7 Sporcular Kayak Spor Kul\u00fcb\u00fc, 14 kayak sporcusuna karne hediyesi olarak \u0130stanbul gezisi d\u00fczenledi.<\/p>\n<p>Asl\u0131 Nemutlu Gen\u00e7 Sporcular Kayak Spor Kul\u00fcb\u00fc, Kul\u00fcp Ba\u015fkan\u0131 Metin Nemutlu ve e\u015fi Ay\u015fe Nemutlu ile birlikte Erzurum\u2019da ya\u015fayan ve daha \u00f6nce hi\u00e7 \u015fehir d\u0131\u015f\u0131na \u00e7\u0131kmam\u0131\u015f kayak sporcusu 14 \u00f6\u011frenciyi, karne ve tatil hediyesi i\u00e7in Erzurum\u2019dan \u0130stanbul\u2019a g\u00f6t\u00fcrd\u00fc. \u0130stanbul\u2019un tarihi ve turistlik yerlerini gezen \u00f6\u011frenciler gezinin ard\u0131ndan Erzurum\u2019a d\u00f6nd\u00fc.<\/p>\n<p>Gezi, Kul\u00fcb\u00fcn kurulmas\u0131nda etkisi olan Asl\u0131 Nemutlu\u2019nun Karacaahmette bulunan mezar\u0131n\u0131 ve \u0130stanbul Kad\u0131k\u00f6y Kalam\u0131\u015f Park\u0131\u2019nda bulunan Asl\u0131 Nemutlu heykelini ziyaret ederek ba\u015flad\u0131. Gen\u00e7 sporcular \u0130stanbul\u2019da, T\u00fcrkiye\u2019nin ilk b\u00fcy\u00fck kedi park\u0131 olan Aslan Park\u2019\u0131, Ba\u011fdat Caddesi ve Kalam\u0131\u015f Sahili\u2019ni gezdi. \u00dc\u00e7 g\u00fcn s\u00fcren gezi boyunca tarihi ve turistlik yerleri ad\u0131m ad\u0131m gezen \u00f6\u011frenciler, Feribotla Avrupa yakas\u0131na ge\u00e7ip Emin\u00f6n\u00fc\u2019nde Kapal\u0131 \u00c7ar\u015f\u0131\u2019y\u0131, Ayasofya\u2019y\u0131, \u00c7emberlita\u015f\u2019\u0131, Sultanahmet Meydan\u0131\u2019n\u0131 ve Yerebatan Sarn\u0131c\u0131\u2019n\u0131 ziyaret ederek vapurla \u0130stanbul Bo\u011faz turu att\u0131.<\/p>\n<p>\u0130stanbul\u2019a hayran kalan \u00f6\u011frenciler PTT M\u00fczesi\u2019ni gezdikten sonra Dolmabah\u00e7e Saray\u0131,  ahmi Ko\u00e7 M\u00fczesi, Beyo\u011flu\u2019nda bulunan tarihi t\u00fcnel ve Taksim Meydan\u0131\u2019nda bulunan Atat\u00fcrk heykeline sayg\u0131 duru\u015funda bulundu.<\/p>\n","protected":false},"excerpt":{"rendered":"<p>ASLI NEMUTLU GEN\u00c7 SPORCULAR KAYAK SPOR KUL\u00dcB\u00dc, KAYAK\u00c7I 14 SPORCUYA KARNE HED\u0130YES\u0130 OLARAK \u0130STANBUL\u2019U GEZD\u0130RD\u0130.<\/p>\n","protected":false},"author":1,"featured_media":0,"comment_status":"closed","ping_status":"open","sticky":false,"template":"","format":"standard","meta":{"jetpack_post_was_ever_published":false,"_jetpack_newsletter_access":"","_jetpack_dont_email_post_to_subs":false,"_jetpack_newsletter_tier_id":0,"_jetpack_memberships_contains_paywalled_content":false,"_jetpack_memberships_contains_paid_content":false,"footnotes":"","jetpack_publicize_message":"","jetpack_publicize_feature_enabled":true,"jetpack_social_post_already_shared":true,"jetpack_social_options":{"image_generator_settings":{"template":"highway","default_image_id":0,"font":"","enabled":false},"version":2}},"categories":[1],"tags":[7558,19443,207,803,1268,41889,6140,41888],"class_list":["post-172944","post","type-post","status-publish","format-standard","hentry","category-genel","tag-ailesi","tag-asli","tag-etti","tag-genc","tag-istanbulda","tag-kayakcilari","tag-misafir","tag-nemutlunun"],"jetpack_publicize_connections":[],"jetpack_featured_media_url":"","jetpack_sharing_enabled":true,"jetpack_shortlink":"https:\/\/wp.me\/paKIfm-IZq","_links":{"self":[{"href":"http:\/\/www.tvturk.com\/index.php\/wp-json\/wp\/v2\/posts\/172944","targetHints":{"allow":["GET"]}}],"collection":[{"href":"http:\/\/www.tvturk.com\/index.php\/wp-json\/wp\/v2\/posts"}],"about":[{"href":"http:\/\/www.tvturk.com\/index.php\/wp-json\/wp\/v2\/types\/post"}],"author":[{"embeddable":true,"href":"http:\/\/www.tvturk.com\/index.php\/wp-json\/wp\/v2\/users\/1"}],"replies":[{"embeddable":true,"href":"http:\/\/www.tvturk.com\/index.php\/wp-json\/wp\/v2\/comments?post=172944"}],"version-history":[{"count":0,"href":"http:\/\/www.tvturk.com\/index.php\/wp-json\/wp\/v2\/posts\/172944\/revisions"}],"wp:attachment":[{"href":"http:\/\/www.tvturk.com\/index.php\/wp-json\/wp\/v2\/media?parent=172944"}],"wp:term":[{"taxonomy":"category","embeddable":true,"href":"http:\/\/www.tvturk.com\/index.php\/wp-json\/wp\/v2\/categories?post=172944"},{"taxonomy":"post_tag","embeddable":true,"href":"http:\/\/www.tvturk.com\/index.php\/wp-json\/wp\/v2\/tags?post=172944"}],"curies":[{"name":"wp","href":"https:\/\/api.w.org\/{rel}","templated":true}]}}