{"id":173002,"date":"2019-06-23T12:16:27","date_gmt":"2019-06-23T09:16:27","guid":{"rendered":"http:\/\/www.tvturk.com\/index.php\/evin-bahcesindeki-yilan-yakalanarak-dogaya-birakildi\/"},"modified":"2019-06-23T12:16:27","modified_gmt":"2019-06-23T09:16:27","slug":"evin-bahcesindeki-yilan-yakalanarak-dogaya-birakildi","status":"publish","type":"post","link":"http:\/\/www.tvturk.com\/index.php\/evin-bahcesindeki-yilan-yakalanarak-dogaya-birakildi\/","title":{"rendered":"Evin bah\u00e7esindeki y\u0131lan yakalanarak do\u011faya b\u0131rak\u0131ld\u0131"},"content":{"rendered":"<p>Ad\u0131yaman\u2019da itfaiye ekipleri taraf\u0131ndan bir evin bah\u00e7esinde g\u00fc\u00e7l\u00fckle yakalanan y\u0131lan, do\u011faya b\u0131rak\u0131ld\u0131.<\/p>\n<p>S\u00fcmerevler Mahallesi\u2019nde bir ikametin bah\u00e7esinde y\u0131lan oldu\u011funu fark eden vatanda\u015flar durumu itfaiye ekiplerine bildirdi. K\u0131sa s\u00fcrede olay yerine gelen Ad\u0131yaman Belediyesi \u0130tfaiye M\u00fcd\u00fcrl\u00fc\u011f\u00fc ekipleri, yanlar\u0131nda getirdikleri \u00f6zel aparatlarla y\u0131lan\u0131 g\u00fc\u00e7l\u00fckle yakalad\u0131. Havalar\u0131n a\u015f\u0131r\u0131 s\u0131cak olmas\u0131 ve \u00e7evreden ge\u00e7enlerden dolay\u0131 olduk\u00e7a rahats\u0131z olarak k\u0131zg\u0131nla\u015fan y\u0131lan\u0131 yakalayan itfaiye ekipleri, y\u0131lan\u0131 torbaya koydu. Y\u0131lan daha sonra il merkezine uzak bir alanda do\u011faya b\u0131rak\u0131ld\u0131. Y\u0131lan\u0131n yakalanma ve do\u011faya b\u0131rak\u0131lma an\u0131 ise saniye saniye kaydedildi.<\/p>\n","protected":false},"excerpt":{"rendered":"<p>ADIYAMAN\u2019DA, \u0130TFA\u0130YE EK\u0130PLER\u0130 TARAFINDAN B\u0130R \u0130KAMET BAH\u00c7ES\u0130NDE G\u00dc\u00c7L\u00dcKLE YAKALANAN YILAN, DO\u011eAYA BIRAKILDI.<\/p>\n","protected":false},"author":1,"featured_media":0,"comment_status":"closed","ping_status":"open","sticky":false,"template":"","format":"standard","meta":{"jetpack_post_was_ever_published":false,"_jetpack_newsletter_access":"","_jetpack_dont_email_post_to_subs":false,"_jetpack_newsletter_tier_id":0,"_jetpack_memberships_contains_paywalled_content":false,"_jetpack_memberships_contains_paid_content":false,"footnotes":"","jetpack_publicize_message":"","jetpack_publicize_feature_enabled":true,"jetpack_social_post_already_shared":true,"jetpack_social_options":{"image_generator_settings":{"template":"highway","default_image_id":0,"font":"","enabled":false},"version":2}},"categories":[1],"tags":[22697,22235,5130,9206,3298,41904],"class_list":["post-173002","post","type-post","status-publish","format-standard","hentry","category-genel","tag-yilan","tag-bahcesindeki","tag-birakildi","tag-dogaya","tag-evin","tag-yakalanarak"],"jetpack_publicize_connections":[],"jetpack_featured_media_url":"","jetpack_sharing_enabled":true,"jetpack_shortlink":"https:\/\/wp.me\/paKIfm-J0m","_links":{"self":[{"href":"http:\/\/www.tvturk.com\/index.php\/wp-json\/wp\/v2\/posts\/173002","targetHints":{"allow":["GET"]}}],"collection":[{"href":"http:\/\/www.tvturk.com\/index.php\/wp-json\/wp\/v2\/posts"}],"about":[{"href":"http:\/\/www.tvturk.com\/index.php\/wp-json\/wp\/v2\/types\/post"}],"author":[{"embeddable":true,"href":"http:\/\/www.tvturk.com\/index.php\/wp-json\/wp\/v2\/users\/1"}],"replies":[{"embeddable":true,"href":"http:\/\/www.tvturk.com\/index.php\/wp-json\/wp\/v2\/comments?post=173002"}],"version-history":[{"count":0,"href":"http:\/\/www.tvturk.com\/index.php\/wp-json\/wp\/v2\/posts\/173002\/revisions"}],"wp:attachment":[{"href":"http:\/\/www.tvturk.com\/index.php\/wp-json\/wp\/v2\/media?parent=173002"}],"wp:term":[{"taxonomy":"category","embeddable":true,"href":"http:\/\/www.tvturk.com\/index.php\/wp-json\/wp\/v2\/categories?post=173002"},{"taxonomy":"post_tag","embeddable":true,"href":"http:\/\/www.tvturk.com\/index.php\/wp-json\/wp\/v2\/tags?post=173002"}],"curies":[{"name":"wp","href":"https:\/\/api.w.org\/{rel}","templated":true}]}}