{"id":173064,"date":"2019-06-23T15:46:10","date_gmt":"2019-06-23T12:46:10","guid":{"rendered":"http:\/\/www.tvturk.com\/index.php\/faslilar-yuzyilin-anlasmasini-protesto-etti\/"},"modified":"2019-06-23T15:46:10","modified_gmt":"2019-06-23T12:46:10","slug":"faslilar-yuzyilin-anlasmasini-protesto-etti","status":"publish","type":"post","link":"http:\/\/www.tvturk.com\/index.php\/faslilar-yuzyilin-anlasmasini-protesto-etti\/","title":{"rendered":"Fasl\u0131lar &#8220;Y\u00fczy\u0131l\u0131n Anla\u015fmas\u0131&#8221;n\u0131 protesto etti"},"content":{"rendered":"<p>Fas\u2019\u0131n ba\u015fkenti Rabat\u2019ta ABD\u2019nin \u201cY\u00fczy\u0131l\u0131n Anla\u015fmas\u0131\u201d plan\u0131na kar\u015f\u0131 protesto g\u00f6sterisi d\u00fczenlendi.<\/p>\n<p>Ba\u015fkent Rabat\u2019ta binlerce ki\u015fi, Filistin sorununun \u00e7\u00f6z\u00fcm\u00fc olarak g\u00f6sterilen ABD\u2019nin \u201cY\u00fczy\u0131l\u0131n Anla\u015fmas\u0131\u201d plan\u0131n\u0131 protesto etti. G\u00f6stericiler, sloganlar atarak &#8220;Fas halk\u0131 Y\u00fczy\u0131l\u0131n Anla\u015fmas\u0131\u2019n\u0131 kabul etmiyor. Filistin\u2019in yan\u0131nday\u0131z&#8221; yaz\u0131l\u0131 pankartlar ta\u015f\u0131d\u0131. Y\u00fczy\u0131l\u0131n Anla\u015fmas\u0131 plan\u0131n\u0131 k\u0131nayan g\u00f6stericiler, plan\u0131n uluslararas\u0131 hukuka ayk\u0131r\u0131 oldu\u011funu vurgulad\u0131. Protesto g\u00f6sterisi s\u0131ras\u0131nda \u0130srail bayra\u011f\u0131 yak\u0131ld\u0131.<\/p>\n<p>ABD, \u0130srail ile Filistin aras\u0131ndaki \u00e7at\u0131\u015fmalara son vermek amac\u0131yla Y\u00fczy\u0131l\u0131n Anla\u015fmas\u0131 olarak adland\u0131r\u0131lan bir bar\u0131\u015f plan\u0131n\u0131n haz\u0131rland\u0131\u011f\u0131n\u0131 a\u00e7\u0131klam\u0131\u015ft\u0131. ABD, Y\u00fczy\u0131l\u0131n Anla\u015fmas\u0131 kapsam\u0131nda Filistin topraklar\u0131na yat\u0131r\u0131m \u00e7ekmek ve Filistinlilerin durumunu iyile\u015ftirmek i\u00e7in i\u015f adamlar\u0131n\u0131n kat\u0131l\u0131m\u0131yla 25-26 Haziran\u2019da Bahreyn\u2019in ba\u015fkenti Manama\u2019da \u2019Refah i\u00e7in Bar\u0131\u015f\u2019 ba\u015fl\u0131kl\u0131 ekonomi \u00e7al\u0131\u015ftay\u0131 d\u00fczenlenece\u011fini a\u00e7\u0131klam\u0131\u015ft\u0131. ABD\u2019nin projesine b\u00fcy\u00fck tepki g\u00f6steren Filistinliler, Bahreyn\u2019in ba\u015fkenti Manama\u2019da 2 g\u00fcn sonra d\u00fczenlenmesi planlanan ekonomi toplant\u0131s\u0131n\u0131n boykot edilmesi \u00e7a\u011fr\u0131s\u0131 yapm\u0131\u015ft\u0131. Hamas\u2019tan yap\u0131lan a\u00e7\u0131klamada ise plana tepki g\u00f6sterilerek, \u201cFilistin sat\u0131l\u0131k de\u011fildir\u201d ifadeleri kullan\u0131lm\u0131\u015ft\u0131.<\/p>\n","protected":false},"excerpt":{"rendered":"<p>FAS&#8217;IN BA\u015eKENT\u0130 RABAT&#8217;TA ABD&#8217;N\u0130N \u201cY\u00dcZYILIN ANLA\u015eMASI\u201d PLANINA KAR\u015eI PROTESTO G\u00d6STER\u0130S\u0130 D\u00dcZENLEND\u0130.<\/p>\n","protected":false},"author":1,"featured_media":0,"comment_status":"closed","ping_status":"open","sticky":false,"template":"","format":"standard","meta":{"jetpack_post_was_ever_published":false,"_jetpack_newsletter_access":"","_jetpack_dont_email_post_to_subs":false,"_jetpack_newsletter_tier_id":0,"_jetpack_memberships_contains_paywalled_content":false,"_jetpack_memberships_contains_paid_content":false,"footnotes":"","jetpack_publicize_message":"","jetpack_publicize_feature_enabled":true,"jetpack_social_post_already_shared":true,"jetpack_social_options":{"image_generator_settings":{"template":"highway","default_image_id":0,"font":"","enabled":false},"version":2}},"categories":[10],"tags":[4803,207,41917,831,24490],"class_list":["post-173064","post","type-post","status-publish","format-standard","hentry","category-dunya","tag-anlasmasini","tag-etti","tag-faslilar","tag-protesto","tag-yuzyilin"],"jetpack_publicize_connections":[],"jetpack_featured_media_url":"","jetpack_sharing_enabled":true,"jetpack_shortlink":"https:\/\/wp.me\/paKIfm-J1m","_links":{"self":[{"href":"http:\/\/www.tvturk.com\/index.php\/wp-json\/wp\/v2\/posts\/173064","targetHints":{"allow":["GET"]}}],"collection":[{"href":"http:\/\/www.tvturk.com\/index.php\/wp-json\/wp\/v2\/posts"}],"about":[{"href":"http:\/\/www.tvturk.com\/index.php\/wp-json\/wp\/v2\/types\/post"}],"author":[{"embeddable":true,"href":"http:\/\/www.tvturk.com\/index.php\/wp-json\/wp\/v2\/users\/1"}],"replies":[{"embeddable":true,"href":"http:\/\/www.tvturk.com\/index.php\/wp-json\/wp\/v2\/comments?post=173064"}],"version-history":[{"count":0,"href":"http:\/\/www.tvturk.com\/index.php\/wp-json\/wp\/v2\/posts\/173064\/revisions"}],"wp:attachment":[{"href":"http:\/\/www.tvturk.com\/index.php\/wp-json\/wp\/v2\/media?parent=173064"}],"wp:term":[{"taxonomy":"category","embeddable":true,"href":"http:\/\/www.tvturk.com\/index.php\/wp-json\/wp\/v2\/categories?post=173064"},{"taxonomy":"post_tag","embeddable":true,"href":"http:\/\/www.tvturk.com\/index.php\/wp-json\/wp\/v2\/tags?post=173064"}],"curies":[{"name":"wp","href":"https:\/\/api.w.org\/{rel}","templated":true}]}}