{"id":173066,"date":"2019-06-23T16:01:43","date_gmt":"2019-06-23T13:01:43","guid":{"rendered":"http:\/\/www.tvturk.com\/index.php\/trafik-teroru-kurbani-bisikletciler-icin-kusadasinda-protesto\/"},"modified":"2019-06-23T16:01:43","modified_gmt":"2019-06-23T13:01:43","slug":"trafik-teroru-kurbani-bisikletciler-icin-kusadasinda-protesto","status":"publish","type":"post","link":"http:\/\/www.tvturk.com\/index.php\/trafik-teroru-kurbani-bisikletciler-icin-kusadasinda-protesto\/","title":{"rendered":"Trafik ter\u00f6r\u00fc kurban\u0131 bisiklet\u00e7iler i\u00e7in Ku\u015fadas\u0131\u2019nda protesto"},"content":{"rendered":"<p>Ayd\u0131n\u2019\u0131n Ku\u015fadas\u0131 il\u00e7esinde 18 Haziran\u2019da bisikletiyle giderken bir kamyonun arkadan \u00e7arpmas\u0131 sonucu hayat\u0131n\u0131 kaybeden triatlon sporcusu Cumhur Okan\u2019\u0131 anmak i\u00e7in Ayd\u0131n ve Didim\u2019den yakla\u015f\u0131k 100 bisiklet\u00e7i bir araya geldi. Bisiklet\u00e7iler, kazada hayat\u0131n\u0131 kaybeden sporcuyu anarken, trafik ter\u00f6r\u00fcn\u00fc de protesto etti.<\/p>\n<p>18 Haziran tarihinde Ku\u015fadas\u0131-S\u00f6ke karayolunun Yaylak\u00f6y mevkiinde meydana gelen trafik kazas\u0131nda bisikletiyle gezintiye \u00e7\u0131kan Cumhur Okan (58) isimli triatlon sporcusuna Murat G. y\u00f6netimindeki 09 JY 168 plakal\u0131 bir kamyon \u00e7arpm\u0131\u015f, bisikletinden f\u0131rlay\u0131p yol kenar\u0131ndaki kanala d\u00fc\u015fen triatlon sporcusu hayat\u0131n\u0131 kaybetmi\u015fti. Olay\u0131n ard\u0131ndan 21 Haziran tarihinde \u0130zmir Bornova\u2019da da bir ba\u015fka bisiklet sporcusu Kaan \u015eahin \u015eenol\u2019un bisikletiyle giderken bir arac\u0131n \u00e7arpmas\u0131 sonucu hayat\u0131n\u0131 kaybetmesi \u00fczerine Ayd\u0131n ve il\u00e7elerindeki bisiklet sporu sevenler Ku\u015fadas\u0131\u2019nda bulu\u015farak protesto eylemi yapt\u0131. Ayd\u0131n ve Didim\u2019den gelen yakla\u015f\u0131k 100 bisiklet\u00e7i, Ku\u015fadas\u0131 \u0130smail Cem Bar\u0131\u015f ve Dostluk Meydan\u0131\u2019nda topland\u0131.<\/p>\n<p>Triatlon sporcusu Cumhur Okan\u2019\u0131n bisikletini bir arac\u0131n \u00fczerinde sergileyen bisiklet\u00e7iler ad\u0131na konu\u015fan Ayd\u0131nl\u0131 H\u00fcmeyra Y\u0131k\u0131lmaz, trafik ter\u00f6r\u00fcne kurban verdikleri Cumhur Okan\u2019\u0131n \u00e7ok de\u011ferli bir sporcu ve g\u00fczel bir insan oldu\u011funu belirterek, \u201cKendisini \u00e7ok seviyorduk. Trafik kazas\u0131na kurban gitmesi hepimizi derinden yaralad\u0131. Cumhur Okan\u2019\u0131n ard\u0131ndan 3 g\u00fcn sonra \u0130zmir\u2019de 18 ya\u015f\u0131ndaki bir bisiklet\u00e7imizi daha trafik ter\u00f6r\u00fcne kurban verdik. Bu ve benzer kazalarda \u00fclke genelinde bir\u00e7ok arkada\u015f\u0131m\u0131z\u0131 yitirdik. Art\u0131k bu ter\u00f6r\u00fcn son bulmas\u0131n\u0131 istiyoruz. Bizler bisiklet sporunu seviyor ve yayg\u0131nla\u015fmas\u0131n\u0131 istiyoruz. Trafik kurallar\u0131na da tam anlam\u0131yla uyuyoruz. Bisiklet sporunun yayg\u0131nla\u015fmas\u0131yla trafik yo\u011funlu\u011funun da azalaca\u011f\u0131na inan\u0131yoruz. Ancak, trafik kurallar\u0131na uymayan, bir anl\u0131k dikkatsizlik, sayg\u0131s\u0131zl\u0131k ve vurdumduymazl\u0131\u011f\u0131n kurban\u0131 oluyoruz. Bu trafik ter\u00f6r\u00fcn\u00fcn son bulmas\u0131n\u0131 istiyoruz. Bunun i\u00e7in bisiklet kullananlar\u0131n ayr\u0131 yollar\u0131n\u0131n bir an \u00f6nce yap\u0131lmas\u0131 en b\u00fcy\u00fck beklentimiz. Bizler topluma sayg\u0131l\u0131 bireyleriz ve bisiklet sporunu da bu sayg\u0131 i\u00e7inde ger\u00e7ekle\u015ftiriyoruz. Ayn\u0131 sayg\u0131y\u0131 beklemek hakk\u0131m\u0131z. Trafik ge\u00e7i\u015fi i\u00e7in \u00f6ncelik ve sayg\u0131 istiyoruz. Bu kay\u0131plar\u0131m\u0131z\u0131n son olmas\u0131n\u0131 diliyoruz. Ba\u015fta Cumhur Okan olmak \u00fczere t\u00fcm kay\u0131plar\u0131m\u0131za rahmet, ailelerine ba\u015fsa\u011fl\u0131\u011f\u0131 ve sab\u0131rlar diliyoruz\u201c dedi.<\/p>\n<p>\u0130smail Cem Bar\u0131\u015f ve Dostluk Meydan\u0131\u2019ndaki eyleme kat\u0131lan bisiklet\u00e7iler, daha sonra Ku\u015fadas\u0131 Atat\u00fcrk Bulvar\u0131\u2019nda sessizce bisikletleriyle tur atarak, protesto eylemini sonland\u0131rd\u0131lar.<\/p>\n","protected":false},"excerpt":{"rendered":"<p>18 HAZ\u0130RAN\u2019DA KU\u015eADASI\u2019NDA B\u0130S\u0130KLET\u0130YLE G\u0130DERKEN B\u0130R KAMYONUN ARKADAN \u00c7ARPMASI SONUCU HAYATINI KAYBEDEN TR\u0130ATLON SPORCUSU CUMHUR OKAN\u2019I ANMAK \u0130\u00c7\u0130N AYDIN VE D\u0130D\u0130M\u2019DEN YAKLA\u015eIK 100 B\u0130S\u0130KLET\u00c7\u0130 KU\u015eADASI\u2019NDA B\u0130R ARAYA GELD\u0130.<\/p>\n","protected":false},"author":1,"featured_media":0,"comment_status":"closed","ping_status":"open","sticky":false,"template":"","format":"standard","meta":{"jetpack_post_was_ever_published":false,"_jetpack_newsletter_access":"","_jetpack_dont_email_post_to_subs":false,"_jetpack_newsletter_tier_id":0,"_jetpack_memberships_contains_paywalled_content":false,"_jetpack_memberships_contains_paid_content":false,"footnotes":"","jetpack_publicize_message":"","jetpack_publicize_feature_enabled":true,"jetpack_social_post_already_shared":true,"jetpack_social_options":{"image_generator_settings":{"template":"highway","default_image_id":0,"font":"","enabled":false},"version":2}},"categories":[1],"tags":[452,44,6998,1002,831,1272,131],"class_list":["post-173066","post","type-post","status-publish","format-standard","hentry","category-genel","tag-bisikletciler","tag-icin","tag-kurbani","tag-kusadasinda","tag-protesto","tag-teroru","tag-trafik"],"jetpack_publicize_connections":[],"jetpack_featured_media_url":"","jetpack_sharing_enabled":true,"jetpack_shortlink":"https:\/\/wp.me\/paKIfm-J1o","_links":{"self":[{"href":"http:\/\/www.tvturk.com\/index.php\/wp-json\/wp\/v2\/posts\/173066","targetHints":{"allow":["GET"]}}],"collection":[{"href":"http:\/\/www.tvturk.com\/index.php\/wp-json\/wp\/v2\/posts"}],"about":[{"href":"http:\/\/www.tvturk.com\/index.php\/wp-json\/wp\/v2\/types\/post"}],"author":[{"embeddable":true,"href":"http:\/\/www.tvturk.com\/index.php\/wp-json\/wp\/v2\/users\/1"}],"replies":[{"embeddable":true,"href":"http:\/\/www.tvturk.com\/index.php\/wp-json\/wp\/v2\/comments?post=173066"}],"version-history":[{"count":0,"href":"http:\/\/www.tvturk.com\/index.php\/wp-json\/wp\/v2\/posts\/173066\/revisions"}],"wp:attachment":[{"href":"http:\/\/www.tvturk.com\/index.php\/wp-json\/wp\/v2\/media?parent=173066"}],"wp:term":[{"taxonomy":"category","embeddable":true,"href":"http:\/\/www.tvturk.com\/index.php\/wp-json\/wp\/v2\/categories?post=173066"},{"taxonomy":"post_tag","embeddable":true,"href":"http:\/\/www.tvturk.com\/index.php\/wp-json\/wp\/v2\/tags?post=173066"}],"curies":[{"name":"wp","href":"https:\/\/api.w.org\/{rel}","templated":true}]}}