{"id":173078,"date":"2019-06-23T16:31:46","date_gmt":"2019-06-23T13:31:46","guid":{"rendered":"http:\/\/www.tvturk.com\/index.php\/ters-ev-ilgi-odagi-oldu\/"},"modified":"2019-06-23T16:31:46","modified_gmt":"2019-06-23T13:31:46","slug":"ters-ev-ilgi-odagi-oldu","status":"publish","type":"post","link":"http:\/\/www.tvturk.com\/index.php\/ters-ev-ilgi-odagi-oldu\/","title":{"rendered":"Ters Ev ilgi oda\u011f\u0131 oldu"},"content":{"rendered":"<p>Ordu B\u00fcy\u00fck\u015fehir Belediyesi taraf\u0131ndan yap\u0131m\u0131 tamamlanan Ters Ev vatanda\u015flar\u0131n ilgi oda\u011f\u0131 oldu.<\/p>\n<p>Alt\u0131nordu il\u00e7esinde teleferik istasyonu yak\u0131n\u0131na in\u015fa edilen, 150 metrekarelik ve 2 katl\u0131 Ters Ev, a\u00e7\u0131ld\u0131\u011f\u0131 ilk hafta ziyaret\u00e7ilerin u\u011frak noktalar\u0131ndan biri haline geldi.<\/p>\n<p>Ordu B\u00fcy\u00fck\u015fehir Belediyesi taraf\u0131ndan yap\u0131m\u0131 tamamlanarak hizmete a\u00e7\u0131lan ve Karadeniz B\u00f6lgesi\u2019nde tek olma \u00f6zelli\u011fi ile dikkatleri \u00fczerine \u00e7eken Ters Ev, a\u00e7\u0131ld\u0131\u011f\u0131 ilk hafta yerli ve yabanc\u0131 turistlerin ilgisini \u00e7ekti. \u0130lk hafta Ters Ev\u2019i 4 bin ki\u015fi ziyaret etti.<\/p>\n<p>Radyal temel \u00fcst\u00fcne ankraj sistemiyle in\u015fa edilen ve e\u011fimi de bulunan Ters Ev\u2019in i\u00e7erisinde yatak odas\u0131, banyo, oturma gruplar\u0131, mutfak ve bir evde bulunan di\u011fer e\u015fyalar ters \u015fekilde monte edildi\u011fi i\u00e7in, insanlar\u0131n dikkatini \u00e7ekiyor. Yerli turistlerin oldu\u011fu kadar yabanc\u0131 turistlerin de ilgisini \u00e7eken Ters Ev projesinin, kentin cazibe merkezlerinden birisi haline gelmesi bekleniyor.<\/p>\n<p>&#8220;Ters Ev Ordu\u2019nun turizm noktalar\u0131ndan biri olacak\u201d<\/p>\n<p>Ters Ev\u2019in Ordu\u2019nun \u00f6nemli turizm noktalar\u0131ndan birisi haline gelece\u011fini ifade eden Ordu B\u00fcy\u00fck\u015fehir Belediye Ba\u015fkan\u0131 Mehmet Hilmi G\u00fcler, turizm noktalar\u0131n\u0131 canland\u0131rmak i\u00e7in \u00e7al\u0131\u015fmalar\u0131na h\u0131z verdiklerini s\u00f6yledi. Ordu\u2019yu turizmin g\u00f6zdesi yapmay\u0131 planlad\u0131klar\u0131n\u0131 aktaran Ba\u015fkan G\u00fcler, \u201cOrdu yaylalar\u0131 ve mavi denizi ile Karadeniz\u2019in turizm noktas\u0131. Bizlerde ilimizin turizm noktalar\u0131n\u0131 canland\u0131rmak i\u00e7in \u00e7al\u0131\u015fmalar\u0131m\u0131za h\u0131z verdik. Bu kapsamda yerli ve yabanc\u0131 turistlerin ilgi oda\u011f\u0131 olan ve bunu ilk g\u00fcnlerinde bize g\u00f6steren Ters Ev projesini hizmete sunduk. Ters Evi Ordu\u2019nun \u00f6nemli turizm alanlar\u0131ndan bir tanesi yapaca\u011f\u0131z. Konumu ile herkesim kolayl\u0131kla ula\u015faca\u011f\u0131 Ters Ev ilimiz turizmine katk\u0131 sunacak\u201d dedi.<\/p>\n<p>Yerli ve yabanc\u0131 turistlerin ilgi oda\u011f\u0131 \u2018Ters Ev\u2019<\/p>\n<p>1 hafta \u00f6nce a\u00e7\u0131lmas\u0131na ra\u011fmen 4 binin \u00fczerinde ziyaret\u00e7i a\u011f\u0131rlayan \u2019Ters Ev\u2019 g\u00f6renlerin ilgisini \u00e7ekiyor. Ters Ev\u2019i ziyaret eden vatanda\u015flar bu an\u0131 \u00f6l\u00fcms\u00fczle\u015ftirmek i\u00e7in cep telefonlar\u0131 ve foto\u011fraf makineleriyle Ters Ev\u2019de foto\u011fraf \u00e7ekmeyi de ihmal etmiyor. Ters Ev hakk\u0131nda d\u00fc\u015f\u00fcncelerini payla\u015fan vatanda\u015flar ise \u00e7ok \u00f6zel ve g\u00fczel bir \u00e7al\u0131\u015fma yap\u0131ld\u0131\u011f\u0131n\u0131 belirterek bu ve buna benzer turizm yap\u0131lar\u0131n\u0131n artmas\u0131n\u0131 talep ediyor.<\/p>\n","protected":false},"excerpt":{"rendered":"<p>ORDU B\u00dcY\u00dcK\u015eEH\u0130R BELED\u0130YES\u0130 TARAFINDAN YAPIMI TAMAMLANAN TERS EV VATANDA\u015eLARIN \u0130LG\u0130 ODA\u011eI OLDU.<\/p>\n","protected":false},"author":1,"featured_media":0,"comment_status":"closed","ping_status":"open","sticky":false,"template":"","format":"standard","meta":{"jetpack_post_was_ever_published":false,"_jetpack_newsletter_access":"","_jetpack_dont_email_post_to_subs":false,"_jetpack_newsletter_tier_id":0,"_jetpack_memberships_contains_paywalled_content":false,"_jetpack_memberships_contains_paid_content":false,"footnotes":"","jetpack_publicize_message":"","jetpack_publicize_feature_enabled":true,"jetpack_social_post_already_shared":true,"jetpack_social_options":{"image_generator_settings":{"template":"highway","default_image_id":0,"font":"","enabled":false},"version":2}},"categories":[1],"tags":[1726,9382,77,583],"class_list":["post-173078","post","type-post","status-publish","format-standard","hentry","category-genel","tag-ilgi","tag-odagi","tag-oldu","tag-ters"],"jetpack_publicize_connections":[],"jetpack_featured_media_url":"","jetpack_sharing_enabled":true,"jetpack_shortlink":"https:\/\/wp.me\/paKIfm-J1A","_links":{"self":[{"href":"http:\/\/www.tvturk.com\/index.php\/wp-json\/wp\/v2\/posts\/173078","targetHints":{"allow":["GET"]}}],"collection":[{"href":"http:\/\/www.tvturk.com\/index.php\/wp-json\/wp\/v2\/posts"}],"about":[{"href":"http:\/\/www.tvturk.com\/index.php\/wp-json\/wp\/v2\/types\/post"}],"author":[{"embeddable":true,"href":"http:\/\/www.tvturk.com\/index.php\/wp-json\/wp\/v2\/users\/1"}],"replies":[{"embeddable":true,"href":"http:\/\/www.tvturk.com\/index.php\/wp-json\/wp\/v2\/comments?post=173078"}],"version-history":[{"count":0,"href":"http:\/\/www.tvturk.com\/index.php\/wp-json\/wp\/v2\/posts\/173078\/revisions"}],"wp:attachment":[{"href":"http:\/\/www.tvturk.com\/index.php\/wp-json\/wp\/v2\/media?parent=173078"}],"wp:term":[{"taxonomy":"category","embeddable":true,"href":"http:\/\/www.tvturk.com\/index.php\/wp-json\/wp\/v2\/categories?post=173078"},{"taxonomy":"post_tag","embeddable":true,"href":"http:\/\/www.tvturk.com\/index.php\/wp-json\/wp\/v2\/tags?post=173078"}],"curies":[{"name":"wp","href":"https:\/\/api.w.org\/{rel}","templated":true}]}}