{"id":173096,"date":"2019-06-23T17:46:14","date_gmt":"2019-06-23T14:46:14","guid":{"rendered":"http:\/\/www.tvturk.com\/index.php\/kktc-basbakani-tatardan-haberlere-yalanlama-benim-agzimdan-las-vegas-kelimesi-cikmadi\/"},"modified":"2019-06-23T17:46:14","modified_gmt":"2019-06-23T14:46:14","slug":"kktc-basbakani-tatardan-haberlere-yalanlama-benim-agzimdan-las-vegas-kelimesi-cikmadi","status":"publish","type":"post","link":"http:\/\/www.tvturk.com\/index.php\/kktc-basbakani-tatardan-haberlere-yalanlama-benim-agzimdan-las-vegas-kelimesi-cikmadi\/","title":{"rendered":"KKTC Ba\u015fbakan\u0131 Tatar\u2019dan haberlere yalanlama: &#8220;Benim a\u011fz\u0131mdan \u2019Las Vegas\u2019 kelimesi \u00e7\u0131kmad\u0131&#8221;"},"content":{"rendered":"<p>KKTC Ba\u015fbakan\u0131 Ersin Tatar, kapal\u0131 Mara\u015f konusundaki a\u00e7\u0131klamalar\u0131n\u0131n bas\u0131nda magazinsel olarak farkl\u0131 yans\u0131t\u0131ld\u0131\u011f\u0131n\u0131 belirterek, \u201cBenim a\u011fz\u0131mdan \u2019Las Vegas\u2019 kelimesi \u00e7\u0131kmad\u0131, ayaklar\u0131m yere bas\u0131yor\u201d dedi.<\/p>\n<p>KKTC Ba\u015fbakan\u0131 Ersin Tatar, kapal\u0131 Mara\u015f konusunda ya\u015fanan tart\u0131\u015fmalara a\u00e7\u0131kl\u0131k getirdi. Kapal\u0131 Mara\u015f konusunda at\u0131lan ad\u0131mlara dikkat \u00e7eken Tatar, D\u0131\u015fi\u015fleri Bakan\u0131\u2019n\u0131n Bakanlar Kurulu sonras\u0131 bu konuda gerekli a\u00e7\u0131klamay\u0131 yapt\u0131\u011f\u0131n\u0131 hat\u0131rlatt\u0131. Olay\u0131n bas\u0131nda biraz magazinsel olarak farkl\u0131 yans\u0131t\u0131ld\u0131\u011f\u0131n\u0131 belirten Tatar, \u201cBenim a\u011fz\u0131mdan \u2019Las Vegas\u2019 kelimesi \u00e7\u0131kmad\u0131, ayaklar\u0131m yere bas\u0131yor\u201d dedi. Tatar, \u201cBu bir projedir ve T\u00fcrkiye ile de g\u00f6r\u00fc\u015f\u00fclm\u00fc\u015ft\u00fcr. Mara\u015f KKTC topraklar\u0131 i\u00e7indedir. Onu orada bekleyip koruyan da bizim g\u00fcvenlik g\u00fc\u00e7lerimizdir. Ama KKTC\u2019nin kapasitesi buna yeterli olmad\u0131\u011f\u0131 i\u00e7in bekletilmi\u015ftir. Son 50 senedir g\u00f6r\u00fc\u015fmelerde bir geli\u015fme olursa bunun pazarl\u0131k unsuru olarak tutulabilece\u011fi d\u00fc\u015f\u00fcn\u00fclm\u00fc\u015ft\u00fcr. Gelinen a\u015famada ufukta herhangi bir anla\u015fma g\u00f6r\u00fclm\u00fcyor. Rum taraf\u0131 tek tarafl\u0131 olarak adan\u0131n etraf\u0131ndaki milyarlarca dolarl\u0131k petrol ve gaz rezervleri i\u00e7in uluslararas\u0131 hukuka, K\u0131br\u0131s Cumhuriyeti Anayasas\u0131na her \u015feye ayk\u0131r\u0131 olarak anla\u015fmalar yapt\u0131. Cumhurba\u015fkan\u0131 Ak\u0131nc\u0131 da  \u2018Bekleyin g\u00f6r\u00fc\u015fmelerden ne \u00e7\u0131kacak bakal\u0131m sonra yapars\u0131n\u0131z ya da en az\u0131ndan ortak i\u015fbirli\u011fi yapal\u0131m\u2019 dedi ama olumlu cevap alamad\u0131. Rumlar bu \u015fekilde K\u0131br\u0131s T\u00fcrk\u00fcn\u00fc yok say\u0131yorlarsa \u2018biz de art\u0131k politika de\u011fi\u015fikli\u011fine gideriz\u2019 diyoruz\u201d ifadelerini kulland\u0131.<\/p>\n<p>KKTC Cumhurba\u015fkan\u0131 Mustafa Ak\u0131nc\u0131\u2019n\u0131n Mara\u015f karar\u0131ndan haberi olmamas\u0131 konusunu da de\u011ferlendiren Tatar, \u201cCumhurba\u015fkan\u0131 g\u00f6r\u00fc\u015fmelerin y\u00fcr\u00fct\u00fclmesi i\u00e7in se\u00e7ilmi\u015f bir ki\u015fidir. Biz h\u00fck\u00fcmetiz dolay\u0131s\u0131yla y\u00f6netim i\u00e7in bir tak\u0131m \u00e7al\u0131\u015fmalar i\u00e7erisinde olabiliriz\u201d dedi.<\/p>\n<p>Mara\u015f i\u00e7in ilk ba\u015fta bir envanter \u00e7al\u0131\u015fmas\u0131 yap\u0131laca\u011f\u0131n\u0131 vurgulayan Tatar, Mara\u015f\u2019ta binlerce d\u00f6n\u00fcm vak\u0131f arazisi bulundu\u011funu, Osmanl\u0131 zaman\u0131ndan kalan T\u00fcrk arazileri oldu\u011funu belirterek, \u201cBunlar bizden \u00e7al\u0131nm\u0131\u015ft\u0131r. Adamlar \u00fczerine in\u015faat yapt\u0131\u011f\u0131 i\u00e7in hak iddia ediyorlar\u201d \u015feklinde konu\u015ftu. Avrupa mahkemelerine kadar giden baz\u0131 ihtilaflar bulundu\u011funa i\u015faret eden Tatar, bunlar\u0131n netle\u015fmesi gerekti\u011fini s\u00f6yledi.<\/p>\n<p>\u201cT\u00fcrk y\u00f6netiminde a\u00e7\u0131lacak\u201d<\/p>\n<p>Tatar, \u201cBizim projemiz Mara\u015f\u2019\u0131n T\u00fcrk y\u00f6netiminde a\u00e7\u0131lmas\u0131d\u0131r. \u00d6n\u00fcm\u00fczdeki aylarda veya y\u0131llarda bu takvimlendirilecek. \u0130lk \u00f6nce envanter \u00e7al\u0131\u015fmas\u0131 yap\u0131lacak. Ta\u015f\u0131nmaz Mal Komisyonu\u2019nun da oradaki hak sahiplerinden ba\u015fvuru kabul etmesi veya mal sahiplerinin oraya gelip yat\u0131r\u0131mlar\u0131n\u0131 tekrar canland\u0131rmalar\u0131 T\u00fcrk y\u00f6netiminde olacak. Yani buras\u0131 T\u00fcrk y\u00f6netiminde a\u00e7\u0131lacak ve yat\u0131r\u0131mlar yap\u0131lacak\u201d ifadelerini kulland\u0131.<\/p>\n<p>Tatar, uzmanlar\u0131n envanter \u00e7al\u0131\u015fmas\u0131 yapaca\u011f\u0131n\u0131 ve tapular\u0131n derinlemesine ara\u015ft\u0131r\u0131l\u0131p, hissedarlar\u0131n da belirlenerek yol haritas\u0131 \u00e7izilece\u011fini s\u00f6yledi.<\/p>\n<p>Daha \u00f6nce bas\u0131nda \u00e7\u0131kan haberlerde Tatar\u2019\u0131n &#8220;Bir hayalet \u015fehir olan kapal\u0131 Mara\u015f yeniden Las Vegas olacakt\u0131r&#8221; ifadeleri yer alm\u0131\u015ft\u0131.<\/p>\n","protected":false},"excerpt":{"rendered":"<p>KKTC BA\u015eBAKANI ERS\u0130N TATAR, KAPALI MARA\u015e KONUSUNDAK\u0130 A\u00c7IKLAMALARININ BASINDA MAGAZ\u0130NSEL OLARAK FARKLI YANSITILDI\u011eINI BEL\u0130RTEREK, \u201cBEN\u0130M A\u011eZIMDAN &#8216;LAS VEGAS&#8217; KEL\u0130MES\u0130 \u00c7IKMADI, AYAKLARIM YERE BASIYOR\u201d DED\u0130.<\/p>\n","protected":false},"author":1,"featured_media":0,"comment_status":"closed","ping_status":"open","sticky":false,"template":"","format":"standard","meta":{"jetpack_post_was_ever_published":false,"_jetpack_newsletter_access":"","_jetpack_dont_email_post_to_subs":false,"_jetpack_newsletter_tier_id":0,"_jetpack_memberships_contains_paywalled_content":false,"_jetpack_memberships_contains_paid_content":false,"footnotes":"","jetpack_publicize_message":"","jetpack_publicize_feature_enabled":true,"jetpack_social_post_already_shared":true,"jetpack_social_options":{"image_generator_settings":{"template":"highway","default_image_id":0,"font":"","enabled":false},"version":2}},"categories":[10],"tags":[41926,41925,651,13964,8575,35025,36499,9977,41924,41927,10697],"class_list":["post-173096","post","type-post","status-publish","format-standard","hentry","category-dunya","tag-las","tag-agzimdan","tag-basbakani","tag-benim","tag-cikmadi","tag-haberlere","tag-kelimesi","tag-kktc","tag-tatardan","tag-vegas","tag-yalanlama"],"jetpack_publicize_connections":[],"jetpack_featured_media_url":"","jetpack_sharing_enabled":true,"jetpack_shortlink":"https:\/\/wp.me\/paKIfm-J1S","_links":{"self":[{"href":"http:\/\/www.tvturk.com\/index.php\/wp-json\/wp\/v2\/posts\/173096","targetHints":{"allow":["GET"]}}],"collection":[{"href":"http:\/\/www.tvturk.com\/index.php\/wp-json\/wp\/v2\/posts"}],"about":[{"href":"http:\/\/www.tvturk.com\/index.php\/wp-json\/wp\/v2\/types\/post"}],"author":[{"embeddable":true,"href":"http:\/\/www.tvturk.com\/index.php\/wp-json\/wp\/v2\/users\/1"}],"replies":[{"embeddable":true,"href":"http:\/\/www.tvturk.com\/index.php\/wp-json\/wp\/v2\/comments?post=173096"}],"version-history":[{"count":0,"href":"http:\/\/www.tvturk.com\/index.php\/wp-json\/wp\/v2\/posts\/173096\/revisions"}],"wp:attachment":[{"href":"http:\/\/www.tvturk.com\/index.php\/wp-json\/wp\/v2\/media?parent=173096"}],"wp:term":[{"taxonomy":"category","embeddable":true,"href":"http:\/\/www.tvturk.com\/index.php\/wp-json\/wp\/v2\/categories?post=173096"},{"taxonomy":"post_tag","embeddable":true,"href":"http:\/\/www.tvturk.com\/index.php\/wp-json\/wp\/v2\/tags?post=173096"}],"curies":[{"name":"wp","href":"https:\/\/api.w.org\/{rel}","templated":true}]}}