{"id":173100,"date":"2019-06-23T18:01:43","date_gmt":"2019-06-23T15:01:43","guid":{"rendered":"http:\/\/www.tvturk.com\/index.php\/kilicdaroglu-chp-genel-merkezine-giris-yapti\/"},"modified":"2019-06-23T18:01:43","modified_gmt":"2019-06-23T15:01:43","slug":"kilicdaroglu-chp-genel-merkezine-giris-yapti","status":"publish","type":"post","link":"http:\/\/www.tvturk.com\/index.php\/kilicdaroglu-chp-genel-merkezine-giris-yapti\/","title":{"rendered":"K\u0131l\u0131\u00e7daro\u011flu CHP Genel Merkezi\u2019ne giri\u015f yapt\u0131"},"content":{"rendered":"<p>Cumhuriyet Halk Partisi (CHP) Genel Ba\u015fkan\u0131 Kemal K\u0131l\u0131\u00e7daro\u011flu, Parti Genel Merkezi\u2019ne giri\u015f yapt\u0131.<\/p>\n<p>CHP Genel Ba\u015fkan\u0131 K\u0131l\u0131\u00e7daro\u011flu, bas\u0131n mensuplar\u0131n\u0131n \u0130stanbul se\u00e7imlerine y\u00f6nelik sorusu \u00fczerine \u201cHer \u015fey \u00e7ok g\u00fczel olacak\u201d a\u00e7\u0131klamas\u0131nda bulundu.<\/p>\n<p>CHP Genel Ba\u015fkan\u0131 K\u0131l\u0131\u00e7daro\u011flu se\u00e7imi makam odas\u0131ndan izleyecek.<\/p>\n","protected":false},"excerpt":{"rendered":"<p>CUMHUR\u0130YET HALK PART\u0130S\u0130 (CHP) GENEL BA\u015eKANI KEMAL KILI\u00c7DARO\u011eLU, PART\u0130 GENEL MERKEZ\u0130\u2019NE G\u0130R\u0130\u015e YAPTI.<\/p>\n","protected":false},"author":1,"featured_media":0,"comment_status":"closed","ping_status":"open","sticky":false,"template":"","format":"standard","meta":{"jetpack_post_was_ever_published":false,"_jetpack_newsletter_access":"","_jetpack_dont_email_post_to_subs":false,"_jetpack_newsletter_tier_id":0,"_jetpack_memberships_contains_paywalled_content":false,"_jetpack_memberships_contains_paid_content":false,"footnotes":"","jetpack_publicize_message":"","jetpack_publicize_feature_enabled":true,"jetpack_social_post_already_shared":true,"jetpack_social_options":{"image_generator_settings":{"template":"highway","default_image_id":0,"font":"","enabled":false},"version":2}},"categories":[1],"tags":[30,869,2256,170,631,292],"class_list":["post-173100","post","type-post","status-publish","format-standard","hentry","category-genel","tag-chp","tag-genel","tag-giris","tag-kilicdaroglu","tag-merkezine","tag-yapti"],"jetpack_publicize_connections":[],"jetpack_featured_media_url":"","jetpack_sharing_enabled":true,"jetpack_shortlink":"https:\/\/wp.me\/paKIfm-J1W","_links":{"self":[{"href":"http:\/\/www.tvturk.com\/index.php\/wp-json\/wp\/v2\/posts\/173100","targetHints":{"allow":["GET"]}}],"collection":[{"href":"http:\/\/www.tvturk.com\/index.php\/wp-json\/wp\/v2\/posts"}],"about":[{"href":"http:\/\/www.tvturk.com\/index.php\/wp-json\/wp\/v2\/types\/post"}],"author":[{"embeddable":true,"href":"http:\/\/www.tvturk.com\/index.php\/wp-json\/wp\/v2\/users\/1"}],"replies":[{"embeddable":true,"href":"http:\/\/www.tvturk.com\/index.php\/wp-json\/wp\/v2\/comments?post=173100"}],"version-history":[{"count":0,"href":"http:\/\/www.tvturk.com\/index.php\/wp-json\/wp\/v2\/posts\/173100\/revisions"}],"wp:attachment":[{"href":"http:\/\/www.tvturk.com\/index.php\/wp-json\/wp\/v2\/media?parent=173100"}],"wp:term":[{"taxonomy":"category","embeddable":true,"href":"http:\/\/www.tvturk.com\/index.php\/wp-json\/wp\/v2\/categories?post=173100"},{"taxonomy":"post_tag","embeddable":true,"href":"http:\/\/www.tvturk.com\/index.php\/wp-json\/wp\/v2\/tags?post=173100"}],"curies":[{"name":"wp","href":"https:\/\/api.w.org\/{rel}","templated":true}]}}