{"id":173108,"date":"2019-06-23T18:31:43","date_gmt":"2019-06-23T15:31:43","guid":{"rendered":"http:\/\/www.tvturk.com\/index.php\/menderes-turelin-annesi-son-yolculuguna-ugurlandi\/"},"modified":"2019-06-23T18:31:43","modified_gmt":"2019-06-23T15:31:43","slug":"menderes-turelin-annesi-son-yolculuguna-ugurlandi","status":"publish","type":"post","link":"http:\/\/www.tvturk.com\/index.php\/menderes-turelin-annesi-son-yolculuguna-ugurlandi\/","title":{"rendered":"Menderes T\u00fcrel\u2019in annesi son yolculu\u011funa u\u011furland\u0131"},"content":{"rendered":"<p>Antalya B\u00fcy\u00fck\u015fehir Belediyesi eski Ba\u015fkan\u0131 Menderes T\u00fcrel\u2019in tedavi g\u00f6rd\u00fc\u011f\u00fc hastanede 81 ya\u015f\u0131nda vefat eden annesi Ser\u00e7in \u0130nci T\u00fcrel, son yolculu\u011funa u\u011furland\u0131. Cenaze t\u00f6reninde tabutun ba\u015f\u0131ndan ayr\u0131lmayan torun Ak\u0131n T\u00fcrel, babaannesinin naa\u015f\u0131n\u0131 babas\u0131yla birlikte s\u0131rtlad\u0131.<\/p>\n<p>Antalya B\u00fcy\u00fck\u015fehir Belediyesi eski Ba\u015fkan\u0131 Menderes T\u00fcrel\u2019in yakla\u015f\u0131k 4,5 ayd\u0131r rahats\u0131zl\u0131\u011f\u0131 nedeniyle \u00f6zel bir hastanede yo\u011fun bak\u0131m \u00fcnitesinde tedavi g\u00f6ren annesi Ser\u00e7in \u0130nci T\u00fcrel, d\u00fcn \u00f6\u011fle saatlerinde ya\u015fam\u0131n\u0131 yitirdi.<\/p>\n<p>\u0130nci T\u00fcrel\u2019in cenaze t\u00f6reni, ikindi vakti Muratpa\u015fa Camii\u2019nde yap\u0131ld\u0131. T\u00f6rene D\u0131\u015fi\u015fleri Bakan\u0131 Mevl\u00fct \u00c7avu\u015fo\u011flu, Antalya Valisi M\u00fcnir Karalo\u011flu, , \u0130l Jandarma Komutan\u0131 Tu\u011fgeneral Tekin Aktemur, Antalya B\u00fcy\u00fck\u015fehir Belediye Ba\u015fkan\u0131 Muhittin B\u00f6cek, \u0130l Emniyet M\u00fcd\u00fcr\u00fc Mehmet Murat Ulucan, il\u00e7e belediye ba\u015fkanlar\u0131, Antalya \u0130l M\u00fcft\u00fcs\u00fc Osman Artan, siyasi partilerin il ve il\u00e7e ba\u015fkanlar\u0131, oda ba\u015fkanlar\u0131, AK Parti Antalya eski Milletvekili H\u00fcseyin Samani, oyuncu Necati \u015ea\u015fmaz, i\u015f insanlar\u0131 ve \u00e7ok say\u0131da vatanda\u015f kat\u0131ld\u0131.<\/p>\n<p>Menderes T\u00fcrel ve e\u015fi Ebru T\u00fcrel taziyeleri kabul ederken, Menderes T\u00fcrel\u2019in k\u00fc\u00e7\u00fck o\u011flu Ak\u0131n T\u00fcrel ise babaannesinin tabutunun ba\u015f\u0131ndan bir an olsun ayr\u0131lmad\u0131.<\/p>\n<p>Ser\u00e7in \u0130nci T\u00fcrel\u2019in cenaze namaz\u0131n\u0131 M\u00fcft\u00fc Osman Artan k\u0131ld\u0131rd\u0131. \u0130nci T\u00fcrel, k\u0131l\u0131nan cenaze namaz\u0131n ard\u0131ndan Uncal\u0131 Mezarl\u0131\u011f\u0131\u2019ndaki aile kabristan\u0131nda topra\u011fa verildi.<\/p>\n","protected":false},"excerpt":{"rendered":"<p>ANTALYA B\u00dcY\u00dcK\u015eEH\u0130R BELED\u0130YES\u0130 ESK\u0130 BA\u015eKANI MENDERES T\u00dcREL&#8217;\u0130N TEDAV\u0130 G\u00d6RD\u00dc\u011e\u00dc HASTANEDE 81 YA\u015eINDA VEFAT EDEN ANNES\u0130 SER\u00c7\u0130N \u0130NC\u0130 T\u00dcREL, SON YOLCULU\u011eUNA U\u011eURLANDI. CENAZE T\u00d6REN\u0130NDE TABUTUN BA\u015eINDAN AYRILMAYAN TORUN AKIN T\u00dcREL, BABAANNES\u0130N\u0130N NAA\u015eINI BABASIYLA B\u0130RL\u0130KTE SIRTLADI.<\/p>\n","protected":false},"author":1,"featured_media":0,"comment_status":"closed","ping_status":"open","sticky":false,"template":"","format":"standard","meta":{"jetpack_post_was_ever_published":false,"_jetpack_newsletter_access":"","_jetpack_dont_email_post_to_subs":false,"_jetpack_newsletter_tier_id":0,"_jetpack_memberships_contains_paywalled_content":false,"_jetpack_memberships_contains_paid_content":false,"footnotes":"","jetpack_publicize_message":"","jetpack_publicize_feature_enabled":true,"jetpack_social_post_already_shared":true,"jetpack_social_options":{"image_generator_settings":{"template":"highway","default_image_id":0,"font":"","enabled":false},"version":2}},"categories":[1],"tags":[5282,17500,1240,41929,2516,2515],"class_list":["post-173108","post","type-post","status-publish","format-standard","hentry","category-genel","tag-annesi","tag-menderes","tag-son","tag-turelin","tag-ugurlandi","tag-yolculuguna"],"jetpack_publicize_connections":[],"jetpack_featured_media_url":"","jetpack_sharing_enabled":true,"jetpack_shortlink":"https:\/\/wp.me\/paKIfm-J24","_links":{"self":[{"href":"http:\/\/www.tvturk.com\/index.php\/wp-json\/wp\/v2\/posts\/173108","targetHints":{"allow":["GET"]}}],"collection":[{"href":"http:\/\/www.tvturk.com\/index.php\/wp-json\/wp\/v2\/posts"}],"about":[{"href":"http:\/\/www.tvturk.com\/index.php\/wp-json\/wp\/v2\/types\/post"}],"author":[{"embeddable":true,"href":"http:\/\/www.tvturk.com\/index.php\/wp-json\/wp\/v2\/users\/1"}],"replies":[{"embeddable":true,"href":"http:\/\/www.tvturk.com\/index.php\/wp-json\/wp\/v2\/comments?post=173108"}],"version-history":[{"count":0,"href":"http:\/\/www.tvturk.com\/index.php\/wp-json\/wp\/v2\/posts\/173108\/revisions"}],"wp:attachment":[{"href":"http:\/\/www.tvturk.com\/index.php\/wp-json\/wp\/v2\/media?parent=173108"}],"wp:term":[{"taxonomy":"category","embeddable":true,"href":"http:\/\/www.tvturk.com\/index.php\/wp-json\/wp\/v2\/categories?post=173108"},{"taxonomy":"post_tag","embeddable":true,"href":"http:\/\/www.tvturk.com\/index.php\/wp-json\/wp\/v2\/tags?post=173108"}],"curies":[{"name":"wp","href":"https:\/\/api.w.org\/{rel}","templated":true}]}}