{"id":173124,"date":"2019-06-23T22:02:10","date_gmt":"2019-06-23T19:02:10","guid":{"rendered":"http:\/\/www.tvturk.com\/index.php\/iki-turk-ayni-gecede-rakiplerini-nakavt-etti\/"},"modified":"2019-06-23T22:02:10","modified_gmt":"2019-06-23T19:02:10","slug":"iki-turk-ayni-gecede-rakiplerini-nakavt-etti","status":"publish","type":"post","link":"http:\/\/www.tvturk.com\/index.php\/iki-turk-ayni-gecede-rakiplerini-nakavt-etti\/","title":{"rendered":"\u0130ki T\u00fcrk ayn\u0131 gecede rakiplerini nakavt etti"},"content":{"rendered":"<p>Almanya\u2019n\u0131n Wangen kentinde ringe \u00e7\u0131kan F\u0131rat Arslan ve Erkan Teper, rakiplerini nakavt etmeyi ba\u015fard\u0131lar.<\/p>\n<p>T\u00fcrk profesyonel boks tarihinin ilk ve tek d\u00fcnya \u015fampiyonu F\u0131rat Arslan, Almanya\u2019n\u0131n Wangen kentinde \u00e7\u0131kt\u0131\u011f\u0131 ma\u00e7ta Arjantinli rakibi Cesar David Crenz\u2019i ikinci rauntta vurdu\u011fu bir sol kro\u015fe ile nakavt etti. Uzun bir s\u00fcre ringde yatt\u0131ktan sonra aya\u011fa kalkan Arjantinli sporcu, hakeme itiraz etti. Ancak ma\u00e7\u0131n hakemi, \u2018Senin sa\u011fl\u0131\u011f\u0131n\u0131 tehlikeye atamam. \u015eu an i\u00e7in durumun stabil de\u011fil ve daha fazla darbe alman tehlikeli olabilir\u2019 dedi. F\u0131rat Arslan, Kar\u015f\u0131la\u015fman\u0131n ard\u0131ndan yapt\u0131\u011f\u0131 a\u00e7\u0131klamada, &#8220;Daha uzun bir m\u00fccadele yapmak isterdim ancak olmad\u0131 maalesef. Kendisi \u00e7ok iyi bir boks\u00f6r ve onun sa\u011fl\u0131\u011f\u0131 a\u00e7\u0131s\u0131ndan bu sonu\u00e7 en do\u011frusu oldu&#8221; dedi.<\/p>\n<p>Erkan Teper rakibini sol direk ile bay\u0131ltt\u0131<\/p>\n<p>Ayn\u0131 gece ringe \u00e7\u0131kan Avrupa A\u011f\u0131r S\u0131klet \u015eampiyonu Erkan Teper de ba\u015far\u0131l\u0131 bir ma\u00e7 \u00e7\u0131kard\u0131. Teper, m\u00fccadelenin \u00fc\u00e7\u00fcnc\u00fc raundunda rakibinin karn\u0131na vurdu\u011fu bir sol direk ile rakibini yere yat\u0131rd\u0131. Nefes almakta g\u00fc\u00e7l\u00fck \u00e7eken sporcunun antren\u00f6r\u00fc de havlu atarak sporcusunun sa\u011fl\u0131\u011f\u0131yla ilgilendi. Yerden kalkan rakip fazla itiraz etmeden sonucu kabullendi. Salonu t\u0131kl\u0131m t\u0131kl\u0131m dolduran T\u00fcrk seyirciler de ay-y\u0131ld\u0131zl\u0131 bayraklar\u0131 sallayarak, yapt\u0131klar\u0131 tezah\u00fcratlarla boks\u00f6rlere destek oldular.<\/p>\n<p>Vedat Alyaz: &#8220;Gelecekte b\u00fcy\u00fck ba\u015far\u0131lara imza ataca\u011f\u0131z&#8221;<\/p>\n<p>F\u0131rat Arsalan ve Erkan Teper\u2019in bas\u0131n dan\u0131\u015fmanl\u0131\u011f\u0131n\u0131 yapan d\u00f6v\u00fc\u015f sporlar\u0131 yazar\u0131 Vedat Alyaz, her iki boks\u00f6r\u00fcn de performanslar\u0131n\u0131n muhte\u015fem oldu\u011funu belirterek, &#8220;F\u0131rat, kendisinden 10 santim daha uzun olan rakibine kar\u015f\u0131 do\u011fru bir taktik kullanarak, yak\u0131n d\u00f6v\u00fc\u015f\u00fc se\u00e7ti ve rakibine uzak d\u00f6v\u00fc\u015f f\u0131rsat\u0131 vermedi. Zaten formunun zirvesinde, antrenmanlar\u0131n\u0131 hi\u00e7 aksatm\u0131yor ve hatta kendisinden istenenin fazlas\u0131n\u0131 yap\u0131yor. Beslenmesini de ekibimizdeki uzmanlar\u0131n\u0131n g\u00f6zetiminde yap\u0131yor. \u015eu an d\u00fcnyan\u0131n zirvesindeki isimlerle kar\u015f\u0131la\u015fmaya haz\u0131r\u0131z. Erkan Teper ise 1.5 y\u0131ld\u0131r ringlerden uzakt\u0131. \u015eu an formunu yeniden ray\u0131na oturtmu\u015f durumda. 23 kilo vererek 106 kiloya indi. Hedefimiz ise 100 kiloya d\u00fc\u015ferek, kas yap\u0131p bundan sonraki ma\u00e7lara daha g\u00fc\u00e7l\u00fc \u00e7\u0131kmakt\u0131r\u2019 \u015feklinde konu\u015ftu.<\/p>\n","protected":false},"excerpt":{"rendered":"<p>ALMANYA\u2019NIN WANGEN KENT\u0130NDE R\u0130NGE \u00c7IKAN FIRAT ARSLAN VE ERKAN TEPER, RAK\u0130PLER\u0130N\u0130 NAKAVT ETMEY\u0130 BA\u015eARDILAR.<\/p>\n","protected":false},"author":1,"featured_media":0,"comment_status":"closed","ping_status":"open","sticky":false,"template":"","format":"standard","meta":{"jetpack_post_was_ever_published":false,"_jetpack_newsletter_access":"","_jetpack_dont_email_post_to_subs":false,"_jetpack_newsletter_tier_id":0,"_jetpack_memberships_contains_paywalled_content":false,"_jetpack_memberships_contains_paid_content":false,"footnotes":"","jetpack_publicize_message":"","jetpack_publicize_feature_enabled":true,"jetpack_social_post_already_shared":true,"jetpack_social_options":{"image_generator_settings":{"template":"highway","default_image_id":0,"font":"","enabled":false},"version":2}},"categories":[657],"tags":[569,207,12860,1220,32366,16887,957],"class_list":["post-173124","post","type-post","status-publish","format-standard","hentry","category-spor","tag-ayni","tag-etti","tag-gecede","tag-iki","tag-nakavt","tag-rakiplerini","tag-turk"],"jetpack_publicize_connections":[],"jetpack_featured_media_url":"","jetpack_sharing_enabled":true,"jetpack_shortlink":"https:\/\/wp.me\/paKIfm-J2k","_links":{"self":[{"href":"http:\/\/www.tvturk.com\/index.php\/wp-json\/wp\/v2\/posts\/173124","targetHints":{"allow":["GET"]}}],"collection":[{"href":"http:\/\/www.tvturk.com\/index.php\/wp-json\/wp\/v2\/posts"}],"about":[{"href":"http:\/\/www.tvturk.com\/index.php\/wp-json\/wp\/v2\/types\/post"}],"author":[{"embeddable":true,"href":"http:\/\/www.tvturk.com\/index.php\/wp-json\/wp\/v2\/users\/1"}],"replies":[{"embeddable":true,"href":"http:\/\/www.tvturk.com\/index.php\/wp-json\/wp\/v2\/comments?post=173124"}],"version-history":[{"count":0,"href":"http:\/\/www.tvturk.com\/index.php\/wp-json\/wp\/v2\/posts\/173124\/revisions"}],"wp:attachment":[{"href":"http:\/\/www.tvturk.com\/index.php\/wp-json\/wp\/v2\/media?parent=173124"}],"wp:term":[{"taxonomy":"category","embeddable":true,"href":"http:\/\/www.tvturk.com\/index.php\/wp-json\/wp\/v2\/categories?post=173124"},{"taxonomy":"post_tag","embeddable":true,"href":"http:\/\/www.tvturk.com\/index.php\/wp-json\/wp\/v2\/tags?post=173124"}],"curies":[{"name":"wp","href":"https:\/\/api.w.org\/{rel}","templated":true}]}}