{"id":173144,"date":"2019-06-24T09:16:14","date_gmt":"2019-06-24T06:16:14","guid":{"rendered":"http:\/\/www.tvturk.com\/index.php\/kadinlarin-kislik-hazirliklari-erken-basladi\/"},"modified":"2019-06-24T09:16:14","modified_gmt":"2019-06-24T06:16:14","slug":"kadinlarin-kislik-hazirliklari-erken-basladi","status":"publish","type":"post","link":"http:\/\/www.tvturk.com\/index.php\/kadinlarin-kislik-hazirliklari-erken-basladi\/","title":{"rendered":"Kad\u0131nlar\u0131n k\u0131\u015fl\u0131k haz\u0131rl\u0131klar\u0131 erken ba\u015flad\u0131"},"content":{"rendered":"<p>Yaz aylar\u0131n\u0131 yazl\u0131klarda ge\u00e7iren Vanl\u0131 kad\u0131nlar, sofralar\u0131n vazge\u00e7ilmez yemeklerinden olan eri\u015fteyi keserek k\u0131\u015fa haz\u0131rl\u0131k yapmaya ba\u015flad\u0131.<\/p>\n<p>Yaz tatilinin ba\u015flamas\u0131yla birlikte kent merkezinden k\u00f6ylerine giden kad\u0131nlar, bu y\u0131l k\u0131\u015f haz\u0131rl\u0131klar\u0131na erken ba\u015flad\u0131. K\u00f6ydeki yazl\u0131klar\u0131nda bir araya gelen kad\u0131nlar, \u00f6zenle kestikleri eri\u015fteyi evdeki bo\u015f odalara sererek kurutmaya \u00e7al\u0131\u015f\u0131yor. Kad\u0131nlar, kuruttuklar\u0131 eri\u015fteyi hem kendi aileleri i\u00e7in haz\u0131rl\u0131yor hem de sipari\u015f \u00fczerine satarak aile b\u00fct\u00e7esine katk\u0131 sa\u011fl\u0131yor.<\/p>\n<p>\u0130HA muhabirine konu\u015fan Emine Kasap isimli vatanda\u015f, k\u00f6ydeki hayat\u0131n g\u00fczel ve yo\u011fun ge\u00e7ti\u011fini belirtti. Kasap, eri\u015fte kesiminin eyl\u00fcl ay\u0131na kadar devam etti\u011fini s\u00f6yledi. K\u00f6ydeki her kad\u0131n\u0131n eri\u015fte kesti\u011fini dile getiren Kasap, kad\u0131nlarla birlikte \u00e7al\u0131\u015ft\u0131klar\u0131, yedikleri, i\u00e7tikleri ve gezdikleri i\u00e7in yaz aylar\u0131n\u0131n kendileri i\u00e7in \u00e7ok keyifli ge\u00e7ti\u011fini kaydetti.<\/p>\n<p>\u201cHem ev i\u00e7in hem de m\u00fc\u015fterilerimiz i\u00e7in haz\u0131rl\u0131yoruz\u201d<\/p>\n<p>K\u0131\u015f aylar\u0131nda il merkezinde kald\u0131klar\u0131n\u0131 ve yaz aylar\u0131n\u0131 da ailece yazl\u0131kta ge\u00e7irdiklerini ifade eden Sayime Kasap ise geldikleri yazl\u0131kta bo\u015f durmayarak k\u0131\u015fl\u0131k haz\u0131rl\u0131klar\u0131n\u0131 yapt\u0131klar\u0131n\u0131 s\u00f6yledi. Havalar so\u011fudu\u011fu zaman tekrar Van il merkezine d\u00f6neceklerine dikkat \u00e7eken Kasap, kestikleri eri\u015fteyi hem ev i\u00e7in hem de kendi \u00f6zel m\u00fc\u015fterileri i\u00e7in haz\u0131rlad\u0131klar\u0131n\u0131 dile getirdi.<\/p>\n","protected":false},"excerpt":{"rendered":"<p>YAZ AYLARINI YAZLIKLARDA GE\u00c7\u0130REN VANLI KADINLAR, SOFRALARIN VAZGE\u00c7\u0130LMEZ YEMEKLER\u0130NDEN OLAN ER\u0130\u015eTEY\u0130 KESEREK KI\u015eA HAZIRLIK YAPMAYA BA\u015eLADI.<\/p>\n","protected":false},"author":1,"featured_media":0,"comment_status":"closed","ping_status":"open","sticky":false,"template":"","format":"standard","meta":{"jetpack_post_was_ever_published":false,"_jetpack_newsletter_access":"","_jetpack_dont_email_post_to_subs":false,"_jetpack_newsletter_tier_id":0,"_jetpack_memberships_contains_paywalled_content":false,"_jetpack_memberships_contains_paid_content":false,"footnotes":"","jetpack_publicize_message":"","jetpack_publicize_feature_enabled":true,"jetpack_social_post_already_shared":true,"jetpack_social_options":{"image_generator_settings":{"template":"highway","default_image_id":0,"font":"","enabled":false},"version":2}},"categories":[1],"tags":[55,4955,3026,2098,41939],"class_list":["post-173144","post","type-post","status-publish","format-standard","hentry","category-genel","tag-basladi","tag-erken","tag-hazirliklari","tag-kadinlarin","tag-kislik"],"jetpack_publicize_connections":[],"jetpack_featured_media_url":"","jetpack_sharing_enabled":true,"jetpack_shortlink":"https:\/\/wp.me\/paKIfm-J2E","_links":{"self":[{"href":"http:\/\/www.tvturk.com\/index.php\/wp-json\/wp\/v2\/posts\/173144","targetHints":{"allow":["GET"]}}],"collection":[{"href":"http:\/\/www.tvturk.com\/index.php\/wp-json\/wp\/v2\/posts"}],"about":[{"href":"http:\/\/www.tvturk.com\/index.php\/wp-json\/wp\/v2\/types\/post"}],"author":[{"embeddable":true,"href":"http:\/\/www.tvturk.com\/index.php\/wp-json\/wp\/v2\/users\/1"}],"replies":[{"embeddable":true,"href":"http:\/\/www.tvturk.com\/index.php\/wp-json\/wp\/v2\/comments?post=173144"}],"version-history":[{"count":0,"href":"http:\/\/www.tvturk.com\/index.php\/wp-json\/wp\/v2\/posts\/173144\/revisions"}],"wp:attachment":[{"href":"http:\/\/www.tvturk.com\/index.php\/wp-json\/wp\/v2\/media?parent=173144"}],"wp:term":[{"taxonomy":"category","embeddable":true,"href":"http:\/\/www.tvturk.com\/index.php\/wp-json\/wp\/v2\/categories?post=173144"},{"taxonomy":"post_tag","embeddable":true,"href":"http:\/\/www.tvturk.com\/index.php\/wp-json\/wp\/v2\/tags?post=173144"}],"curies":[{"name":"wp","href":"https:\/\/api.w.org\/{rel}","templated":true}]}}