{"id":173162,"date":"2019-06-24T09:46:45","date_gmt":"2019-06-24T06:46:45","guid":{"rendered":"http:\/\/www.tvturk.com\/index.php\/ozel-haber-ata-sporu-atli-cirite-kadin-eli-degdi\/"},"modified":"2019-06-24T09:46:45","modified_gmt":"2019-06-24T06:46:45","slug":"ozel-haber-ata-sporu-atli-cirite-kadin-eli-degdi","status":"publish","type":"post","link":"http:\/\/www.tvturk.com\/index.php\/ozel-haber-ata-sporu-atli-cirite-kadin-eli-degdi\/","title":{"rendered":"(\u00d6zel haber) Ata sporu atl\u0131 cirite kad\u0131n eli de\u011fdi"},"content":{"rendered":"<p>Erkek sporu olarak bilinen cirite kad\u0131n eli de\u011fdi. Erzurum\u2019da yap\u0131lan Kul\u00fcpler Aras\u0131 Mahalli Lig Atl\u0131 Cirit m\u00fcsabakalar\u0131n\u0131 kad\u0131n hakemler y\u00f6netiyor.<\/p>\n<p>Geleneksel Spor Dallar\u0131 Federasyonu taraf\u0131ndan 5 y\u0131l \u00f6nce d\u00fczenlenen s\u0131navlardan ba\u015far\u0131yla ge\u00e7erek cirit hakemi olmaya hak kazanan 25 ya\u015f\u0131ndaki Sema \u00c7evik, Erzurum\u2019da yap\u0131lan atl\u0131 cirit ma\u00e7lar\u0131n\u0131 y\u00f6netmeye ba\u015flad\u0131. 4 kad\u0131n hakem hafta sonlar\u0131 Erzurum Cirit sahas\u0131nda oynanan atl\u0131 cirit ma\u00e7lar\u0131n\u0131 y\u00f6netirken, \u00e7ok say\u0131da cirit sever de hakemlerin kad\u0131n olmas\u0131ndan memnuniyet duyduklar\u0131n\u0131 belirtti. Son olarak Esdada\u015f Atl\u0131 Spor Kul\u00fcb\u00fc ve Il\u0131ca Termal Atl\u0131 Spor Kul\u00fcb\u00fc aras\u0131nda oynanan m\u00fcsabakay\u0131 y\u00f6neten Sema \u00c7evik taraftarlardan tam not ald\u0131.<\/p>\n<p>Cirit kar\u015f\u0131la\u015fmas\u0131n\u0131 hakem kul\u00fcbesinden y\u00f6neten kad\u0131n hakemler, kurallara da son derece dikkat ediyor. Hakem Sema \u00c7evik, mesle\u011fe babas\u0131n\u0131n iste\u011fi ile ba\u015flad\u0131\u011f\u0131n\u0131 ifade ederek, \u201cCirit hakemli\u011fini yakla\u015f\u0131k 5 y\u0131ld\u0131r yap\u0131yorum. Benim babam cirit oynuyordu, benim de ilgimi \u00e7ekti bu durum. Atlar\u0131 da \u00e7ok severdim. Sonra kendimi nas\u0131l bu konuda ilerletirim diye d\u00fc\u015f\u00fcnd\u00fcm. Hakemli\u011fini yapay\u0131m dedim ve sertifikas\u0131n\u0131 ald\u0131m. \u0130\u015fimden de \u00e7ok memnunum\u201d dedi.<\/p>\n<p>K\u00f6t\u00fc tepki de ald\u0131klar\u0131n\u0131 ama genellikle taraftarlar\u0131n iyi tepki g\u00f6sterdi\u011fini belirten hakem \u00c7evik, \u201cBazen dar g\u00f6r\u00fc\u015fl\u00fc insanlara kendimizi savunmakta s\u0131k\u0131nt\u0131 ya\u015f\u0131yoruz. Yoksa ba\u015fka zorlu\u011fumuz yok. \u0130yi tepkiler de al\u0131yoruz k\u00f6t\u00fc tepkiler de al\u0131yoruz. \u00c7o\u011funlukla iyi tepkiler al\u0131yoruz. Kad\u0131nlar olarak ciriti hakemlik seviyesinde g\u00fczel yerlere getirdi\u011fimizi d\u00fc\u015f\u00fcn\u00fcyorum. \u015eehir d\u0131\u015f\u0131nda bir\u00e7ok yerde g\u00f6rev al\u0131yoruz\u201d ifadelerini kulland\u0131.<\/p>\n","protected":false},"excerpt":{"rendered":"<p>ERKEK SPORU OLARAK B\u0130L\u0130NEN C\u0130R\u0130T\u2019E KADIN EL\u0130 DE\u011eMEYE BA\u015eLADI. ERZURUM&#8217;DA YAPILAN KUL\u00dcPLER ARASI MAHALL\u0130 L\u0130G ATLI C\u0130R\u0130T M\u00dcSABAKALARINI KADIN HAKEMLER Y\u00d6NET\u0130YOR.<\/p>\n","protected":false},"author":1,"featured_media":0,"comment_status":"closed","ping_status":"open","sticky":false,"template":"","format":"standard","meta":{"jetpack_post_was_ever_published":false,"_jetpack_newsletter_access":"","_jetpack_dont_email_post_to_subs":false,"_jetpack_newsletter_tier_id":0,"_jetpack_memberships_contains_paywalled_content":false,"_jetpack_memberships_contains_paid_content":false,"footnotes":"","jetpack_publicize_message":"","jetpack_publicize_feature_enabled":true,"jetpack_social_post_already_shared":true,"jetpack_social_options":{"image_generator_settings":{"template":"highway","default_image_id":0,"font":"","enabled":false},"version":2}},"categories":[657],"tags":[1073,9026,13027,33428,5458,4118,1545,108,7063],"class_list":["post-173162","post","type-post","status-publish","format-standard","hentry","category-spor","tag-ozel","tag-ata","tag-atli","tag-cirite","tag-degdi","tag-eli","tag-haber","tag-kadin","tag-sporu"],"jetpack_publicize_connections":[],"jetpack_featured_media_url":"","jetpack_sharing_enabled":true,"jetpack_shortlink":"https:\/\/wp.me\/paKIfm-J2W","_links":{"self":[{"href":"http:\/\/www.tvturk.com\/index.php\/wp-json\/wp\/v2\/posts\/173162","targetHints":{"allow":["GET"]}}],"collection":[{"href":"http:\/\/www.tvturk.com\/index.php\/wp-json\/wp\/v2\/posts"}],"about":[{"href":"http:\/\/www.tvturk.com\/index.php\/wp-json\/wp\/v2\/types\/post"}],"author":[{"embeddable":true,"href":"http:\/\/www.tvturk.com\/index.php\/wp-json\/wp\/v2\/users\/1"}],"replies":[{"embeddable":true,"href":"http:\/\/www.tvturk.com\/index.php\/wp-json\/wp\/v2\/comments?post=173162"}],"version-history":[{"count":0,"href":"http:\/\/www.tvturk.com\/index.php\/wp-json\/wp\/v2\/posts\/173162\/revisions"}],"wp:attachment":[{"href":"http:\/\/www.tvturk.com\/index.php\/wp-json\/wp\/v2\/media?parent=173162"}],"wp:term":[{"taxonomy":"category","embeddable":true,"href":"http:\/\/www.tvturk.com\/index.php\/wp-json\/wp\/v2\/categories?post=173162"},{"taxonomy":"post_tag","embeddable":true,"href":"http:\/\/www.tvturk.com\/index.php\/wp-json\/wp\/v2\/tags?post=173162"}],"curies":[{"name":"wp","href":"https:\/\/api.w.org\/{rel}","templated":true}]}}