{"id":173228,"date":"2019-06-24T11:31:45","date_gmt":"2019-06-24T08:31:45","guid":{"rendered":"http:\/\/www.tvturk.com\/index.php\/istanbuldan-geldiler-selden-kil-payi-kurtuldular\/"},"modified":"2019-06-24T11:31:45","modified_gmt":"2019-06-24T08:31:45","slug":"istanbuldan-geldiler-selden-kil-payi-kurtuldular","status":"publish","type":"post","link":"http:\/\/www.tvturk.com\/index.php\/istanbuldan-geldiler-selden-kil-payi-kurtuldular\/","title":{"rendered":"\u0130stanbul\u2019dan geldiler, selden k\u0131l pay\u0131 kurtuldular"},"content":{"rendered":"<p>Trabzon\u2019un Arakl\u0131 il\u00e7esindeki \u00c7aml\u0131ktepe mahallesinde 18 Haziran g\u00fcn\u00fc ya\u015fanan ve 8 ki\u015finin \u00f6ld\u00fc\u011f\u00fc, 2 ki\u015finin kayboldu\u011fu selde \u0130stanbul\u2019dan anne ve babas\u0131n\u0131 g\u00f6rmeye gelen aile k\u0131l pay\u0131 sel sular\u0131na kap\u0131lmaktan kurtuldu.<\/p>\n<p>Trabzon\u2019un Arakl\u0131 il\u00e7esi \u00c7aml\u0131ktepe\u2019de 18 Haziran g\u00fcn\u00fc ya\u015fanan ve 8 ki\u015finin \u00f6ld\u00fc\u011f\u00fc, 2 ki\u015finin de kayboldu\u011fu mahallede 13 Haziran g\u00fcn\u00fc yine ya\u011f\u0131\u015flar sonras\u0131nda sel ya\u015fanm\u0131\u015ft\u0131. Bu selin ard\u0131ndan \u0130stanbul\u2019da ya\u015fayan Havva Cevahir ve Cemal Cevahir \u00e7ocuklar\u0131yla birlikte ailesini merak ederek Trabzon\u2019a geldi. Selin ya\u015fand\u0131\u011f\u0131 g\u00fcn sel sular\u0131na kap\u0131lan evlerinde oturan Cevahir ailesi dere sular\u0131n\u0131n y\u00fckselmesiyle evi terk etti. Selin geldi\u011fi esnada evde bulunan Mehmet Cevahir ise sel sular\u0131n\u0131n y\u0131kt\u0131\u011f\u0131 evden \u00e7\u0131kmay\u0131 ba\u015faramad\u0131. Sel sular\u0131n\u0131n aras\u0131nda kaybolan Cevahir\u2019in cans\u0131z bedeni selden bir g\u00fcn sonra ekipleri taraf\u0131ndan bulundu. Aniden gelen sel sular\u0131n\u0131 fark eden Mehmet Cevahir\u2019in \u00e7ocuklar\u0131 ise da\u011fl\u0131k bir alana ka\u00e7arak selden k\u0131l pay\u0131 kurtulmay\u0131 ba\u015fard\u0131.<\/p>\n<p>Selde babas\u0131n\u0131 kaybeden Havva Cevahir, &#8220;Derenin \u00f6yle olaca\u011f\u0131n\u0131 biz bilemedik. Dere bir anda da\u011f gibi indi. Biz dere sel diye ka\u00e7mad\u0131k. Biz ka\u00e7ma niyeti ile inmedik. Babamda tam evden \u00e7\u0131k\u0131yordu. Evinde i\u00e7inde 5 ki\u015fiydik bir tek babam ka\u00e7amad\u0131. Sel bir anda geldi. Biz seli g\u00f6r\u00fcp ka\u00e7mad\u0131k. Hi\u00e7 f\u0131rsat olmad\u0131&#8221; dedi.<\/p>\n<p>Anneannesinin fark etmesiyle sel sular\u0131nda ka\u00e7may\u0131 ba\u015faran Mehmet Cevahir\u2019in torunu \u0130lker Cevahir, &#8220;Anneannem bana \u2019evi bo\u015falt\u0131yoruz\u2019 dedi. Herkes ba\u011f\u0131rarak d\u0131\u015far\u0131ya \u00e7\u0131kt\u0131. Dedeme d\u0131\u015far\u0131 \u00e7\u0131k\u0131yoruz dedim. Dedem odas\u0131na gitti. Da\u011f bir anda geldi. Ayakkab\u0131lar\u0131m\u0131 bile giyinmeden d\u0131\u015far\u0131ya ka\u00e7t\u0131m. Geriye d\u00f6n\u00fcp bakamad\u0131m&#8221; \u015feklinde konu\u015ftu.<\/p>\n<p>Sel sular\u0131n\u0131 fark ederek f\u0131nd\u0131kl\u0131ktan yukar\u0131ya do\u011fru ka\u00e7maya ba\u015flad\u0131klar\u0131n\u0131 vurgulayan Mehmet Cevahir\u2019in torunu \u0130rem Cevahir ise &#8220;Evin i\u00e7indeydik. Makineler \u00e7al\u0131\u015f\u0131yordu. Anneannem karde\u015fime ba\u011f\u0131rd\u0131 \u2019evi bo\u015falt\u0131yoruz\u2019 diye. Bizde hemen evden \u00e7\u0131kt\u0131k. Dedem evin i\u00e7indeydi. Evden \u00e7\u0131kt\u0131\u011f\u0131m\u0131z gibi f\u0131nd\u0131kl\u0131ktan ka\u00e7maya ba\u015flad\u0131k. Bir anda sel gelip evi y\u0131kt\u0131. Dedem evin i\u00e7indeydi&#8221; diye konu\u015ftu.<\/p>\n<p>Mehmet Cevahir\u2019in o\u011flu Cemal Cevahir ise &#8220;Benim babam \u00e7ok hareketli biriydi ama ka\u00e7amad\u0131. Sel baraj gibi olmu\u015f bir anda patlayarak gelmi\u015f. Bir anda yok etti&#8221; ifadelerini kulland\u0131.<\/p>\n","protected":false},"excerpt":{"rendered":"<p>TRABZON\u2019UN ARAKLI \u0130L\u00c7ES\u0130NDEK\u0130 \u00c7AMLIKTEPE MAHALLES\u0130NDE 18 HAZ\u0130RAN G\u00dcN\u00dc YA\u015eANAN VE 8 K\u0130\u015e\u0130N\u0130N \u00d6LD\u00dc\u011e\u00dc, 2 K\u0130\u015e\u0130N\u0130N KAYBOLDU\u011eU SELDE \u0130STANBUL\u2019DAN ANNE VE BABASINI G\u00d6RMEYE GELEN A\u0130LE KIL PAYI SEL SULARINA KAPILMAKTAN KURTULDU.<\/p>\n","protected":false},"author":1,"featured_media":0,"comment_status":"closed","ping_status":"open","sticky":false,"template":"","format":"standard","meta":{"jetpack_post_was_ever_published":false,"_jetpack_newsletter_access":"","_jetpack_dont_email_post_to_subs":false,"_jetpack_newsletter_tier_id":0,"_jetpack_memberships_contains_paywalled_content":false,"_jetpack_memberships_contains_paid_content":false,"footnotes":"","jetpack_publicize_message":"","jetpack_publicize_feature_enabled":true,"jetpack_social_post_already_shared":true,"jetpack_social_options":{"image_generator_settings":{"template":"highway","default_image_id":0,"font":"","enabled":false},"version":2}},"categories":[1],"tags":[14063,1922,25326,18078,11737,41602],"class_list":["post-173228","post","type-post","status-publish","format-standard","hentry","category-genel","tag-geldiler","tag-istanbuldan","tag-kil","tag-kurtuldular","tag-payi","tag-selden"],"jetpack_publicize_connections":[],"jetpack_featured_media_url":"","jetpack_sharing_enabled":true,"jetpack_shortlink":"https:\/\/wp.me\/paKIfm-J40","_links":{"self":[{"href":"http:\/\/www.tvturk.com\/index.php\/wp-json\/wp\/v2\/posts\/173228","targetHints":{"allow":["GET"]}}],"collection":[{"href":"http:\/\/www.tvturk.com\/index.php\/wp-json\/wp\/v2\/posts"}],"about":[{"href":"http:\/\/www.tvturk.com\/index.php\/wp-json\/wp\/v2\/types\/post"}],"author":[{"embeddable":true,"href":"http:\/\/www.tvturk.com\/index.php\/wp-json\/wp\/v2\/users\/1"}],"replies":[{"embeddable":true,"href":"http:\/\/www.tvturk.com\/index.php\/wp-json\/wp\/v2\/comments?post=173228"}],"version-history":[{"count":0,"href":"http:\/\/www.tvturk.com\/index.php\/wp-json\/wp\/v2\/posts\/173228\/revisions"}],"wp:attachment":[{"href":"http:\/\/www.tvturk.com\/index.php\/wp-json\/wp\/v2\/media?parent=173228"}],"wp:term":[{"taxonomy":"category","embeddable":true,"href":"http:\/\/www.tvturk.com\/index.php\/wp-json\/wp\/v2\/categories?post=173228"},{"taxonomy":"post_tag","embeddable":true,"href":"http:\/\/www.tvturk.com\/index.php\/wp-json\/wp\/v2\/tags?post=173228"}],"curies":[{"name":"wp","href":"https:\/\/api.w.org\/{rel}","templated":true}]}}