{"id":173236,"date":"2019-06-24T11:32:01","date_gmt":"2019-06-24T08:32:01","guid":{"rendered":"http:\/\/www.tvturk.com\/index.php\/karsta-yol-kenarinda-yarali-kizil-sahin-bulundu\/"},"modified":"2019-06-24T11:32:01","modified_gmt":"2019-06-24T08:32:01","slug":"karsta-yol-kenarinda-yarali-kizil-sahin-bulundu","status":"publish","type":"post","link":"http:\/\/www.tvturk.com\/index.php\/karsta-yol-kenarinda-yarali-kizil-sahin-bulundu\/","title":{"rendered":"Kars\u2019ta yol kenar\u0131nda yaral\u0131 k\u0131z\u0131l \u015fahin bulundu"},"content":{"rendered":"<p>Kars\u2019ta duyarl\u0131 bir vatanda\u015f taraf\u0131ndan yol kenar\u0131nda bulunan yaral\u0131 k\u0131z\u0131l \u015fahin, tedavi edilmek \u00fczere yetkililere teslim edildi.<\/p>\n<p>Kars\u2019ta arac\u0131yla seyir halinde bulunan Kemal Akbaba, yol kenar\u0131nda k\u0131z\u0131l \u015fahin g\u00f6rd\u00fc. \u015eahinin hareketsiz durdu\u011funu fark eden Akbaba, arac\u0131ndan inerek \u015fahinin yan\u0131na gitti.  \u015eahin\u2019in yaral\u0131 oldu\u011funu ve u\u00e7amad\u0131\u011f\u0131n\u0131 g\u00f6ren Kemal Akbaba, yaral\u0131 k\u0131z\u0131l \u015fahini arac\u0131na alarak i\u015f yerine ge\u00e7ti. \u0130\u015f yerinden Do\u011fa Koruma ve Milli Parklar M\u00fcd\u00fcrl\u00fc\u011f\u00fc (DKMP) Kars \u015eube M\u00fcd\u00fcrl\u00fc\u011f\u00fc ekiplerine durumu bildirdi.<\/p>\n<p>DKMP \u015eube M\u00fcd\u00fcr\u00fc Murat Do\u011fanay\u2019\u0131n ekibini y\u00f6nlendirmesi sonucu ekipler Kemal Akbaba\u2019n\u0131n buldu\u011fu yaral\u0131 k\u0131z\u0131l \u015fahini muhafaza alt\u0131na alarak, Kafkas \u00dcniversitesi Yaban Hayvan\u0131 Kurtarma ve Rehabilitasyon Merkezine g\u00f6t\u00fcrd\u00fc. Burada tedavi alt\u0131na al\u0131nan k\u0131z\u0131l \u015fahin, tedavi tamamland\u0131ktan sonra yeniden do\u011fal ortama b\u0131rak\u0131lacak.<\/p>\n","protected":false},"excerpt":{"rendered":"<p>KARS\u2019TA YOL KENARINDA YARALI KIZIL \u015eAH\u0130N BULUNDU<\/p>\n","protected":false},"author":1,"featured_media":0,"comment_status":"closed","ping_status":"open","sticky":false,"template":"","format":"standard","meta":{"jetpack_post_was_ever_published":false,"_jetpack_newsletter_access":"","_jetpack_dont_email_post_to_subs":false,"_jetpack_newsletter_tier_id":0,"_jetpack_memberships_contains_paywalled_content":false,"_jetpack_memberships_contains_paid_content":false,"footnotes":"","jetpack_publicize_message":"","jetpack_publicize_feature_enabled":true,"jetpack_social_post_already_shared":true,"jetpack_social_options":{"image_generator_settings":{"template":"highway","default_image_id":0,"font":"","enabled":false},"version":2}},"categories":[1],"tags":[204,4550,8311,9874,1863,774,75],"class_list":["post-173236","post","type-post","status-publish","format-standard","hentry","category-genel","tag-bulundu","tag-karsta","tag-kenarinda","tag-kizil","tag-sahin","tag-yarali","tag-yol"],"jetpack_publicize_connections":[],"jetpack_featured_media_url":"","jetpack_sharing_enabled":true,"jetpack_shortlink":"https:\/\/wp.me\/paKIfm-J48","_links":{"self":[{"href":"http:\/\/www.tvturk.com\/index.php\/wp-json\/wp\/v2\/posts\/173236","targetHints":{"allow":["GET"]}}],"collection":[{"href":"http:\/\/www.tvturk.com\/index.php\/wp-json\/wp\/v2\/posts"}],"about":[{"href":"http:\/\/www.tvturk.com\/index.php\/wp-json\/wp\/v2\/types\/post"}],"author":[{"embeddable":true,"href":"http:\/\/www.tvturk.com\/index.php\/wp-json\/wp\/v2\/users\/1"}],"replies":[{"embeddable":true,"href":"http:\/\/www.tvturk.com\/index.php\/wp-json\/wp\/v2\/comments?post=173236"}],"version-history":[{"count":0,"href":"http:\/\/www.tvturk.com\/index.php\/wp-json\/wp\/v2\/posts\/173236\/revisions"}],"wp:attachment":[{"href":"http:\/\/www.tvturk.com\/index.php\/wp-json\/wp\/v2\/media?parent=173236"}],"wp:term":[{"taxonomy":"category","embeddable":true,"href":"http:\/\/www.tvturk.com\/index.php\/wp-json\/wp\/v2\/categories?post=173236"},{"taxonomy":"post_tag","embeddable":true,"href":"http:\/\/www.tvturk.com\/index.php\/wp-json\/wp\/v2\/tags?post=173236"}],"curies":[{"name":"wp","href":"https:\/\/api.w.org\/{rel}","templated":true}]}}