{"id":173256,"date":"2019-06-24T12:16:34","date_gmt":"2019-06-24T09:16:34","guid":{"rendered":"http:\/\/www.tvturk.com\/index.php\/enez-genclik-kampinin-ilk-konuklari-yola-cikti\/"},"modified":"2019-06-24T12:16:34","modified_gmt":"2019-06-24T09:16:34","slug":"enez-genclik-kampinin-ilk-konuklari-yola-cikti","status":"publish","type":"post","link":"http:\/\/www.tvturk.com\/index.php\/enez-genclik-kampinin-ilk-konuklari-yola-cikti\/","title":{"rendered":"Enez Gen\u00e7lik Kamp\u0131\u2019n\u0131n ilk konuklar\u0131 yola \u00e7\u0131kt\u0131"},"content":{"rendered":"<p>Ba\u015fak\u015fehir Belediyesi\u2019nin Edirne\u2019nin Enez il\u00e7esinde denize s\u0131f\u0131r konumda bulunan \u00fccretsiz gen\u00e7lik kamp\u0131 i\u00e7in ilk kafile yola \u00e7\u0131kt\u0131. Ba\u015fak\u015fehirli 217 \u00f6\u011frenciyi 5 g\u00fcn s\u00fcrecek doludizgin bir yaz tatili bekliyor.<\/p>\n<p>Ba\u015fak\u015fehir Belediyesi taraf\u0131ndan 24 Haziran &#8211; 13 Eyl\u00fcl 2019 tarihleri aras\u0131nda yap\u0131lacak olan Enez Gen\u00e7lik Kamp\u0131\u2019na kat\u0131lmak i\u00e7in www.sporparklari.com adresinden online \u00f6n kay\u0131t olu\u015fturan \u00f6\u011frencilerden 217\u2019si Alt\u0131n\u015fehir Spor Park\u0131\u2019ndan otob\u00fcslerle yola \u00e7\u0131kt\u0131.<\/p>\n<p>Sportif ve k\u00fclt\u00fcrel etkinlikler bir arada<\/p>\n<p>Sportif, k\u00fclt\u00fcrel ve e\u011flenceli aktivitelerin yer alaca\u011f\u0131 e\u011fitim programlar\u0131n\u0131n uygulanaca\u011f\u0131 kampta, yemek ve ula\u015f\u0131m hizmetleri belediye taraf\u0131ndan kar\u015f\u0131lanacak. Akademi mezunu ve alan\u0131nda uzman antren\u00f6rler g\u00f6zetiminde ger\u00e7ekle\u015ftirilecek kampta havuz, futbol sahas\u0131, toplant\u0131 salonu, mescid, yemekhane ve dinlenme alanlar\u0131 bulunuyor.<\/p>\n<p>Hem e\u011flenecek hem \u00f6\u011frenecekler<\/p>\n<p>Enez Gen\u00e7lik Kamp\u0131\u2019nda y\u00fczme, futbol, plaj futbolu, plaj voleybolu, masa tenisi, dart, satran\u00e7, mangala, su topu gibi sportif etkinliklerin yan\u0131 s\u0131ra kitap okuma, konferanslar, de\u011ferler e\u011fitimi, panel, m\u00fcnazaralar, \u201cbana kendini anlat\u201d s\u00f6yle\u015fileri gibi sosyal ve k\u00fclt\u00fcrel etkinlikler de yap\u0131lacak.<\/p>\n<p>Kampta, yaz aylar\u0131 boyunca Ba\u015fak\u015fehir\u2019de ikamet eden 14-18 ya\u015f aral\u0131\u011f\u0131ndaki (2001 ila 2005 y\u0131llar\u0131nda do\u011fanlar) \u00f6\u011frenciler misafir edilecek.<\/p>\n","protected":false},"excerpt":{"rendered":"<p>BA\u015eAK\u015eEH\u0130R BELED\u0130YES\u0130\u2019N\u0130N ED\u0130RNE\u2019N\u0130N ENEZ \u0130L\u00c7ES\u0130NDE DEN\u0130ZE SIFIR KONUMDA BULUNAN \u00dcCRETS\u0130Z GEN\u00c7L\u0130K KAMPI \u0130\u00c7\u0130N \u0130LK KAF\u0130LE YOLA \u00c7IKTI. BA\u015eAK\u015eEH\u0130RL\u0130 217 \u00d6\u011eRENC\u0130Y\u0130 5 G\u00dcN S\u00dcRECEK DOLUD\u0130ZG\u0130N B\u0130R YAZ TAT\u0130L\u0130 BEKL\u0130YOR.<\/p>\n","protected":false},"author":1,"featured_media":0,"comment_status":"closed","ping_status":"open","sticky":false,"template":"","format":"standard","meta":{"jetpack_post_was_ever_published":false,"_jetpack_newsletter_access":"","_jetpack_dont_email_post_to_subs":false,"_jetpack_newsletter_tier_id":0,"_jetpack_memberships_contains_paywalled_content":false,"_jetpack_memberships_contains_paid_content":false,"footnotes":"","jetpack_publicize_message":"","jetpack_publicize_feature_enabled":true,"jetpack_social_post_already_shared":true,"jetpack_social_options":{"image_generator_settings":{"template":"highway","default_image_id":0,"font":"","enabled":false},"version":2}},"categories":[1],"tags":[1202,21626,512,37,41980,31942,1535],"class_list":["post-173256","post","type-post","status-publish","format-standard","hentry","category-genel","tag-cikti","tag-enez","tag-genclik","tag-ilk","tag-kampinin","tag-konuklari","tag-yola"],"jetpack_publicize_connections":[],"jetpack_featured_media_url":"","jetpack_sharing_enabled":true,"jetpack_shortlink":"https:\/\/wp.me\/paKIfm-J4s","_links":{"self":[{"href":"http:\/\/www.tvturk.com\/index.php\/wp-json\/wp\/v2\/posts\/173256","targetHints":{"allow":["GET"]}}],"collection":[{"href":"http:\/\/www.tvturk.com\/index.php\/wp-json\/wp\/v2\/posts"}],"about":[{"href":"http:\/\/www.tvturk.com\/index.php\/wp-json\/wp\/v2\/types\/post"}],"author":[{"embeddable":true,"href":"http:\/\/www.tvturk.com\/index.php\/wp-json\/wp\/v2\/users\/1"}],"replies":[{"embeddable":true,"href":"http:\/\/www.tvturk.com\/index.php\/wp-json\/wp\/v2\/comments?post=173256"}],"version-history":[{"count":0,"href":"http:\/\/www.tvturk.com\/index.php\/wp-json\/wp\/v2\/posts\/173256\/revisions"}],"wp:attachment":[{"href":"http:\/\/www.tvturk.com\/index.php\/wp-json\/wp\/v2\/media?parent=173256"}],"wp:term":[{"taxonomy":"category","embeddable":true,"href":"http:\/\/www.tvturk.com\/index.php\/wp-json\/wp\/v2\/categories?post=173256"},{"taxonomy":"post_tag","embeddable":true,"href":"http:\/\/www.tvturk.com\/index.php\/wp-json\/wp\/v2\/tags?post=173256"}],"curies":[{"name":"wp","href":"https:\/\/api.w.org\/{rel}","templated":true}]}}