{"id":173262,"date":"2019-06-24T12:17:00","date_gmt":"2019-06-24T09:17:00","guid":{"rendered":"http:\/\/www.tvturk.com\/index.php\/calida-altin-kemerin-sahibi-ismail-balaban\/"},"modified":"2019-06-24T12:17:00","modified_gmt":"2019-06-24T09:17:00","slug":"calida-altin-kemerin-sahibi-ismail-balaban","status":"publish","type":"post","link":"http:\/\/www.tvturk.com\/index.php\/calida-altin-kemerin-sahibi-ismail-balaban\/","title":{"rendered":"\u00c7al\u0131\u2019da alt\u0131n kemerin sahibi \u0130smail Balaban"},"content":{"rendered":"<p>Nil\u00fcfer Belediyesi\u2019nin d\u00fczenledi\u011fi 57. Geleneksel Tarih\u00ee \u00c7al\u0131 G\u00fcre\u015fleri\u2019nde<\/p>\n<p>ba\u015fpehlivan bu y\u0131l da de\u011fi\u015fmedi. \u0130smail Balaban, bu sene de ba\u015fpehlivan olarak alt\u0131n kemeri ald\u0131.<\/p>\n<p>Nil\u00fcfer Belediyesi 57. Geleneksel Tarihi \u00c7al\u0131 G\u00fcre\u015fleri bu y\u0131l da heyecan dolu anlara sahne oldu. \u00c7al\u0131 G\u00fcre\u015f Alan\u0131\u2019nda yap\u0131lan ve  ba\u015f, ba\u015f alt\u0131, deste ile tozkoparan ba\u015fta olmak \u00fczere 14 ayr\u0131 kategoride, 400\u2019\u00fc a\u015fk\u0131n pehlivan\u0131n m\u00fccadele etti\u011fi g\u00fcre\u015fler k\u0131ran k\u0131rana ge\u00e7ti. G\u00fcre\u015flerde, K\u0131rkp\u0131nar\u2019da ba\u015fpehlivan olan \u0130smail Balaban\u2019\u0131n yan\u0131 s\u0131ra aralar\u0131nda Mehmet Ye\u015filye\u015fil, H\u00fcseyin G\u00fcm\u00fc\u015falan, \u0130smail Ko\u00e7\u2019un bulundu\u011fu 40\u2019\u0131 a\u015fk\u0131n ba\u015fpehlivan da er meydan\u0131na \u00e7\u0131kt\u0131. Sabah saatlerinde ba\u015flayan g\u00fcre\u015fleri, Nil\u00fcfer Belediye Ba\u015fkan\u0131 Turgay Erdem, Nil\u00fcfer Belediye Ba\u015fkan Yard\u0131mc\u0131s\u0131 Dr. Sibel \u00d6zer, Nil\u00fcfer Belediye Meclisi \u00dcyeleri ile \u00e7ok say\u0131da siyasi ve sivil toplum kurulu\u015fu temsilcileri ve \u00e7ok say\u0131da g\u00fcre\u015f merakl\u0131s\u0131  izledi.<\/p>\n<p>G\u00fcn boyu k\u0131yas\u0131ya devam eden g\u00fcre\u015flerin finalinde, ge\u00e7en y\u0131l oldu\u011fu gibi bu sene de ba\u015fpehlivanlar \u0130smail Balaban ve \u0130smail Ko\u00e7 kar\u015f\u0131la\u015ft\u0131. R\u00f6van\u015f niteli\u011fi ta\u015f\u0131yan kar\u015f\u0131la\u015fmada ge\u00e7en y\u0131l oldu\u011fu gibi bu y\u0131l da \u0130smail Balaban, rakibini ma\u011flup ederek \u00fc\u00e7\u00fcnc\u00fc kez \u00c7al\u0131\u2019da ba\u015fpehlivan oldu. \u00dc\u00e7 y\u0131l \u00fcst \u00fcste \u00c7al\u0131\u2019da ba\u015fpehlivan olan Balaban alt\u0131n kemerin sahibi oldu. Balaban\u2019a alt\u0131n kemeri ve dereceye giren di\u011fer ba\u015fpehlivanlara kupa ile madalyalar\u0131n\u0131 Nil\u00fcfer Belediye Ba\u015fkan\u0131 Turgay Erdem verdi.<\/p>\n<p>B\u00fcy\u00fck \u00e7eki\u015fmenin ya\u015fand\u0131\u011f\u0131 ba\u015falt\u0131 m\u00fccadelesinde rakibi Menderes Salt\u0131k\u2019\u0131 yenen Yal\u00e7\u0131n \u00d6nc\u00fc ipi g\u00f6\u011f\u00fcsleyen isim oldu. Bu y\u0131l g\u00fcre\u015flerde ilk kez \u2018En teknik\u2019 ve \u2018En centilmen\u2019 kategorilerinde de \u00f6d\u00fcl verildi. M\u00fcsabakalarda \u2018En Teknik\u2019 g\u00fcre\u015f\u00e7i Kenan Ayd\u0131n, \u2018En Centilmen\u2019 Mustafa Ta\u015f se\u00e7ildi.<\/p>\n<p>57. Geleneksel Tarih\u00ee \u00c7al\u0131 G\u00fcre\u015fleri\u2019nde gelecek y\u0131l\u0131n a\u011fas\u0131, yap\u0131lan a\u00e7\u0131k art\u0131rma ile i\u015f adam\u0131 Hakan S\u00f6\u011f\u00fcnmez oldu. B\u00fcy\u00fck \u00e7eki\u015fmenin ya\u015fand\u0131\u011f\u0131 a\u011fal\u0131k se\u00e7iminde yap\u0131lan a\u00e7\u0131k artt\u0131rma sonucu 116 bin TL ile Hakan S\u00f6\u011f\u00fcnmez gelecek y\u0131l i\u00e7in ipi g\u00f6\u011f\u00fcsleyen isim oldu. \u00dc\u00e7 y\u0131l \u00fcst \u00fcste a\u011fal\u0131k yapan Ercan K\u00f6se\u2019ye de Ba\u015fkan Turgay Erdem, alt\u0131n kemer verdi.<\/p>\n<p>G\u00fcre\u015fler sonunda eme\u011fi ge\u00e7enlere te\u015fekk\u00fcr eden Belediye Ba\u015fkan\u0131 Turgay Erdem, \u201cHer \u015fey \u00e7ok g\u00fczel oldu. Bu er meydan\u0131nda ter d\u00f6ken g\u00fcre\u015f\u00e7ilerimize y\u00fcrekten te\u015fekk\u00fcr ediyorum. K\u0131rkp\u0131nar\u2019da kendilerine ba\u015far\u0131lar diliyorum. Bu gelene\u011fimiz \u00c7al\u0131\u2019da devam edecek. Gelecek y\u0131l g\u00fcre\u015flerimize \u015fimdiden herkesi davet ediyorum\u201d diye konu\u015ftu.<\/p>\n<p>Alt\u0131n kemerin sahibi \u0130smail Balaban da mutlulu\u011funu dile getirerek, \u201cBurada d\u00f6rd\u00fcnc\u00fc kez birinci oldum. Son \u00fc\u00e7 y\u0131ld\u0131r \u00fcst \u00fcste g\u00e2lip geldi\u011fim i\u00e7in de alt\u0131n kemeri ald\u0131m. \u00c7ok mutluyum ve \u015fimdi hedefimiz K\u0131rkp\u0131nar da ba\u015far\u0131 elde etmek. Bu hedefler do\u011frultusunda \u00e7al\u0131\u015f\u0131yorum. \u0130n\u015fallah orada da ipi g\u00f6\u011f\u00fcsleyece\u011fiz\u201d dedi.<\/p>\n","protected":false},"excerpt":{"rendered":"<p>57. GELENEKSEL TAR\u0130H\u00ce \u00c7ALI G\u00dcRE\u015eLER\u0130\u2019NDE BA\u015ePEHL\u0130VAN BU YIL DA DE\u011e\u0130\u015eMED\u0130.<\/p>\n","protected":false},"author":1,"featured_media":0,"comment_status":"closed","ping_status":"open","sticky":false,"template":"","format":"standard","meta":{"jetpack_post_was_ever_published":false,"_jetpack_newsletter_access":"","_jetpack_dont_email_post_to_subs":false,"_jetpack_newsletter_tier_id":0,"_jetpack_memberships_contains_paywalled_content":false,"_jetpack_memberships_contains_paid_content":false,"footnotes":"","jetpack_publicize_message":"","jetpack_publicize_feature_enabled":true,"jetpack_social_post_already_shared":true,"jetpack_social_options":{"image_generator_settings":{"template":"highway","default_image_id":0,"font":"","enabled":false},"version":2}},"categories":[657],"tags":[596,34523,41983,977,41984,5966],"class_list":["post-173262","post","type-post","status-publish","format-standard","hentry","category-spor","tag-altin","tag-balaban","tag-calida","tag-ismail","tag-kemerin","tag-sahibi"],"jetpack_publicize_connections":[],"jetpack_featured_media_url":"","jetpack_sharing_enabled":true,"jetpack_shortlink":"https:\/\/wp.me\/paKIfm-J4y","_links":{"self":[{"href":"http:\/\/www.tvturk.com\/index.php\/wp-json\/wp\/v2\/posts\/173262","targetHints":{"allow":["GET"]}}],"collection":[{"href":"http:\/\/www.tvturk.com\/index.php\/wp-json\/wp\/v2\/posts"}],"about":[{"href":"http:\/\/www.tvturk.com\/index.php\/wp-json\/wp\/v2\/types\/post"}],"author":[{"embeddable":true,"href":"http:\/\/www.tvturk.com\/index.php\/wp-json\/wp\/v2\/users\/1"}],"replies":[{"embeddable":true,"href":"http:\/\/www.tvturk.com\/index.php\/wp-json\/wp\/v2\/comments?post=173262"}],"version-history":[{"count":0,"href":"http:\/\/www.tvturk.com\/index.php\/wp-json\/wp\/v2\/posts\/173262\/revisions"}],"wp:attachment":[{"href":"http:\/\/www.tvturk.com\/index.php\/wp-json\/wp\/v2\/media?parent=173262"}],"wp:term":[{"taxonomy":"category","embeddable":true,"href":"http:\/\/www.tvturk.com\/index.php\/wp-json\/wp\/v2\/categories?post=173262"},{"taxonomy":"post_tag","embeddable":true,"href":"http:\/\/www.tvturk.com\/index.php\/wp-json\/wp\/v2\/tags?post=173262"}],"curies":[{"name":"wp","href":"https:\/\/api.w.org\/{rel}","templated":true}]}}