{"id":173270,"date":"2019-06-24T12:31:27","date_gmt":"2019-06-24T09:31:27","guid":{"rendered":"http:\/\/www.tvturk.com\/index.php\/uyuyunca-ucakta-unutuldu\/"},"modified":"2019-06-24T12:31:27","modified_gmt":"2019-06-24T09:31:27","slug":"uyuyunca-ucakta-unutuldu","status":"publish","type":"post","link":"http:\/\/www.tvturk.com\/index.php\/uyuyunca-ucakta-unutuldu\/","title":{"rendered":"Uyuyunca u\u00e7akta unutuldu"},"content":{"rendered":"<p>Kanada\u2019da ya\u015fanan ilgin\u00e7 olayda, Air Canada\u2019n\u0131n Quebec-Toronto seferi s\u0131ras\u0131nda uyuyan Tiffani Adams, uyand\u0131\u011f\u0131nda Toronto\u2019ya vard\u0131klar\u0131n\u0131 ancak u\u00e7a\u011f\u0131n karanl\u0131k oldu\u011funu ve park alan\u0131na \u00e7ekildi\u011fini fark etti.<\/p>\n<p>Tiffani Adams, Air Canada\u2019n\u0131n 9 Haziran\u2019da ger\u00e7ekle\u015ftirilen Quebec-Toronto seferi s\u0131ras\u0131nda uyuyakald\u0131\u011f\u0131n\u0131 ve Toronto\u2019ya vard\u0131klar\u0131nda kimsenin kendisini uyand\u0131rmadan u\u00e7a\u011f\u0131 terk etti\u011fini s\u00f6yledi. U\u00e7ak seferi tamamlad\u0131ktan birka\u00e7 saat sonra uyand\u0131\u011f\u0131n\u0131 ifade eden Adams, zifiri karanl\u0131k u\u00e7akta so\u011fuktan donmak \u00fczere oldu\u011funu s\u00f6yledi. Ya\u015fad\u0131klar\u0131n\u0131 sosyal medya hesab\u0131ndan anlatan Adams, olay\u0131n ilk \u015fokunu atlatt\u0131ktan sonra arkada\u015f\u0131 Deanna Dale\u2019i aramaya \u00e7al\u0131\u015ft\u0131\u011f\u0131n\u0131 ancak telefonunun \u015farj\u0131n\u0131n yetersiz olmas\u0131 nedeniyle arkada\u015f\u0131 ile bir dakikadan az bir g\u00f6r\u00fc\u015fme ger\u00e7ekle\u015ftirebildi\u011fini dile getirdi. Havaliman\u0131 yetkilileri ile ileti\u015fime ge\u00e7en Dale, yetkililere arkada\u015f\u0131 Adams\u2019\u0131n yerini s\u00f6yledi. Bu s\u0131rada u\u00e7a\u011f\u0131n kokpitine ge\u00e7en Adams ise fener yakarak yetkililerin dikkatini \u00e7ekti. Adams, bir bagaj g\u00f6revlisi taraf\u0131ndan bulundu. Yetkililerin limuzin ve otel teklifini reddeden Adams, Air Canada yetkililerinin kendisini iki kez arayarak soru\u015fturmaya ili\u015fkin bilgi verdi\u011fini ve \u00f6z\u00fcr dilediklerini ifade etti.<\/p>\n<p>Air Canada ise ya\u015fanan olay\u0131 do\u011frulayarak, soru\u015fturma ba\u015flat\u0131ld\u0131\u011f\u0131n\u0131 a\u00e7\u0131klad\u0131.<\/p>\n","protected":false},"excerpt":{"rendered":"<p>A\u0130R CANADA\u2019NIN QUEBEC-TORONTO SEFER\u0130 SIRASINDA UYUYAN T\u0130FFAN\u0130 ADAMS, UYANDI\u011eINDA TORONTO\u2019YA VARDIKLARINI ANCAK U\u00c7A\u011eIN KARANLIK OLDU\u011eUNU VE PARK ALANINA \u00c7EK\u0130LD\u0130\u011e\u0130N\u0130 FARK ETT\u0130. -AR\u015e\u0130V-<\/p>\n","protected":false},"author":1,"featured_media":0,"comment_status":"closed","ping_status":"open","sticky":false,"template":"","format":"standard","meta":{"jetpack_post_was_ever_published":false,"_jetpack_newsletter_access":"","_jetpack_dont_email_post_to_subs":false,"_jetpack_newsletter_tier_id":0,"_jetpack_memberships_contains_paywalled_content":false,"_jetpack_memberships_contains_paid_content":false,"footnotes":"","jetpack_publicize_message":"","jetpack_publicize_feature_enabled":true,"jetpack_social_post_already_shared":true,"jetpack_social_options":{"image_generator_settings":{"template":"highway","default_image_id":0,"font":"","enabled":false},"version":2}},"categories":[10],"tags":[41991,19376,41990],"class_list":["post-173270","post","type-post","status-publish","format-standard","hentry","category-dunya","tag-ucakta","tag-unutuldu","tag-uyuyunca"],"jetpack_publicize_connections":[],"jetpack_featured_media_url":"","jetpack_sharing_enabled":true,"jetpack_shortlink":"https:\/\/wp.me\/paKIfm-J4G","_links":{"self":[{"href":"http:\/\/www.tvturk.com\/index.php\/wp-json\/wp\/v2\/posts\/173270","targetHints":{"allow":["GET"]}}],"collection":[{"href":"http:\/\/www.tvturk.com\/index.php\/wp-json\/wp\/v2\/posts"}],"about":[{"href":"http:\/\/www.tvturk.com\/index.php\/wp-json\/wp\/v2\/types\/post"}],"author":[{"embeddable":true,"href":"http:\/\/www.tvturk.com\/index.php\/wp-json\/wp\/v2\/users\/1"}],"replies":[{"embeddable":true,"href":"http:\/\/www.tvturk.com\/index.php\/wp-json\/wp\/v2\/comments?post=173270"}],"version-history":[{"count":0,"href":"http:\/\/www.tvturk.com\/index.php\/wp-json\/wp\/v2\/posts\/173270\/revisions"}],"wp:attachment":[{"href":"http:\/\/www.tvturk.com\/index.php\/wp-json\/wp\/v2\/media?parent=173270"}],"wp:term":[{"taxonomy":"category","embeddable":true,"href":"http:\/\/www.tvturk.com\/index.php\/wp-json\/wp\/v2\/categories?post=173270"},{"taxonomy":"post_tag","embeddable":true,"href":"http:\/\/www.tvturk.com\/index.php\/wp-json\/wp\/v2\/tags?post=173270"}],"curies":[{"name":"wp","href":"https:\/\/api.w.org\/{rel}","templated":true}]}}