{"id":173310,"date":"2019-06-24T14:01:49","date_gmt":"2019-06-24T11:01:49","guid":{"rendered":"http:\/\/www.tvturk.com\/index.php\/secimin-ardindan-altin-ve-doviz-gevsedi\/"},"modified":"2019-06-24T14:01:49","modified_gmt":"2019-06-24T11:01:49","slug":"secimin-ardindan-altin-ve-doviz-gevsedi","status":"publish","type":"post","link":"http:\/\/www.tvturk.com\/index.php\/secimin-ardindan-altin-ve-doviz-gevsedi\/","title":{"rendered":"Se\u00e7imin ard\u0131ndan alt\u0131n ve d\u00f6viz gev\u015fedi"},"content":{"rendered":"<p>Haftay\u0131 265 lira d\u00fczeylerinde kapatan gram alt\u0131n, \u0130stanbul B\u00fcy\u00fck\u015fehir Belediye Ba\u015fkanl\u0131\u011f\u0131 se\u00e7iminin tamamlanmas\u0131yla yeni haftaya s\u0131n\u0131rl\u0131 d\u00fc\u015f\u00fc\u015fle ba\u015flad\u0131. Alt\u0131n\u0131n gram sat\u0131\u015f fiyat\u0131 \u015fu s\u0131ralarda 258 TL civar\u0131nda seyrediyor. D\u00f6vizde de azal\u0131\u015f trendi g\u00f6zlenmekte.<\/p>\n<p>Se\u00e7im atmosferinde ge\u00e7en haftay\u0131 265 TL civar\u0131nda kapatan alt\u0131n, yeni haftaya s\u0131n\u0131rl\u0131 d\u00fc\u015f\u00fc\u015fle ba\u015flad\u0131. \u0130stanbul B\u00fcy\u00fck\u015fehir Belediye se\u00e7imlerinin tamamlanmas\u0131 ard\u0131ndan alt\u0131n\u0131n gram sat\u0131\u015f fiyat\u0131 257 TL\u2019ye kadar \u00e7ekildi. Dolar ve euroda da durum farkl\u0131 g\u00f6r\u00fcnm\u00fcyor.  Dolar ve euro yeni haftaya y\u00fczde 2\u2019ye yakla\u015fan azal\u0131\u015flarla girdi. G\u00fcn i\u00e7inde Dolar\/TL paritesi 5,70\u2019e kadar \u00e7ekildi,  \u015fu s\u0131ralar ise 5,75\u2019ten i\u015flem g\u00f6r\u00fcyor.  Euro da 6,56 liradan seyrediyor.<\/p>\n<p>\u2019\u2019D\u00fcnyada ONS ve dolar baz\u0131nda al\u0131m-sat\u0131m yap\u0131ld\u0131\u011f\u0131 i\u00e7in alt\u0131n\u0131n fiyat\u0131 y\u00fcksek\u2019\u2019<\/p>\n<p>G\u00fcncel alt\u0131n durumunu de\u011ferlendiren kuyumcu esnaf\u0131 Selahattin Kayao\u011flu, \u2019\u2019D\u00fcnyada oldu\u011fu gibi alt\u0131n fiyatlar\u0131 T\u00fcrkiye\u2019de y\u00fcksek. D\u00fcnyada ONS ve dolar baz\u0131nda al\u0131m-sat\u0131m yap\u0131ld\u0131\u011f\u0131 i\u00e7in alt\u0131n\u0131n fiyat\u0131 y\u00fcksek. Dolar ve ONS y\u00fcksek. Alt\u0131n\u0131n d\u00fc\u015fece\u011fini zannetmiyorum. D\u00fcnyada her g\u00fcn bir olay ve bir kriz oluyor. D\u00fc\u015fse de ani d\u00fc\u015f\u00fcyor sonra geri tekrar y\u00fckseliyor. D\u00fc\u011f\u00fcn sezonu oldu\u011fu i\u00e7in vatanda\u015f\u0131n alt\u0131na ve tak\u0131ya ilgisi var. Vatanda\u015f b\u00fcy\u00fck alt\u0131n ya da bilezik takacak ama g\u00fcc\u00fc az oluyor. Onun i\u00e7in i\u015f\u00e7ili\u011fi az olan alt\u0131n, gram ve \u00e7eyrek al\u0131yor. En \u00e7ok gram alt\u0131n, \u00e7eyrek alt\u0131n ve tam alt\u0131n tercih ediliyor. \u015eu an gram has alt\u0131n 260 TL, di\u011fer alt\u0131nlar\u0131n gram\u0131 250 TL ile 245 TL aras\u0131nda gidip geliyor. \u00c7eyrek alt\u0131n\u0131n fiyat\u0131 \u015fu an 420 TL\u2019\u2019 dedi.<\/p>\n<p>\u2019\u2019Alt\u0131n \u015fu an yat\u0131r\u0131ml\u0131ktan \u00e7\u0131kt\u0131, l\u00fcks t\u00fcketime girdi\u2019\u2019<\/p>\n<p>Bir di\u011fer kuyumcu esnaf\u0131 G\u00f6khan Altun \u015f\u00f6yle konu\u015ftu: \u2019\u2019Alt\u0131n fiyatlar\u0131nda \u00f6n\u00fcm\u00fczdeki g\u00fcnlerde biraz y\u00fckseli\u015f bekliyoruz. \u00c7\u00fcnk\u00fc piyasalar biraz tedirgin. \u0130n\u015fallah fazla y\u00fckselmez, \u00e7\u00fcnk\u00fc piyasada biraz i\u015fsizlik var. Alt\u0131n \u015fu an yat\u0131r\u0131ml\u0131ktan \u00e7\u0131kt\u0131, l\u00fcks t\u00fcketime girdi. \u0130htiyac\u0131 olan vatanda\u015flar \u015fu an talep ediyor. Yani d\u00fc\u011f\u00fcn ve ni\u015fan yapanlar tercih ediyor. Vatanda\u015f, \u00e7eyrek alt\u0131n\u0131n fiyat\u0131 y\u00fckseldi\u011fi i\u00e7in daha \u00e7ok gram alt\u0131n, \u00e7eyre\u011fin \u00e7eyre\u011fi gibi alt\u0131na y\u00f6neliyor. 22 ayar gram alt\u0131m 250 TL civar\u0131nda. 24 ayar at\u0131n\u0131n gram fiyat\u0131 265 TL\u2019ye kadar \u00e7\u0131kabiliyor. \u015eu an b\u00f6yle gidiyor, bakal\u0131m ilerleyen zamanda ne olacak? 2018 ve 2019\u2019da alt\u0131n baya\u011f\u0131 prim yapt\u0131, baya\u011f\u0131  y\u00fckseldi. Alt\u0131n 4-5 sene y\u00fckselmedi ama 4-5 sene sonunda baya\u011f\u0131 y\u00fckseldi. Vatanda\u015flar alabiliyorsa alt\u0131n als\u0131nlar, yat\u0131r\u0131m yaps\u0131nlar. Alt\u0131n ileriye d\u00f6n\u00fck uzun vadede g\u00fczel bir yat\u0131r\u0131m arac\u0131\u2019\u2019.<\/p>\n","protected":false},"excerpt":{"rendered":"<p>HAFTAYI 265 L\u0130RA D\u00dcZEYLER\u0130NDE KAPATAN GRAM ALTIN, \u0130STANBUL B\u00dcY\u00dcK\u015eEH\u0130R BELED\u0130YE BA\u015eKANLI\u011eI SE\u00c7\u0130M\u0130N\u0130N TAMAMLANMASIYLA YEN\u0130 HAFTAYA SINIRLI D\u00dc\u015e\u00dc\u015eLE BA\u015eLADI. ALTININ GRAM SATI\u015e F\u0130YATI \u015eU SIRALARDA 258 TL C\u0130VARINDA SEYRED\u0130YOR. D\u00d6V\u0130ZDE DE AZALI\u015e TREND\u0130 G\u00d6ZLENMEKTE.<\/p>\n","protected":false},"author":1,"featured_media":0,"comment_status":"closed","ping_status":"open","sticky":false,"template":"","format":"standard","meta":{"jetpack_post_was_ever_published":false,"_jetpack_newsletter_access":"","_jetpack_dont_email_post_to_subs":false,"_jetpack_newsletter_tier_id":0,"_jetpack_memberships_contains_paywalled_content":false,"_jetpack_memberships_contains_paid_content":false,"footnotes":"","jetpack_publicize_message":"","jetpack_publicize_feature_enabled":true,"jetpack_social_post_already_shared":true,"jetpack_social_options":{"image_generator_settings":{"template":"highway","default_image_id":0,"font":"","enabled":false},"version":2}},"categories":[19],"tags":[596,3469,3654,42001,24666],"class_list":["post-173310","post","type-post","status-publish","format-standard","hentry","category-ekonomi","tag-altin","tag-ardindan","tag-doviz","tag-gevsedi","tag-secimin"],"jetpack_publicize_connections":[],"jetpack_featured_media_url":"","jetpack_sharing_enabled":true,"jetpack_shortlink":"https:\/\/wp.me\/paKIfm-J5k","_links":{"self":[{"href":"http:\/\/www.tvturk.com\/index.php\/wp-json\/wp\/v2\/posts\/173310","targetHints":{"allow":["GET"]}}],"collection":[{"href":"http:\/\/www.tvturk.com\/index.php\/wp-json\/wp\/v2\/posts"}],"about":[{"href":"http:\/\/www.tvturk.com\/index.php\/wp-json\/wp\/v2\/types\/post"}],"author":[{"embeddable":true,"href":"http:\/\/www.tvturk.com\/index.php\/wp-json\/wp\/v2\/users\/1"}],"replies":[{"embeddable":true,"href":"http:\/\/www.tvturk.com\/index.php\/wp-json\/wp\/v2\/comments?post=173310"}],"version-history":[{"count":0,"href":"http:\/\/www.tvturk.com\/index.php\/wp-json\/wp\/v2\/posts\/173310\/revisions"}],"wp:attachment":[{"href":"http:\/\/www.tvturk.com\/index.php\/wp-json\/wp\/v2\/media?parent=173310"}],"wp:term":[{"taxonomy":"category","embeddable":true,"href":"http:\/\/www.tvturk.com\/index.php\/wp-json\/wp\/v2\/categories?post=173310"},{"taxonomy":"post_tag","embeddable":true,"href":"http:\/\/www.tvturk.com\/index.php\/wp-json\/wp\/v2\/tags?post=173310"}],"curies":[{"name":"wp","href":"https:\/\/api.w.org\/{rel}","templated":true}]}}