{"id":173338,"date":"2019-06-24T14:32:38","date_gmt":"2019-06-24T11:32:38","guid":{"rendered":"http:\/\/www.tvturk.com\/index.php\/evkur-yeni-malatyaspordan-transfer-aciklamasi\/"},"modified":"2019-06-24T14:32:38","modified_gmt":"2019-06-24T11:32:38","slug":"evkur-yeni-malatyaspordan-transfer-aciklamasi","status":"publish","type":"post","link":"http:\/\/www.tvturk.com\/index.php\/evkur-yeni-malatyaspordan-transfer-aciklamasi\/","title":{"rendered":"Evkur Yeni Malatyaspor\u2019dan transfer a\u00e7\u0131klamas\u0131"},"content":{"rendered":"<p>Evkur Yeni Malatyaspor y\u00f6neticisi Erdal G\u00fcnd\u00fcz, transferle ilgili yapt\u0131\u011f\u0131 a\u00e7\u0131klamada, \u201cTransfer \u00e7al\u0131\u015fmalar\u0131m\u0131z, hocam\u0131z ve transfer komitemizin ortak \u00e7al\u0131\u015fmas\u0131yla devam ediyor. \u015eu ana kadar resmi olarak 2 futbolcuyla anla\u015ft\u0131k, arkas\u0131 da gelecek\u201d dedi.<\/p>\n<p>Evkur Yeni Malatyaspor\u2019da yeni sezon kamp \u00e7al\u0131\u015fmalar\u0131 yar\u0131n Malatya\u2019da start alacak. Sar\u0131-k\u0131rm\u0131z\u0131l\u0131 y\u00f6netim, bir yandan da yeni sezonun kadrosu i\u00e7in \u00e7al\u0131\u015fmalar\u0131n\u0131 s\u00fcrd\u00fcr\u00fcyor. Malatya ekibi, Atiker Konyaspor\u2019dan Fofana ve Jahovic\u2019e imza att\u0131rarak, transfere h\u0131zl\u0131 bir giri\u015f yapt\u0131.<\/p>\n<p>Transferdeki son durumla ilgili \u0130HA\u2019ya a\u00e7\u0131klamalarda bulunan y\u00f6netim kurulu \u00fcyesi Erdal G\u00fcnd\u00fcz, bu sezon 3 kulvarda birden m\u00fccadele edecekleri durumunu d\u00fc\u015f\u00fcnerek, transferde hata yapmak istemediklerini s\u00f6yledi.<\/p>\n<p>Transferde \u015fu ana kadar 2 isimle anla\u015ft\u0131klar\u0131n\u0131 kaydeden G\u00fcnd\u00fcz, \u201cTransfer \u00e7al\u0131\u015fmalar\u0131m\u0131z hocam\u0131z ve transfer komitemizin ortak \u00e7al\u0131\u015fmas\u0131yla devam ediyor. \u015eu ana kadar resmi olarak 2 futbolcuyla anla\u015ft\u0131k, arkas\u0131 da gelecek in\u015fallah. Tabii bu sezon 3 kulvarda birden m\u00fccadele edecek olmam\u0131z nedeniyle kadromuzu hata yapmadan kurmam\u0131z laz\u0131m. Hocam\u0131z ve transfer komitemiz transferde ortak hareket ederek \u00e7al\u0131\u015f\u0131yor. Camiam\u0131z ge\u00e7en sezonlarda oldu\u011fu gibi bize yine g\u00fcvensin. \u0130yi bir tak\u0131m olu\u015fturaca\u011f\u0131z. \u0130n\u015fallah mevcut oyuncular\u0131m\u0131zla birlikte yeni gelenlerin de katk\u0131lar\u0131yla \u00e7ok farkl\u0131 bir Evkur Yeni Malatyaspor izletece\u011fiz. 25 Temmuz\u2019da Avrupa\u2019da sahne alaca\u011f\u0131z. O g\u00fcne kadar her \u015feyiyle haz\u0131r bir tak\u0131m olmal\u0131y\u0131z. \u0130n\u015fallah b\u00fct\u00fcn \u00e7al\u0131\u015fmalar\u0131m\u0131z bu do\u011frultuda\u201d diye konu\u015ftu.<\/p>\n","protected":false},"excerpt":{"rendered":"<p>EVKUR YEN\u0130 MALATYASPOR Y\u00d6NET\u0130C\u0130S\u0130 ERDAL G\u00dcND\u00dcZ, TRANSFERLE \u0130LG\u0130L\u0130 YAPTI\u011eI A\u00c7IKLAMADA, \u201cTRANSFER \u00c7ALI\u015eMALARIMIZ HOCAMIZ VE TRANSFER KOM\u0130TEM\u0130Z\u0130N ORTAK \u00c7ALI\u015eMASIYLA DEVAM ED\u0130YOR. \u015eUANA KADAR RESM\u0130 OLARAK 2 FUTBOLCUYLA ANLA\u015eTIK, ARKASI DA GELECEK\u201d DED\u0130.<\/p>\n","protected":false},"author":1,"featured_media":0,"comment_status":"closed","ping_status":"open","sticky":false,"template":"","format":"standard","meta":{"jetpack_post_was_ever_published":false,"_jetpack_newsletter_access":"","_jetpack_dont_email_post_to_subs":false,"_jetpack_newsletter_tier_id":0,"_jetpack_memberships_contains_paywalled_content":false,"_jetpack_memberships_contains_paid_content":false,"footnotes":"","jetpack_publicize_message":"","jetpack_publicize_feature_enabled":true,"jetpack_social_post_already_shared":true,"jetpack_social_options":{"image_generator_settings":{"template":"highway","default_image_id":0,"font":"","enabled":false},"version":2}},"categories":[657],"tags":[1072,14168,14724,2518,87],"class_list":["post-173338","post","type-post","status-publish","format-standard","hentry","category-spor","tag-aciklamasi","tag-evkur","tag-malatyaspordan","tag-transfer","tag-yeni"],"jetpack_publicize_connections":[],"jetpack_featured_media_url":"","jetpack_sharing_enabled":true,"jetpack_shortlink":"https:\/\/wp.me\/paKIfm-J5M","_links":{"self":[{"href":"http:\/\/www.tvturk.com\/index.php\/wp-json\/wp\/v2\/posts\/173338","targetHints":{"allow":["GET"]}}],"collection":[{"href":"http:\/\/www.tvturk.com\/index.php\/wp-json\/wp\/v2\/posts"}],"about":[{"href":"http:\/\/www.tvturk.com\/index.php\/wp-json\/wp\/v2\/types\/post"}],"author":[{"embeddable":true,"href":"http:\/\/www.tvturk.com\/index.php\/wp-json\/wp\/v2\/users\/1"}],"replies":[{"embeddable":true,"href":"http:\/\/www.tvturk.com\/index.php\/wp-json\/wp\/v2\/comments?post=173338"}],"version-history":[{"count":0,"href":"http:\/\/www.tvturk.com\/index.php\/wp-json\/wp\/v2\/posts\/173338\/revisions"}],"wp:attachment":[{"href":"http:\/\/www.tvturk.com\/index.php\/wp-json\/wp\/v2\/media?parent=173338"}],"wp:term":[{"taxonomy":"category","embeddable":true,"href":"http:\/\/www.tvturk.com\/index.php\/wp-json\/wp\/v2\/categories?post=173338"},{"taxonomy":"post_tag","embeddable":true,"href":"http:\/\/www.tvturk.com\/index.php\/wp-json\/wp\/v2\/tags?post=173338"}],"curies":[{"name":"wp","href":"https:\/\/api.w.org\/{rel}","templated":true}]}}