{"id":173340,"date":"2019-06-24T14:32:42","date_gmt":"2019-06-24T11:32:42","guid":{"rendered":"http:\/\/www.tvturk.com\/index.php\/toprak-razgatlioglu-italyada-2nci-oldu\/"},"modified":"2019-06-24T14:32:42","modified_gmt":"2019-06-24T11:32:42","slug":"toprak-razgatlioglu-italyada-2nci-oldu","status":"publish","type":"post","link":"http:\/\/www.tvturk.com\/index.php\/toprak-razgatlioglu-italyada-2nci-oldu\/","title":{"rendered":"Toprak Razgatl\u0131o\u011flu \u0130talya\u2019da 2\u2019nci oldu"},"content":{"rendered":"<p>T\u00fcrk motosikletinin \u00f6nemli temsilcilerinden biri olan Toprak Razgatl\u0131o\u011flu, 2019 D\u00fcnya Superbike \u015eampiyonas\u0131\u2019n\u0131n 7\u2019nci durak noktas\u0131 olan \u0130talya\u2019da ikinci oldu.<\/p>\n<p>T\u00fcrkiye\u2019nin yeti\u015ftirdi\u011fi en yetenekli motosiklet sporcular\u0131ndan biri olan Toprak Razgatl\u0131o\u011flu, D\u00fcnya Superbike \u015eampiyonas\u0131\u2019nda (WorldSBK) 7\u2019nci durak noktas\u0131 olan \u0130talya\u2019da zorlu 2\u2019nci yar\u0131\u015fta bu sezonki en iyi derecesine ula\u015f\u0131p 2\u2019ncili\u011fi elde etti. Misano Pisti\u2019nde ko\u015fulan ikinci yar\u0131\u015fa 4\u2019\u00fcnc\u00fc cepten ba\u015flayan Red Bull sporcusu Toprak Razgatl\u0131o\u011flu, b\u00fcy\u00fck \u00e7eki\u015fmeye sahne olan yar\u0131\u015fta damal\u0131 bayra\u011f\u0131n alt\u0131ndan 2\u2019nci s\u0131rada ge\u00e7meyi ba\u015fard\u0131.<\/p>\n<p>World SBK arenas\u0131nda ilk kez bir T\u00fcrk ad\u0131n\u0131 kullanan bir tak\u0131mla m\u00fccadele eden Razgatl\u0131o\u011flu, Jonathan Rea\u2019n\u0131n ard\u0131ndan podyuma \u00e7\u0131karken Leon Haslam ise 3\u2019\u00fcnc\u00fc oldu. Bu sonucun ard\u0131ndan Toprak Razgatl\u0131o\u011flu 121 puanla pilotlar s\u0131ralamas\u0131nda 6\u2019nc\u0131 basama\u011fa y\u00fckseldi.<\/p>\n<p>\u2019\u2019Bu sonu\u00e7 yeni bir sayfan\u0131n ba\u015flang\u0131c\u0131\u2019\u2019<\/p>\n<p>\u00dcst \u00fcste \u00fc\u00e7 durak noktas\u0131nda \u00fc\u00e7 podyum elde etmenin mutlulu\u011funu ya\u015fad\u0131\u011f\u0131n\u0131 belirten Red Bull sporcusu Razgatl\u0131o\u011flu, \u2019\u2019Bu yar\u0131\u015f, Superbike\u2019teki en iyi yar\u0131\u015f\u0131md\u0131. \u00c7ok iyi ba\u015flad\u0131m, son d\u00f6rt turda da liderli\u011fi elde ettim. 1\u2019inci de olabilirdim, Ama art\u0131k yolumuz a\u00e7\u0131k. \u0130mola\u2019da yeni bir ba\u015flang\u0131\u00e7 yapaca\u011f\u0131m\u0131z\u0131 s\u00f6ylemi\u015ftim. \u00d6yle de oldu. T\u00fcrk ad\u0131n\u0131 ta\u015f\u0131yan bir tak\u0131mla yar\u0131\u015f\u0131yorum. Bunun sorumlulu\u011funu biliyorum. Ve bayra\u011f\u0131m\u0131z\u0131 g\u00f6nderin en \u00fcst\u00fcne \u00e7ekece\u011fim\u2019\u2019 ifadelerini kulland\u0131.<\/p>\n","protected":false},"excerpt":{"rendered":"<p>T\u00dcRK MOTOS\u0130KLET\u0130N\u0130N \u00d6NEML\u0130 TEMS\u0130LC\u0130LER\u0130NDEN B\u0130R\u0130 OLAN TOPRAK RAZGATLIO\u011eLU, 2019 D\u00dcNYA SUPERB\u0130KE \u015eAMP\u0130YONASI\u2019NIN 7&#8217;NC\u0130 DURAK NOKTASI OLAN \u0130TALYA\u2019DA \u0130K\u0130NC\u0130 OLDU.<\/p>\n","protected":false},"author":1,"featured_media":0,"comment_status":"closed","ping_status":"open","sticky":false,"template":"","format":"standard","meta":{"jetpack_post_was_ever_published":false,"_jetpack_newsletter_access":"","_jetpack_dont_email_post_to_subs":false,"_jetpack_newsletter_tier_id":0,"_jetpack_memberships_contains_paywalled_content":false,"_jetpack_memberships_contains_paid_content":false,"footnotes":"","jetpack_publicize_message":"","jetpack_publicize_feature_enabled":true,"jetpack_social_post_already_shared":true,"jetpack_social_options":{"image_generator_settings":{"template":"highway","default_image_id":0,"font":"","enabled":false},"version":2}},"categories":[657],"tags":[16291,1384,77,24389,9353],"class_list":["post-173340","post","type-post","status-publish","format-standard","hentry","category-spor","tag-italyada","tag-2nci","tag-oldu","tag-razgatlioglu","tag-toprak"],"jetpack_publicize_connections":[],"jetpack_featured_media_url":"","jetpack_sharing_enabled":true,"jetpack_shortlink":"https:\/\/wp.me\/paKIfm-J5O","_links":{"self":[{"href":"http:\/\/www.tvturk.com\/index.php\/wp-json\/wp\/v2\/posts\/173340","targetHints":{"allow":["GET"]}}],"collection":[{"href":"http:\/\/www.tvturk.com\/index.php\/wp-json\/wp\/v2\/posts"}],"about":[{"href":"http:\/\/www.tvturk.com\/index.php\/wp-json\/wp\/v2\/types\/post"}],"author":[{"embeddable":true,"href":"http:\/\/www.tvturk.com\/index.php\/wp-json\/wp\/v2\/users\/1"}],"replies":[{"embeddable":true,"href":"http:\/\/www.tvturk.com\/index.php\/wp-json\/wp\/v2\/comments?post=173340"}],"version-history":[{"count":0,"href":"http:\/\/www.tvturk.com\/index.php\/wp-json\/wp\/v2\/posts\/173340\/revisions"}],"wp:attachment":[{"href":"http:\/\/www.tvturk.com\/index.php\/wp-json\/wp\/v2\/media?parent=173340"}],"wp:term":[{"taxonomy":"category","embeddable":true,"href":"http:\/\/www.tvturk.com\/index.php\/wp-json\/wp\/v2\/categories?post=173340"},{"taxonomy":"post_tag","embeddable":true,"href":"http:\/\/www.tvturk.com\/index.php\/wp-json\/wp\/v2\/tags?post=173340"}],"curies":[{"name":"wp","href":"https:\/\/api.w.org\/{rel}","templated":true}]}}