{"id":173344,"date":"2019-06-24T14:46:09","date_gmt":"2019-06-24T11:46:09","guid":{"rendered":"http:\/\/www.tvturk.com\/index.php\/bm-gida-yardiminin-askiya-alinmasi-binlerce-yemenliyi-etkileyecek\/"},"modified":"2019-06-24T14:46:09","modified_gmt":"2019-06-24T11:46:09","slug":"bm-gida-yardiminin-askiya-alinmasi-binlerce-yemenliyi-etkileyecek","status":"publish","type":"post","link":"http:\/\/www.tvturk.com\/index.php\/bm-gida-yardiminin-askiya-alinmasi-binlerce-yemenliyi-etkileyecek\/","title":{"rendered":"BM g\u0131da yard\u0131m\u0131n\u0131n ask\u0131ya al\u0131nmas\u0131 binlerce Yemenliyi etkileyecek"},"content":{"rendered":"<p>Birle\u015fmi\u015f Milletler D\u00fcnya G\u0131da Program\u0131\u2019n\u0131n (WFP) Yemen\u2019de yiyecek yard\u0131m\u0131n\u0131 ask\u0131ya al\u0131nmas\u0131 binlerce Yemenliyi a\u00e7l\u0131k tehlikesiyle kar\u015f\u0131 kar\u015f\u0131ya b\u0131rakt\u0131.<\/p>\n<p>Birle\u015fmi\u015f Milletler D\u00fcnya G\u0131da Program\u0131\u2019n\u0131n (WFP), Yemen\u2019de Husilerin<\/p>\n<p>kontrol\u00fc alt\u0131ndaki b\u00f6lgelere yapt\u0131\u011f\u0131 g\u0131da yard\u0131m\u0131n\u0131 k\u0131smen ask\u0131ya almaya ba\u015flamas\u0131 binlerce Yemenliyi a\u00e7l\u0131k tehlikesiyle kar\u015f\u0131 kar\u015f\u0131ya b\u0131rakt\u0131.  Yemen\u2019de 10 milyondan fazla insan\u0131 besleyen BM ajans\u0131, \u00fclkenin kuzey b\u00f6lgelerinde g\u0131da da\u011f\u0131t\u0131m\u0131na m\u00fcdahale eden baz\u0131 engelleyici ve i\u015fbirlik\u00e7i olmayan Husi liderlerinden defalarca \u015fik\u00e2yet etti. Husi isyanc\u0131lar\u0131 ve WFP aras\u0131nda artan anla\u015fmazl\u0131\u011f\u0131n devam etmesi yiyecek yard\u0131m\u0131n\u0131n ask\u0131ya al\u0131nmas\u0131na yol a\u00e7t\u0131.<\/p>\n<p>Husiler ba\u015fkent Sana\u2019y\u0131 2015\u2019ten beri kontrol alt\u0131nda tutuyor. WFP\u2019nin g\u0131da yard\u0131m\u0131n\u0131 k\u0131smi olarak ask\u0131ya almas\u0131n\u0131n, Husi kontrol\u00fcndeki kuzey b\u00f6lgelerde ya\u015fayan 850 bin insan\u0131n etkileyece\u011fi tahmin ediliyor. H\u00fck\u00fcmet taraf\u0131ndan kontrol edilen g\u00fcney illerinde bile, dahili WFP merkezlerinin halen ba\u015fkent Sana\u2019da yer almas\u0131 nedeniyle, son zamanlarda k\u0131smi yard\u0131m da\u011f\u0131t\u0131m\u0131n\u0131n ask\u0131ya al\u0131nmas\u0131ndan binlerce \u00fclke i\u00e7inde yerlerinden edilmi\u015fler etkilenebilir.<\/p>\n<p>\u201cBizler ma\u011fduruz\u201d<\/p>\n<p>Aden \u015fehrinde ya\u015fayan yerlerinden edilmi\u015f insanlar yiyecek yard\u0131m\u0131n\u0131n k\u0131smi olarak ask\u0131ya al\u0131nmas\u0131n\u0131n kamplar\u0131n\u0131 birka\u00e7 g\u00fcn i\u00e7inde vuraca\u011f\u0131n\u0131 s\u00f6yledi. Be\u015f \u00e7ocuk babas\u0131 olan Yahya Hassan, insani ili\u015fkilerin ve insanlar\u0131n ya\u015famlar\u0131yla ilgili konular\u0131n \u00fclkede meydana gelen siyasi \u00e7at\u0131\u015fmalardan uzak tutulmas\u0131 gerekti\u011fini s\u00f6yledi. \u00dclke i\u00e7inde yerlerinden edilmi\u015f insanlardan biri olan Hassan, &#8220;Bizler ma\u011fduruz ve kamplar\u0131m\u0131zda yiyecek, ila\u00e7 ve \u00e7ocuk ihtiya\u00e7lar\u0131 eksikli\u011fi var, \u015fimdi art\u0131k b\u00fcy\u00fckler de yard\u0131mdan mahrum&#8221; dedi. Hassan Yemen\u2019de faaliyet g\u00f6steren yerel ve uluslararas\u0131 \u00f6rg\u00fctleri, siyasi ili\u015fkiler veya co\u011frafi konuma bakmaks\u0131z\u0131n a\u00e7 Yemenleri desteklemeye devam etmeye \u00e7a\u011f\u0131rd\u0131.<\/p>\n<p>Yerinden edilmi\u015f ailelerin \u00e7o\u011fu, WFP ve di\u011fer kurulu\u015flar\u0131n deste\u011fine hala acil ihtiya\u00e7 duyduklar\u0131n\u0131 do\u011fruluyor. Yerlerinden edilmi\u015f insanlardan biri olan Kahala Mariam, &#8220;Ailem hala organizasyonlardan gelen yiyecek, \u00e7ad\u0131r ve t\u0131bbi bak\u0131m gibi bir\u00e7ok \u015feye ihtiya\u00e7 duyuyor&#8221; a\u00e7\u0131klamas\u0131nda bulundu.<\/p>\n<p>\u201cWFP bizi yaln\u0131z b\u0131rakmas\u0131n\u201d<\/p>\n<p>Sava\u015f \u00fclkenin farkl\u0131 b\u00f6lgelerinde devam ettik\u00e7e, binlerce insan, \u00f6zellikle yiyecek ve i\u00e7ecek gibi g\u00fcnl\u00fck temel ihtiya\u00e7lar ile ilgili yeterli yard\u0131m almadan m\u00fclteci kamplar\u0131na itiliyor. Baz\u0131 insanlar ba\u015fkent Sana\u2019daki Husi yetkilileri ve WFP yetkililerinin devam eden anla\u015fmazl\u0131klar\u0131n\u0131n \u00fclke genelinde h\u00e2lihaz\u0131rda sefil ya\u015fam ko\u015fullar\u0131n\u0131 \u015fiddetlendirebilece\u011finden korkuyorlard\u0131. Yerinden edilmi\u015f bir ba\u015fka bir Yemenli Yusuf bin Ahmed, son alt\u0131 ay i\u00e7inde farkl\u0131 kurulu\u015flar taraf\u0131ndan da\u011f\u0131t\u0131lan baz\u0131 g\u0131da yard\u0131mlar\u0131n\u0131 ald\u0131\u011f\u0131n\u0131, ancak bu g\u00fcnlerde hi\u00e7bir \u015fey da\u011f\u0131t\u0131lmad\u0131\u011f\u0131n\u0131 s\u00f6yledi. Ahmed, &#8220;\u00c7ad\u0131r\u0131m\u0131z bombo\u015f, ne bir un ne de bir \u015feker \u00e7uval\u0131 var, \u00e7ad\u0131rda yiyecek ya da i\u00e7ecek hi\u00e7 bir \u015fey yok&#8221; dedi. Ahmed,&#8221; WFP\u2019yi Yemen\u2019deki operasyonlar\u0131na devam etmeye \u00e7a\u011f\u0131r\u0131yoruz \u00e7\u00fcnk\u00fc milyonlarca a\u00e7 insan\u0131n hayat\u0131 g\u0131da yard\u0131m\u0131na ba\u011fl\u0131, l\u00fctfen bizi yaln\u0131z b\u0131rakmas\u0131n&#8221; a\u00e7\u0131klamas\u0131n\u0131 yapt\u0131.<\/p>\n<p>BM Genel Sekreteri s\u00f6zc\u00fcs\u00fc Stephen Dujarric, k\u0131smi ask\u0131ya alma karar\u0131n\u0131n, Husi yetkilileri ile WFP yetkilileri taraf\u0131ndan,  g\u0131da da\u011f\u0131t\u0131m\u0131 konusunda yap\u0131lan engellemelerin durdurulmas\u0131 ile ilgili yap\u0131lan g\u00f6r\u00fc\u015fmeler sonras\u0131nda son \u00e7are olarak al\u0131nd\u0131\u011f\u0131n\u0131 s\u00f6yledi.<\/p>\n","protected":false},"excerpt":{"rendered":"<p>B\u0130RLE\u015eM\u0130\u015e M\u0130LLETLER D\u00dcNYA GIDA PROGRAMI&#8217;NIN (WFP) YEMEN&#8217;DE Y\u0130YECEK YARDIMINI ASKIYA ALINMASI B\u0130NLERCE YEMENL\u0130Y\u0130 A\u00c7LIK TEHL\u0130KES\u0130YLE KAR\u015eI KAR\u015eIYA BIRAKTI.<\/p>\n","protected":false},"author":1,"featured_media":0,"comment_status":"closed","ping_status":"open","sticky":false,"template":"","format":"standard","meta":{"jetpack_post_was_ever_published":false,"_jetpack_newsletter_access":"","_jetpack_dont_email_post_to_subs":false,"_jetpack_newsletter_tier_id":0,"_jetpack_memberships_contains_paywalled_content":false,"_jetpack_memberships_contains_paid_content":false,"footnotes":"","jetpack_publicize_message":"","jetpack_publicize_feature_enabled":true,"jetpack_social_post_already_shared":true,"jetpack_social_options":{"image_generator_settings":{"template":"highway","default_image_id":0,"font":"","enabled":false},"version":2}},"categories":[10],"tags":[501,35676,3818,32606,507,42014,42015],"class_list":["post-173344","post","type-post","status-publish","format-standard","hentry","category-dunya","tag-alinmasi","tag-askiya","tag-binlerce","tag-etkileyecek","tag-gida","tag-yardiminin","tag-yemenliyi"],"jetpack_publicize_connections":[],"jetpack_featured_media_url":"","jetpack_sharing_enabled":true,"jetpack_shortlink":"https:\/\/wp.me\/paKIfm-J5S","_links":{"self":[{"href":"http:\/\/www.tvturk.com\/index.php\/wp-json\/wp\/v2\/posts\/173344","targetHints":{"allow":["GET"]}}],"collection":[{"href":"http:\/\/www.tvturk.com\/index.php\/wp-json\/wp\/v2\/posts"}],"about":[{"href":"http:\/\/www.tvturk.com\/index.php\/wp-json\/wp\/v2\/types\/post"}],"author":[{"embeddable":true,"href":"http:\/\/www.tvturk.com\/index.php\/wp-json\/wp\/v2\/users\/1"}],"replies":[{"embeddable":true,"href":"http:\/\/www.tvturk.com\/index.php\/wp-json\/wp\/v2\/comments?post=173344"}],"version-history":[{"count":0,"href":"http:\/\/www.tvturk.com\/index.php\/wp-json\/wp\/v2\/posts\/173344\/revisions"}],"wp:attachment":[{"href":"http:\/\/www.tvturk.com\/index.php\/wp-json\/wp\/v2\/media?parent=173344"}],"wp:term":[{"taxonomy":"category","embeddable":true,"href":"http:\/\/www.tvturk.com\/index.php\/wp-json\/wp\/v2\/categories?post=173344"},{"taxonomy":"post_tag","embeddable":true,"href":"http:\/\/www.tvturk.com\/index.php\/wp-json\/wp\/v2\/tags?post=173344"}],"curies":[{"name":"wp","href":"https:\/\/api.w.org\/{rel}","templated":true}]}}