{"id":173370,"date":"2019-06-24T15:31:48","date_gmt":"2019-06-24T12:31:48","guid":{"rendered":"http:\/\/www.tvturk.com\/index.php\/nevsehirde-140-bin-dekar-tarim-arazisi-zarar-gordu\/"},"modified":"2019-06-24T15:31:48","modified_gmt":"2019-06-24T12:31:48","slug":"nevsehirde-140-bin-dekar-tarim-arazisi-zarar-gordu","status":"publish","type":"post","link":"http:\/\/www.tvturk.com\/index.php\/nevsehirde-140-bin-dekar-tarim-arazisi-zarar-gordu\/","title":{"rendered":"Nev\u015fehir\u2019de 140 bin dekar tar\u0131m arazisi zarar g\u00f6rd\u00fc"},"content":{"rendered":"<p>Nev\u015fehir\u2019de son 15 g\u00fcnd\u00fcr ya\u011fan sa\u011fanak ya\u011f\u0131\u015flar\u0131n ard\u0131ndan \u0130l genelinde 140 bin dekar tar\u0131m arazisi zarar g\u00f6rd\u00fc.<\/p>\n<p>Nev\u015fehir\u2019de son 15 g\u00fcnd\u00fcr ya\u011fan sa\u011fanak ya\u011f\u0131\u015flar sele neden olurken ya\u015fanan sel felaketi sonras\u0131nda ise ba\u015fta il merkezi olmak \u00fczere il\u00e7e ve k\u00f6ylerde 140 bin dekar tar\u0131m arazisi zarar g\u00f6rd\u00fc. Tar\u0131m ve Orman \u0130l M\u00fcd\u00fcr\u00fc Okan Y\u0131lmaz yapt\u0131\u011f\u0131 a\u00e7\u0131klamada 15 g\u00fcnde ya\u011fan sa\u011fanak ya\u011f\u0131\u015flar ve dolu sonras\u0131nda il genelinde y\u00fczde 45 oran\u0131nda tar\u0131m arazilerinin zarar g\u00f6rd\u00fc\u011f\u00fcn\u00fc s\u00f6yledi. Y\u0131lmaz, \u201c\u00d6ncelikle zarar ziyana u\u011frayan \u00e7ift\u00e7i karde\u015flerimize ge\u00e7mi\u015f olsun diyoruz. \u0130n\u015fallah en az zarar ile bu olay\u0131 atlat\u0131r\u0131z. 2 hafta boyunca \u00e7al\u0131\u015fmalar\u0131m\u0131za devam ediyoruz. Yapm\u0131\u015f oldu\u011fumuz \u00e7al\u0131\u015fmalar\u0131 bakanl\u0131\u011f\u0131m\u0131z ile payla\u015ft\u0131k.  Devletimizin yapabilece\u011fi bir \u015fey varsa onlarla ilgili \u00e7al\u0131\u015fmalar\u0131m\u0131z da devam etmektedir. Son 15 g\u00fcn i\u00e7erisinde ya\u011fan a\u015f\u0131r\u0131 ya\u011f\u0131\u015f ve doluyla birlikte yakla\u015f\u0131k 140 bin dekar tar\u0131m alan\u0131m\u0131z zarar g\u00f6rm\u00fc\u015f durumdad\u0131r. Arkada\u015flar\u0131m\u0131z halen \u00e7al\u0131\u015fmalar\u0131na devam etmektedir. Biz bu hafta \u00e7al\u0131\u015fmalar\u0131m\u0131z\u0131 bitirmeyi planl\u0131yoruz. Ufak tefek hayvanlar\u0131m\u0131zda da zarar oldu ama daha \u00e7ok zarar tar\u0131m arazilerimizde oldu. Yakla\u015f\u0131k ortalama y\u00fczde 45 oran\u0131nda zarar\u0131m\u0131z var. Bu y\u00fczde 30 ile y\u00fczde 90 aras\u0131nda tarla aras\u0131nda de\u011fi\u015fmektedir. \u0130limiz merkez ba\u015fta olmak \u00fczere Avanos, Ac\u0131g\u00f6l, Kozakl\u0131, G\u00fcl\u015fehir, Hac\u0131bekta\u015f, Derinkuyu, \u00dcrg\u00fcp il\u00e7elerimizde bu zararlar\u0131n oldu\u011funu biliyoruz. \u0130l\u00e7e M\u00fcd\u00fcrl\u00fcklerinde arkada\u015flar\u0131m\u0131z da ayn\u0131 \u00e7al\u0131\u015fmay\u0131 yap\u0131yorlar. G\u00fcn ve g\u00fcn bu rakamlar\u0131 bizlere aktarmaktad\u0131rlar. 15 g\u00fcnd\u00fcr devam eden ya\u011f\u0131\u015flar\u0131n bitimiyle beraber bug\u00fcnden itibaren b\u00f6yle bir  zarar riskinin olu\u015fmayaca\u011f\u0131n\u0131 d\u00fc\u015f\u00fcn\u00fcyoruz. Temennimiz de bu y\u00f6nde. \u0130n\u015fallah zarar\u0131n daha da b\u00fcy\u00fcmeden hasad\u0131n da yakla\u015fmas\u0131yla birlikte \u00e7ift\u00e7ilerimize verimli bir hasat d\u00f6nemi diliyoruz\u201d dedi.<\/p>\n<p>\u201cTARS\u0130M Sigortas\u0131 zararlar\u0131 \u00f6deyecek\u201d<\/p>\n<p>Nev\u015fehir\u2019de tar\u0131m arazilerini TARS\u0130M sigortas\u0131 yapt\u0131ran \u00e7ift\u00e7ilerin zararlar\u0131n\u0131n \u00f6denece\u011fi m\u00fcjdesini veren Tar\u0131m ve Orman \u0130l M\u00fcd\u00fcr\u00fc Okan Y\u0131lmaz, \u201cK\u0131ymetli \u00e7ift\u00e7ilerimize \u015fu bilgiyi aktarmak istiyorum. Saha \u00e7al\u0131\u015fmalar\u0131nda, toplant\u0131larda zaman zaman kendileri ile payla\u015ft\u0131k. Dolu ve sel felaketleri TARS\u0130M sigorta kapsam\u0131na girmektedir. Bu sigorta primlerinin y\u00fczde 50\u2019ni zaten devletimiz kar\u015f\u0131lamaktad\u0131r. Yani maliyetlerini daha da a\u015fa\u011f\u0131ya \u00e7ekmi\u015f olan devletimizin bu imkanlar\u0131ndan yararlanmaya davet ediyorum. E\u011fer sigortas\u0131n\u0131 yapt\u0131rm\u0131\u015f olan \u00e7ift\u00e7ilerimiz var ise onlar ad\u0131na ben m\u00fcjdeyi vereyim. Sigorta bu zararlar\u0131n belli oranlar\u0131n\u0131 kar\u015f\u0131layacakt\u0131r. Di\u011fer yapt\u0131rmayan \u00e7ift\u00e7ilerimiz de gelecek y\u0131ldan itibaren bu sigortay\u0131 yapt\u0131rmaya davet ediyorum. Az bir sigorta primi ile \u00e7ok b\u00fcy\u00fck zararlar\u0131n \u00f6n\u00fcne ge\u00e7ebiliriz\u201d \u015feklinde konu\u015ftu.<\/p>\n","protected":false},"excerpt":{"rendered":"<p>NEV\u015eEH\u0130R\u2019DE SON 15 G\u00dcND\u00dcR YA\u011eAN SA\u011eANAK YA\u011eI\u015eLAR SELE NEDEN OLURKEN YA\u015eANAN SEL FELAKET\u0130 SONRASINDA \u0130SE BA\u015eTA \u0130L MERKEZ\u0130 OLMAK \u00dcZERE \u0130L\u00c7E VE K\u00d6YLERDE 140 B\u0130N DEKAR TARIM ARAZ\u0130S\u0130 ZARAR G\u00d6RD\u00dc.<\/p>\n","protected":false},"author":1,"featured_media":0,"comment_status":"closed","ping_status":"open","sticky":false,"template":"","format":"standard","meta":{"jetpack_post_was_ever_published":false,"_jetpack_newsletter_access":"","_jetpack_dont_email_post_to_subs":false,"_jetpack_newsletter_tier_id":0,"_jetpack_memberships_contains_paywalled_content":false,"_jetpack_memberships_contains_paid_content":false,"footnotes":"","jetpack_publicize_message":"","jetpack_publicize_feature_enabled":true,"jetpack_social_post_already_shared":true,"jetpack_social_options":{"image_generator_settings":{"template":"highway","default_image_id":0,"font":"","enabled":false},"version":2}},"categories":[1],"tags":[10291,10389,213,40860,244,1651,2403,900],"class_list":["post-173370","post","type-post","status-publish","format-standard","hentry","category-genel","tag-10291","tag-arazisi","tag-bin","tag-dekar","tag-gordu","tag-nevsehirde","tag-tarim","tag-zarar"],"jetpack_publicize_connections":[],"jetpack_featured_media_url":"","jetpack_sharing_enabled":true,"jetpack_shortlink":"https:\/\/wp.me\/paKIfm-J6i","_links":{"self":[{"href":"http:\/\/www.tvturk.com\/index.php\/wp-json\/wp\/v2\/posts\/173370","targetHints":{"allow":["GET"]}}],"collection":[{"href":"http:\/\/www.tvturk.com\/index.php\/wp-json\/wp\/v2\/posts"}],"about":[{"href":"http:\/\/www.tvturk.com\/index.php\/wp-json\/wp\/v2\/types\/post"}],"author":[{"embeddable":true,"href":"http:\/\/www.tvturk.com\/index.php\/wp-json\/wp\/v2\/users\/1"}],"replies":[{"embeddable":true,"href":"http:\/\/www.tvturk.com\/index.php\/wp-json\/wp\/v2\/comments?post=173370"}],"version-history":[{"count":0,"href":"http:\/\/www.tvturk.com\/index.php\/wp-json\/wp\/v2\/posts\/173370\/revisions"}],"wp:attachment":[{"href":"http:\/\/www.tvturk.com\/index.php\/wp-json\/wp\/v2\/media?parent=173370"}],"wp:term":[{"taxonomy":"category","embeddable":true,"href":"http:\/\/www.tvturk.com\/index.php\/wp-json\/wp\/v2\/categories?post=173370"},{"taxonomy":"post_tag","embeddable":true,"href":"http:\/\/www.tvturk.com\/index.php\/wp-json\/wp\/v2\/tags?post=173370"}],"curies":[{"name":"wp","href":"https:\/\/api.w.org\/{rel}","templated":true}]}}