{"id":173398,"date":"2019-06-24T16:02:37","date_gmt":"2019-06-24T13:02:37","guid":{"rendered":"http:\/\/www.tvturk.com\/index.php\/acikogretim-yaz-okulu-kayitlari-basladi\/"},"modified":"2019-06-24T16:02:37","modified_gmt":"2019-06-24T13:02:37","slug":"acikogretim-yaz-okulu-kayitlari-basladi","status":"publish","type":"post","link":"http:\/\/www.tvturk.com\/index.php\/acikogretim-yaz-okulu-kayitlari-basladi\/","title":{"rendered":"A\u00e7\u0131k\u00f6\u011fretim yaz okulu kay\u0131tlar\u0131 ba\u015flad\u0131"},"content":{"rendered":"<p>Anadolu \u00dcniversitesi A\u00e7\u0131k\u00f6\u011fretim, \u0130ktisat ve \u0130\u015fletme Fak\u00fclteleri yaz okulu kay\u0131tlar\u0131 24-28 Haziran tarihleri aras\u0131nda yap\u0131lacak.<\/p>\n<p>Anadolu \u00dcniversitesi Rekt\u00f6r\u00fc Prof. Dr. \u015eafak Ertan \u00c7omakl\u0131\u2019n\u0131n m\u00fcjdesini verdi\u011fi A\u00e7\u0131k\u00f6\u011fretim, \u0130ktisat ve \u0130\u015fletme Fak\u00fclteleri yaz okulu kay\u0131tlar\u0131 bug\u00fcn itibariyle ba\u015flad\u0131. 28 Haziran Cuma g\u00fcn\u00fcne kadar s\u00fcrecek kay\u0131tlar, http:\/\/aof.anadolu.edu.tr adresindeki Kay\u0131t Otomasyonu ba\u011flant\u0131s\u0131, \u201cYaz Okulu Kay\u0131t\u201d linkinden yap\u0131labilecek.<\/p>\n<p>\u201cVerdi\u011fimiz e\u011fitimin kalitesini artt\u0131racak \u00e7al\u0131\u015fmalar yapmay\u0131 s\u00fcrd\u00fcrece\u011fiz\u201d<\/p>\n<p>Yaz okulu uygulamas\u0131 ilgili bir a\u00e7\u0131klama yapan Rekt\u00f6r Prof. Dr. \u00c7omakl\u0131, a\u00e7\u0131k ve uzaktan e\u011fitimde T\u00fcrkiye\u2019nin lider \u00fcniversitesi olarak yenilik\u00e7i, s\u00fcrd\u00fcr\u00fclebilir \u00e7\u00f6z\u00fcmler \u00fcretmek i\u00e7in \u00e7al\u0131\u015ft\u0131klar\u0131n\u0131n alt\u0131n\u0131 \u00e7izdi. Rekt\u00f6r \u00c7omakl\u0131, \u201cYaz okulu da bu yenilik\u00e7i anlay\u0131\u015f\u0131m\u0131z\u0131n bir \u00fcr\u00fcn\u00fc. \u00d6rg\u00fcn e\u011fitimde zaten kulland\u0131\u011f\u0131m\u0131z ve nitelikli sonu\u00e7lar ald\u0131\u011f\u0131m\u0131z yaz okulu uygulamas\u0131n\u0131, A\u00e7\u0131k\u00f6\u011fretim Sistemine uyarl\u0131yoruz. Bu yolla b\u00fct\u00fcnleme taleplerine cevap verdi\u011fimiz gibi ba\u015far\u0131l\u0131 \u00f6\u011frencilerimize de okullar\u0131n\u0131 erken bitirme f\u0131rsat\u0131 ya da i\u015f yo\u011funlu\u011fu olan \u00f6\u011frencilerimize yaz okulundan ders alarak d\u00f6nem i\u00e7indeki programlar\u0131n\u0131 hafifletme f\u0131rsat\u0131 sa\u011fl\u0131yoruz. Biz \u00f6\u011frencilerimizin lehine olacak, onlar\u0131n ba\u015far\u0131s\u0131n\u0131 y\u00fckseltecek, verdi\u011fimiz e\u011fitimin kalitesini artt\u0131racak \u00e7al\u0131\u015fmalar yapmay\u0131 s\u00fcrd\u00fcrece\u011fiz. Yaz okulu uygulamas\u0131n\u0131n \u00f6\u011frencilerimize hay\u0131rl\u0131 olmas\u0131n\u0131 diliyorum\u201d dedi.<\/p>\n<p>A\u00e7\u0131k\u00f6\u011fretim Sistemi yaz okuluna, Anadolu \u00dcniversitesi A\u00e7\u0131k\u00f6\u011fretim, \u0130ktisat ve \u0130\u015fletme Fak\u00fcltelerine kay\u0131tl\u0131 t\u00fcm \u00f6\u011frenciler ba\u015fvurabilecek. Yaz okulu uygulamas\u0131 mezuniyet a\u015famas\u0131na gelmi\u015f fakat eksik derslerinden dolay\u0131 mezun olamayan \u00f6\u011frencilere; bir \u00f6\u011fretim d\u00f6neminde 45 kredilik ders al\u0131p tek dersi kalan \u00f6\u011frencilere; d\u00f6nemlik ders se\u00e7me ko\u015fullar\u0131ndan dolay\u0131 ge\u00e7mi\u015f \u00f6\u011fretim y\u0131llar\u0131nda baz\u0131 dersleri al\u0131p ba\u015far\u0131s\u0131z olan ancak mevcut \u00f6\u011fretim y\u0131l\u0131nda ba\u015far\u0131s\u0131z oldu\u011fu dersi alamayan \u00f6\u011frencilere mezuniyet a\u00e7\u0131s\u0131ndan avantaj sa\u011flayacak.<\/p>\n<p>Kay\u0131t yeniletmeyen \u00f6\u011frenciler de ba\u015fvurabiliyor<\/p>\n<p>Yaz okuluna, g\u00fcz ve bahar d\u00f6nemi kay\u0131t yenileten veya yeniletmeyen, yar\u0131 y\u0131l fark etmeksizin t\u00fcm A\u00e7\u0131k\u00f6\u011fretim Sistemine g\u00f6re \u00f6\u011fretim yapan fak\u00fcltelerin \u00f6\u011frencileri kay\u0131t yapt\u0131rabilecek. Bu durum; pasif durumdaki \u00f6\u011frencilerin de yaz okuluna kay\u0131t yapt\u0131rabilece\u011fi anlam\u0131na geliyor. Bu \u00f6\u011frenciler herhangi bir g\u00fcz veya bahar d\u00f6neminde tekrar kay\u0131t yenilediklerinde aktif \u00f6\u011frenci olacaklar ve yaz okulunda ba\u015far\u0131l\u0131 olduklar\u0131 derslerden sorumlu olmayacaklar. \u00d6\u011frenciler, \u00fcst yar\u0131y\u0131l ya da alt yar\u0131y\u0131llardan hi\u00e7 almad\u0131klar\u0131 dersleri yaz okulunda alabilecekler. Yaz okulunda \u00f6\u011frenciler en fazla 5 ders alabilecek. \u00d6\u011frenim g\u00f6rd\u00fc\u011f\u00fc programda FF harf notlu dersi veya dersleri olan \u00f6\u011frenci, yaz okulunda bunlar\u0131 alabilecek. Genel Not Ortalamas\u0131 (GNO) 2,00\u2019\u0131n alt\u0131nda olan \u00f6\u011frenciler, ko\u015fullu ge\u00e7tikleri dersleri yani CD, DC ve DD harf notu ald\u0131klar\u0131 ders veya dersleri de yaz okulunda alabilecek.<\/p>\n<p>\u00dc\u00e7 ders s\u0131nav\u0131na giri\u015f hakk\u0131 olan \u00f6\u011frencilerin yaz okuluna kay\u0131t yapt\u0131rma hakk\u0131 bulunuyor. Fakat bu \u00f6\u011frenciler yaz okuluna kay\u0131t yapt\u0131rd\u0131klar\u0131nda, \u00fc\u00e7 ders s\u0131nav hakk\u0131ndan feragat etmi\u015f say\u0131lacaklar. Bu nedenle mezun olmak i\u00e7in 3 dersi kalan \u00f6\u011frencilerin \u00fc\u00e7 ders s\u0131nav\u0131 ya da yaz okulu aras\u0131nda tercih yapmas\u0131 gerekiyor. Bir \u00f6\u011frenci \u00fc\u00e7 ders s\u0131nav\u0131 ve yaz okuluna ayn\u0131 anda kat\u0131lamayacak.<\/p>\n<p>Hangi dersler a\u00e7\u0131lacak?<\/p>\n<p>A\u00e7\u0131k\u00f6\u011fretim, \u0130ktisat ve \u0130\u015fletme Fak\u00fcltelerinde a\u00e7\u0131lacak yaz okulu dersleri, ilgili birim kurulunun karar\u0131 ve Anadolu \u00dcniversitesi Senatosunun onay\u0131yla belirlenecek.  A\u00e7\u0131laca\u011f\u0131 kesinle\u015fen derslerin kay\u0131tlardan sonra a\u00e7\u0131klanmas\u0131 planlan\u0131yor.<\/p>\n<p>S\u0131navlar 14-15 Eyl\u00fcl\u2019de<\/p>\n<p>Yaz okulu ba\u015far\u0131 de\u011ferlendirmesi tek s\u0131nav ile yap\u0131lacak ve bu s\u0131nav\u0131n ba\u015far\u0131 notuna katk\u0131s\u0131 y\u00fczde 100 olacak. S\u0131navlar 14-15 Eyl\u00fcl tarihlerinde yap\u0131lacak. Yaz okulu s\u0131navlar\u0131n\u0131n her ilde yap\u0131lmas\u0131 planlan\u0131yor.<\/p>\n","protected":false},"excerpt":{"rendered":"<p>YAZ OKULU KAYITLARI BA\u015eLADI<\/p>\n","protected":false},"author":1,"featured_media":0,"comment_status":"closed","ping_status":"open","sticky":false,"template":"","format":"standard","meta":{"jetpack_post_was_ever_published":false,"_jetpack_newsletter_access":"","_jetpack_dont_email_post_to_subs":false,"_jetpack_newsletter_tier_id":0,"_jetpack_memberships_contains_paywalled_content":false,"_jetpack_memberships_contains_paid_content":false,"footnotes":"","jetpack_publicize_message":"","jetpack_publicize_feature_enabled":true,"jetpack_social_post_already_shared":true,"jetpack_social_options":{"image_generator_settings":{"template":"highway","default_image_id":0,"font":"","enabled":false},"version":2}},"categories":[1],"tags":[18128,55,30867,2055,183],"class_list":["post-173398","post","type-post","status-publish","format-standard","hentry","category-genel","tag-acikogretim","tag-basladi","tag-kayitlari","tag-okulu","tag-yaz"],"jetpack_publicize_connections":[],"jetpack_featured_media_url":"","jetpack_sharing_enabled":true,"jetpack_shortlink":"https:\/\/wp.me\/paKIfm-J6K","_links":{"self":[{"href":"http:\/\/www.tvturk.com\/index.php\/wp-json\/wp\/v2\/posts\/173398","targetHints":{"allow":["GET"]}}],"collection":[{"href":"http:\/\/www.tvturk.com\/index.php\/wp-json\/wp\/v2\/posts"}],"about":[{"href":"http:\/\/www.tvturk.com\/index.php\/wp-json\/wp\/v2\/types\/post"}],"author":[{"embeddable":true,"href":"http:\/\/www.tvturk.com\/index.php\/wp-json\/wp\/v2\/users\/1"}],"replies":[{"embeddable":true,"href":"http:\/\/www.tvturk.com\/index.php\/wp-json\/wp\/v2\/comments?post=173398"}],"version-history":[{"count":0,"href":"http:\/\/www.tvturk.com\/index.php\/wp-json\/wp\/v2\/posts\/173398\/revisions"}],"wp:attachment":[{"href":"http:\/\/www.tvturk.com\/index.php\/wp-json\/wp\/v2\/media?parent=173398"}],"wp:term":[{"taxonomy":"category","embeddable":true,"href":"http:\/\/www.tvturk.com\/index.php\/wp-json\/wp\/v2\/categories?post=173398"},{"taxonomy":"post_tag","embeddable":true,"href":"http:\/\/www.tvturk.com\/index.php\/wp-json\/wp\/v2\/tags?post=173398"}],"curies":[{"name":"wp","href":"https:\/\/api.w.org\/{rel}","templated":true}]}}