{"id":17343,"date":"2019-02-10T10:13:48","date_gmt":"2019-02-10T07:13:48","guid":{"rendered":"http:\/\/www.tvturk.com\/index.php\/zeytin-cekirdeklerinden-turk-bayragi-tasarladilar\/"},"modified":"2019-02-10T10:13:50","modified_gmt":"2019-02-10T07:13:50","slug":"zeytin-cekirdeklerinden-turk-bayragi-tasarladilar","status":"publish","type":"post","link":"http:\/\/www.tvturk.com\/index.php\/zeytin-cekirdeklerinden-turk-bayragi-tasarladilar\/","title":{"rendered":"Zeytin \u00e7ekirdeklerinden T\u00fcrk bayra\u011f\u0131 tasarlad\u0131lar"},"content":{"rendered":"<p>\u201981 ilden \u015fanl\u0131 bayra\u011f\u0131m\u2019 adl\u0131 E-twinning projesi kapsam\u0131nda Manisa\u2019y\u0131 temsilen kat\u0131lan K\u0131rka\u011fa\u00e7 Bak\u0131r Atat\u00fcrk Hilmi Bak\u0131rl\u0131 Ortaokulu \u00f6\u011frencileri zeytin \u00e7ekirdekleri ve yapraklar\u0131 ile T\u00fcrk bayra\u011f\u0131 tasarlad\u0131.<\/p>\n<p>K\u0131rka\u011fa\u00e7 Bak\u0131r Atat\u00fcrk Hilmi Bak\u0131rl\u0131 Ortaokulu \u0130ngilizce \u00f6\u011fretmeni P\u0131nar Ekinci taraf\u0131ndan ortaya \u00e7\u0131kar\u0131lan tasar\u0131m i\u00e7in \u00f6\u011fretmenler ve \u00f6\u011frenciler seferber oldu. Ekinci ve \u00f6\u011frencileri y\u00f6reyi temsil etmesi a\u00e7\u0131s\u0131ndan zeytin \u00e7ekirdekleri ve yapraklar\u0131 ile T\u00fcrk bayra\u011f\u0131 tasarlad\u0131.<\/p>\n<p>B\u00f6lgedeki zeytin fabrikas\u0131ndan zeytin \u00e7ekirdekleri al\u0131n\u0131p okul \u00f6\u011frencileri ve \u00f6\u011fretmenleri ile birlikte \u00e7ekirdekler temizlenip, f\u0131r\u0131nlanarak kurutuldu. Daha sonra K\u0131rka\u011fa\u00e7\u2019\u0131n Bak\u0131r Mahallesinde bulunan 1655 ya\u015f\u0131ndaki T\u00fcrkiye\u2019nin en ya\u015fl\u0131 zeytin a\u011fac\u0131 olan tarihi an\u0131t a\u011fac\u0131n d\u00f6k\u00fclen yapraklar\u0131 toplanarak temizlendi. Tek tek yap\u0131\u015ft\u0131r\u0131larak olu\u015fturulan T\u00fcrk bayra\u011f\u0131 tasar\u0131m\u0131 daha \u00f6nce denenmemi\u015f bir \u00e7al\u0131\u015fma olmas\u0131 a\u00e7\u0131s\u0131ndan dikkat \u00e7ekici bulundu.<\/p>\n<p>Tasarlanan T\u00fcrk bayra\u011f\u0131 12 Mart \u0130stiklal Mar\u015f\u0131\u2019n\u0131n kabul tarihinde sergilenmek \u00fczere Konya\u2019ya g\u00f6nderildi.<div class=\"tiled-gallery type-rectangular tiled-gallery-unresized\" data-original-width=\"500\" data-carousel-extra='null' itemscope itemtype=\"http:\/\/schema.org\/ImageGallery\" > <div class=\"gallery-row\" style=\"width: 500px; height: 378px;\" data-original-width=\"500\" data-original-height=\"378\" > <div class=\"gallery-group images-2\" style=\"width: 286px; height: 378px;\" data-original-width=\"286\" data-original-height=\"378\" > <div class=\"tiled-gallery-item tiled-gallery-item-large\" itemprop=\"associatedMedia\" itemscope itemtype=\"http:\/\/schema.org\/ImageObject\"> <a href=\"http:\/\/www.tvturk.com\/index.php\/zeytin-cekirdeklerinden-turk-bayragi-tasarladilar\/zeytin-cekirdeklerinden-turk-bayragi-tasarladilar-3\/\" border=\"0\" itemprop=\"url\"> <meta itemprop=\"width\" content=\"282\"> <meta itemprop=\"height\" content=\"211\"> <img decoding=\"async\" class=\"\" data-attachment-id=\"17345\" data-orig-file=\"http:\/\/www.tvturk.com\/wp-content\/uploads\/2019\/02\/zeytin-cekirdeklerinden-turk-bayragi-tasarladilar_ea27c27.jpg\" data-orig-size=\"1000,750\" data-comments-opened=\"\" data-image-meta=\"{&quot;aperture&quot;:&quot;0&quot;,&quot;credit&quot;:&quot;IHA&quot;,&quot;camera&quot;:&quot;&quot;,&quot;caption&quot;:&quot;\\u002781 \\u0130LDEN \\u015eANLI BAYRA\\u011eIM\\u0027 ADLI E-TW\\u0130NN\\u0130NG PROJES\\u0130 KAPSAMINDA MAN\\u0130SA\\u2019YI TEMS\\u0130LEN KATILAN KIRKA\\u011eA\\u00c7 BAKIR ATAT\\u00dcRK H\\u0130LM\\u0130 BAKIRLI ORTAOKULU \\u00d6\\u011eRENC\\u0130LER\\u0130 ZEYT\\u0130N \\u00c7EK\\u0130RDEKLER\\u0130 VE YAPRAKLARI \\u0130LE T\\u00dcRK BAYRA\\u011eI TASARLADI. (HAKAN DEM\\u0130R\\\/MAN\\u0130SA-\\u0130HA)&quot;,&quot;created_timestamp&quot;:&quot;0&quot;,&quot;copyright&quot;:&quot;\\u0130HLAS HABER AJANSI, www.iha.com.tr&quot;,&quot;focal_length&quot;:&quot;0&quot;,&quot;iso&quot;:&quot;0&quot;,&quot;shutter_speed&quot;:&quot;0&quot;,&quot;title&quot;:&quot;ZEYT\\u0130N \\u00c7EK\\u0130RDEKLER\\u0130NDEN T\\u00dcRK BAYRA\\u011eI TASARLADILAR&quot;,&quot;orientation&quot;:&quot;0&quot;}\" data-image-title=\"Zeytin \u00e7ekirdeklerinden T\u00fcrk bayra\u011f\u0131 tasarlad\u0131lar\" data-image-description=\"&lt;p&gt;Zeytin \u00e7ekirdeklerinden T\u00fcrk bayra\u011f\u0131 tasarlad\u0131lar&lt;\/p&gt; \" data-medium-file=\"https:\/\/i0.wp.com\/www.tvturk.com\/wp-content\/uploads\/2019\/02\/zeytin-cekirdeklerinden-turk-bayragi-tasarladilar_ea27c27.jpg?fit=300%2C225\" data-large-file=\"https:\/\/i0.wp.com\/www.tvturk.com\/wp-content\/uploads\/2019\/02\/zeytin-cekirdeklerinden-turk-bayragi-tasarladilar_ea27c27.jpg?fit=1000%2C750\" src=\"https:\/\/i0.wp.com\/www.tvturk.com\/wp-content\/uploads\/2019\/02\/zeytin-cekirdeklerinden-turk-bayragi-tasarladilar_ea27c27.jpg?w=282&#038;h=211\" srcset=\"https:\/\/i0.wp.com\/www.tvturk.com\/wp-content\/uploads\/2019\/02\/zeytin-cekirdeklerinden-turk-bayragi-tasarladilar_ea27c27.jpg?w=1000 1000w, https:\/\/i0.wp.com\/www.tvturk.com\/wp-content\/uploads\/2019\/02\/zeytin-cekirdeklerinden-turk-bayragi-tasarladilar_ea27c27.jpg?resize=150%2C113 150w, https:\/\/i0.wp.com\/www.tvturk.com\/wp-content\/uploads\/2019\/02\/zeytin-cekirdeklerinden-turk-bayragi-tasarladilar_ea27c27.jpg?resize=300%2C225 300w, https:\/\/i0.wp.com\/www.tvturk.com\/wp-content\/uploads\/2019\/02\/zeytin-cekirdeklerinden-turk-bayragi-tasarladilar_ea27c27.jpg?resize=768%2C576 768w\" width=\"282\" height=\"211\" loading=\"lazy\" data-original-width=\"282\" data-original-height=\"211\" itemprop=\"http:\/\/schema.org\/image\" title=\"Zeytin \u00e7ekirdeklerinden T\u00fcrk bayra\u011f\u0131 tasarlad\u0131lar\" alt=\"Zeytin \u00e7ekirdeklerinden T\u00fcrk bayra\u011f\u0131 tasarlad\u0131lar\" style=\"width: 282px; height: 211px;\" \/> <\/a> <\/div> <div class=\"tiled-gallery-item tiled-gallery-item-large\" itemprop=\"associatedMedia\" itemscope itemtype=\"http:\/\/schema.org\/ImageObject\"> <a href=\"http:\/\/www.tvturk.com\/index.php\/zeytin-cekirdeklerinden-turk-bayragi-tasarladilar\/zeytin-cekirdeklerinden-turk-bayragi-tasarladilar-4\/\" border=\"0\" itemprop=\"url\"> <meta itemprop=\"width\" content=\"282\"> <meta itemprop=\"height\" content=\"159\"> <img decoding=\"async\" class=\"\" data-attachment-id=\"17346\" data-orig-file=\"http:\/\/www.tvturk.com\/wp-content\/uploads\/2019\/02\/zeytin-cekirdeklerinden-turk-bayragi-tasarladilar_8fc4880.jpg\" data-orig-size=\"1000,562\" data-comments-opened=\"\" data-image-meta=\"{&quot;aperture&quot;:&quot;0&quot;,&quot;credit&quot;:&quot;IHA&quot;,&quot;camera&quot;:&quot;&quot;,&quot;caption&quot;:&quot;\\u002781 \\u0130LDEN \\u015eANLI BAYRA\\u011eIM\\u0027 ADLI E-TW\\u0130NN\\u0130NG PROJES\\u0130 KAPSAMINDA MAN\\u0130SA\\u2019YI TEMS\\u0130LEN KATILAN KIRKA\\u011eA\\u00c7 BAKIR ATAT\\u00dcRK H\\u0130LM\\u0130 BAKIRLI ORTAOKULU \\u00d6\\u011eRENC\\u0130LER\\u0130 ZEYT\\u0130N \\u00c7EK\\u0130RDEKLER\\u0130 VE YAPRAKLARI \\u0130LE T\\u00dcRK BAYRA\\u011eI TASARLADI. (HAKAN DEM\\u0130R\\\/MAN\\u0130SA-\\u0130HA)&quot;,&quot;created_timestamp&quot;:&quot;0&quot;,&quot;copyright&quot;:&quot;\\u0130HLAS HABER AJANSI, www.iha.com.tr&quot;,&quot;focal_length&quot;:&quot;0&quot;,&quot;iso&quot;:&quot;0&quot;,&quot;shutter_speed&quot;:&quot;0&quot;,&quot;title&quot;:&quot;ZEYT\\u0130N \\u00c7EK\\u0130RDEKLER\\u0130NDEN T\\u00dcRK BAYRA\\u011eI TASARLADILAR&quot;,&quot;orientation&quot;:&quot;0&quot;}\" data-image-title=\"Zeytin \u00e7ekirdeklerinden T\u00fcrk bayra\u011f\u0131 tasarlad\u0131lar\" data-image-description=\"&lt;p&gt;Zeytin \u00e7ekirdeklerinden T\u00fcrk bayra\u011f\u0131 tasarlad\u0131lar&lt;\/p&gt; \" data-medium-file=\"https:\/\/i0.wp.com\/www.tvturk.com\/wp-content\/uploads\/2019\/02\/zeytin-cekirdeklerinden-turk-bayragi-tasarladilar_8fc4880.jpg?fit=300%2C169\" data-large-file=\"https:\/\/i0.wp.com\/www.tvturk.com\/wp-content\/uploads\/2019\/02\/zeytin-cekirdeklerinden-turk-bayragi-tasarladilar_8fc4880.jpg?fit=1000%2C562\" src=\"https:\/\/i0.wp.com\/www.tvturk.com\/wp-content\/uploads\/2019\/02\/zeytin-cekirdeklerinden-turk-bayragi-tasarladilar_8fc4880.jpg?w=282&#038;h=159\" srcset=\"https:\/\/i0.wp.com\/www.tvturk.com\/wp-content\/uploads\/2019\/02\/zeytin-cekirdeklerinden-turk-bayragi-tasarladilar_8fc4880.jpg?w=1000 1000w, https:\/\/i0.wp.com\/www.tvturk.com\/wp-content\/uploads\/2019\/02\/zeytin-cekirdeklerinden-turk-bayragi-tasarladilar_8fc4880.jpg?resize=150%2C84 150w, https:\/\/i0.wp.com\/www.tvturk.com\/wp-content\/uploads\/2019\/02\/zeytin-cekirdeklerinden-turk-bayragi-tasarladilar_8fc4880.jpg?resize=300%2C169 300w, https:\/\/i0.wp.com\/www.tvturk.com\/wp-content\/uploads\/2019\/02\/zeytin-cekirdeklerinden-turk-bayragi-tasarladilar_8fc4880.jpg?resize=768%2C432 768w, https:\/\/i0.wp.com\/www.tvturk.com\/wp-content\/uploads\/2019\/02\/zeytin-cekirdeklerinden-turk-bayragi-tasarladilar_8fc4880.jpg?resize=200%2C113 200w\" width=\"282\" height=\"159\" loading=\"lazy\" data-original-width=\"282\" data-original-height=\"159\" itemprop=\"http:\/\/schema.org\/image\" title=\"Zeytin \u00e7ekirdeklerinden T\u00fcrk bayra\u011f\u0131 tasarlad\u0131lar\" alt=\"Zeytin \u00e7ekirdeklerinden T\u00fcrk bayra\u011f\u0131 tasarlad\u0131lar\" style=\"width: 282px; height: 159px;\" \/> <\/a> <\/div> <\/div> <!-- close group --> <div class=\"gallery-group images-1\" style=\"width: 214px; height: 378px;\" data-original-width=\"214\" data-original-height=\"378\" > <div class=\"tiled-gallery-item tiled-gallery-item-small\" itemprop=\"associatedMedia\" itemscope itemtype=\"http:\/\/schema.org\/ImageObject\"> <a href=\"http:\/\/www.tvturk.com\/index.php\/zeytin-cekirdeklerinden-turk-bayragi-tasarladilar\/zeytin-cekirdeklerinden-turk-bayragi-tasarladilar-5\/\" border=\"0\" itemprop=\"url\"> <meta itemprop=\"width\" content=\"210\"> <meta itemprop=\"height\" content=\"374\"> <img decoding=\"async\" class=\"\" data-attachment-id=\"17347\" data-orig-file=\"http:\/\/www.tvturk.com\/wp-content\/uploads\/2019\/02\/zeytin-cekirdeklerinden-turk-bayragi-tasarladilar_a7b5dc7.jpg\" data-orig-size=\"562,1000\" data-comments-opened=\"\" data-image-meta=\"{&quot;aperture&quot;:&quot;0&quot;,&quot;credit&quot;:&quot;IHA&quot;,&quot;camera&quot;:&quot;&quot;,&quot;caption&quot;:&quot;\\u0130NG\\u0130L\\u0130ZCE \\u00d6\\u011eRETMEN\\u0130 PINAR EK\\u0130NC\\u0130 (FOTO\\u011eRAFTAK\\u0130) TARAFINDAN ORTAYA \\u00c7IKARILAN TASARIM \\u0130\\u00c7\\u0130N \\u00d6\\u011eRETMENLER VE \\u00d6\\u011eRENC\\u0130LER SEFERBER OLDU. EK\\u0130NC\\u0130 VE \\u00d6\\u011eRENC\\u0130LER\\u0130 Y\\u00d6REY\\u0130 TEMS\\u0130L ETMES\\u0130 A\\u00c7ISINDAN ZEYT\\u0130N \\u00c7EK\\u0130RDEKLER\\u0130 VE YAPRAKLARI \\u0130LE T\\u00dcRK BAYRA\\u011eI TASARLADI. (HAKAN DEM\\u0130R\\\/MAN\\u0130SA-\\u0130HA)&quot;,&quot;created_timestamp&quot;:&quot;0&quot;,&quot;copyright&quot;:&quot;\\u0130HLAS HABER AJANSI, www.iha.com.tr&quot;,&quot;focal_length&quot;:&quot;0&quot;,&quot;iso&quot;:&quot;0&quot;,&quot;shutter_speed&quot;:&quot;0&quot;,&quot;title&quot;:&quot;ZEYT\\u0130N \\u00c7EK\\u0130RDEKLER\\u0130NDEN T\\u00dcRK BAYRA\\u011eI TASARLADILAR&quot;,&quot;orientation&quot;:&quot;0&quot;}\" data-image-title=\"Zeytin \u00e7ekirdeklerinden T\u00fcrk bayra\u011f\u0131 tasarlad\u0131lar\" data-image-description=\"&lt;p&gt;Zeytin \u00e7ekirdeklerinden T\u00fcrk bayra\u011f\u0131 tasarlad\u0131lar&lt;\/p&gt; \" data-medium-file=\"https:\/\/i0.wp.com\/www.tvturk.com\/wp-content\/uploads\/2019\/02\/zeytin-cekirdeklerinden-turk-bayragi-tasarladilar_a7b5dc7.jpg?fit=169%2C300\" data-large-file=\"https:\/\/i0.wp.com\/www.tvturk.com\/wp-content\/uploads\/2019\/02\/zeytin-cekirdeklerinden-turk-bayragi-tasarladilar_a7b5dc7.jpg?fit=562%2C1000\" src=\"https:\/\/i0.wp.com\/www.tvturk.com\/wp-content\/uploads\/2019\/02\/zeytin-cekirdeklerinden-turk-bayragi-tasarladilar_a7b5dc7.jpg?w=210&#038;h=374\" srcset=\"https:\/\/i0.wp.com\/www.tvturk.com\/wp-content\/uploads\/2019\/02\/zeytin-cekirdeklerinden-turk-bayragi-tasarladilar_a7b5dc7.jpg?w=562 562w, https:\/\/i0.wp.com\/www.tvturk.com\/wp-content\/uploads\/2019\/02\/zeytin-cekirdeklerinden-turk-bayragi-tasarladilar_a7b5dc7.jpg?resize=84%2C150 84w, https:\/\/i0.wp.com\/www.tvturk.com\/wp-content\/uploads\/2019\/02\/zeytin-cekirdeklerinden-turk-bayragi-tasarladilar_a7b5dc7.jpg?resize=169%2C300 169w\" width=\"210\" height=\"374\" loading=\"lazy\" data-original-width=\"210\" data-original-height=\"374\" itemprop=\"http:\/\/schema.org\/image\" title=\"Zeytin \u00e7ekirdeklerinden T\u00fcrk bayra\u011f\u0131 tasarlad\u0131lar\" alt=\"Zeytin \u00e7ekirdeklerinden T\u00fcrk bayra\u011f\u0131 tasarlad\u0131lar\" style=\"width: 210px; height: 374px;\" \/> <\/a> <\/div> <\/div> <!-- close group --> <\/div> <!-- close row --> <\/div><\/p>\n","protected":false},"excerpt":{"rendered":"<p>&#8217;81 \u0130LDEN \u015eANLI BAYRA\u011eIM&#8217; ADLI E-TW\u0130NN\u0130NG PROJES\u0130 KAPSAMINDA MAN\u0130SA\u2019YI TEMS\u0130LEN KATILAN KIRKA\u011eA\u00c7 BAKIR ATAT\u00dcRK H\u0130LM\u0130 BAKIRLI ORTAOKULU \u00d6\u011eRENC\u0130LER\u0130 ZEYT\u0130N \u00c7EK\u0130RDEKLER\u0130 VE YAPRAKLARI \u0130LE T\u00dcRK BAYRA\u011eI TASARLADI.<\/p>\n","protected":false},"author":1,"featured_media":17344,"comment_status":"closed","ping_status":"open","sticky":false,"template":"","format":"standard","meta":{"jetpack_post_was_ever_published":false,"_jetpack_newsletter_access":"","_jetpack_dont_email_post_to_subs":false,"_jetpack_newsletter_tier_id":0,"_jetpack_memberships_contains_paywalled_content":false,"_jetpack_memberships_contains_paid_content":false,"footnotes":"","jetpack_publicize_message":"","jetpack_publicize_feature_enabled":true,"jetpack_social_post_already_shared":false,"jetpack_social_options":{"image_generator_settings":{"template":"highway","default_image_id":0,"font":"","enabled":false},"version":2}},"categories":[659],"tags":[5177,8055,8056,957,6031],"class_list":["post-17343","post","type-post","status-publish","format-standard","has-post-thumbnail","hentry","category-egitim","tag-bayragi","tag-cekirdeklerinden","tag-tasarladilar","tag-turk","tag-zeytin"],"jetpack_publicize_connections":[],"jetpack_featured_media_url":"https:\/\/i0.wp.com\/www.tvturk.com\/wp-content\/uploads\/2019\/02\/zeytin-cekirdeklerinden-turk-bayragi-tasarladilar_28caf90.jpg?fit=1000%2C562","jetpack_sharing_enabled":true,"jetpack_shortlink":"https:\/\/wp.me\/paKIfm-4vJ","_links":{"self":[{"href":"http:\/\/www.tvturk.com\/index.php\/wp-json\/wp\/v2\/posts\/17343","targetHints":{"allow":["GET"]}}],"collection":[{"href":"http:\/\/www.tvturk.com\/index.php\/wp-json\/wp\/v2\/posts"}],"about":[{"href":"http:\/\/www.tvturk.com\/index.php\/wp-json\/wp\/v2\/types\/post"}],"author":[{"embeddable":true,"href":"http:\/\/www.tvturk.com\/index.php\/wp-json\/wp\/v2\/users\/1"}],"replies":[{"embeddable":true,"href":"http:\/\/www.tvturk.com\/index.php\/wp-json\/wp\/v2\/comments?post=17343"}],"version-history":[{"count":1,"href":"http:\/\/www.tvturk.com\/index.php\/wp-json\/wp\/v2\/posts\/17343\/revisions"}],"predecessor-version":[{"id":17348,"href":"http:\/\/www.tvturk.com\/index.php\/wp-json\/wp\/v2\/posts\/17343\/revisions\/17348"}],"wp:featuredmedia":[{"embeddable":true,"href":"http:\/\/www.tvturk.com\/index.php\/wp-json\/wp\/v2\/media\/17344"}],"wp:attachment":[{"href":"http:\/\/www.tvturk.com\/index.php\/wp-json\/wp\/v2\/media?parent=17343"}],"wp:term":[{"taxonomy":"category","embeddable":true,"href":"http:\/\/www.tvturk.com\/index.php\/wp-json\/wp\/v2\/categories?post=17343"},{"taxonomy":"post_tag","embeddable":true,"href":"http:\/\/www.tvturk.com\/index.php\/wp-json\/wp\/v2\/tags?post=17343"}],"curies":[{"name":"wp","href":"https:\/\/api.w.org\/{rel}","templated":true}]}}