{"id":173557,"date":"2019-06-24T23:02:21","date_gmt":"2019-06-24T20:02:21","guid":{"rendered":"http:\/\/www.tvturk.com\/index.php\/kayserisporun-gelecegi-masaya-yatirildi\/"},"modified":"2019-06-24T23:02:21","modified_gmt":"2019-06-24T20:02:21","slug":"kayserisporun-gelecegi-masaya-yatirildi","status":"publish","type":"post","link":"http:\/\/www.tvturk.com\/index.php\/kayserisporun-gelecegi-masaya-yatirildi\/","title":{"rendered":"Kayserispor\u2019un gelece\u011fi masaya yat\u0131r\u0131ld\u0131"},"content":{"rendered":"<p>\u0130stikbal  Mobilya Kayserispor\u2019un ge\u00e7ti\u011fimiz hafta ertelenen genel kurulundan sonra bug\u00fcn bir zirve yap\u0131lmas\u0131 karar\u0131 al\u0131nd\u0131.<\/p>\n<p>Ger\u00e7ekle\u015fen zirveye Kayseri Valisi \u015eehmus G\u00fcnayd\u0131n, B\u00fcy\u00fck\u015fehir Belediye Ba\u015fkan\u0131 Memduh B\u00fcy\u00fck\u0131l\u0131\u00e7, Ak Parti Kayseri Milletvekili Taner Y\u0131ld\u0131z, Kocasinan Belediye Ba\u015fkan\u0131 Ahmet \u00c7olakbayrakdar, Melikgazi Belediye Ba\u015fkan\u0131 Mustafa Palanc\u0131o\u011flu, Sanayi Odas\u0131 Ba\u015fkan\u0131 Mehmet B\u00fcy\u00fcksimitci, Ticaret Odas\u0131 Ba\u015fkan\u0131 \u00d6mer G\u00fclsoy ve \u0130stikbal  Mobilya Kayserispor Y\u00f6netim Kurulu Ba\u015fkan\u0131 Erol Bedir, Boydak Holding CEO\u2019su Alpaslan Baki Ertekin ile sivil toplum kurulu\u015fu temsilcileri kat\u0131ld\u0131.<\/p>\n<p>Zirve hakk\u0131nda konu\u015fan Kayseri Valisi \u015eehmus G\u00fcnayd\u0131n, \u201c2018-2019 sezonu zorlu ge\u00e7ti. Hepinizin bildi\u011fi gibi \u00e7ok k\u00f6kl\u00fc tak\u0131mlar bile ligden d\u00fc\u015fmemek i\u00e7in b\u00fcy\u00fck \u00e7aba sarf ettiler. Ben bu sezonda emek veren herkese te\u015fekk\u00fcr ediyorum. Ma\u00e7lar\u0131 izleme f\u0131rsat\u0131 buldum ve bu ma\u00e7larda tak\u0131m\u0131m\u0131za destek veren taraftarlar\u0131m\u0131z\u0131 g\u00f6rd\u00fcm. Bug\u00fcn burada ba\u015fkan\u0131m\u0131z\u0131n ge\u00e7ti\u011fimiz per\u015fembe g\u00fcn\u00fc yazd\u0131\u011f\u0131 mektup m\u00fcnasebetiyle toplanm\u0131\u015f bulunmaktay\u0131z. Yakla\u015fan kongre nedeniyle bir tak\u0131m s\u0131k\u0131nt\u0131lar\u0131n ya\u015fanmamas\u0131 i\u00e7in bug\u00fcn ba\u015fkanlar\u0131m\u0131zla ve y\u00f6neticilerimizle birle\u015ferek, en erken zamanda bir araya gelelim istedik. Sa\u011f olsunlar davet etti\u011fimiz arkada\u015flar\u0131n hepsi de kat\u0131ld\u0131. Ben buraya gelen herkese te\u015fekk\u00fcr ediyorum. Biraz sonra kul\u00fcp ba\u015fkan\u0131m\u0131z\u0131n, Kayserispor\u2019umuzla ilgili d\u00fc\u015f\u00fcncelerini alaca\u011f\u0131z. Bizler de konunun muhattaplar\u0131 olarak neler yapabiliriz diye konu\u015fup, Kayserispor\u2019umuza destek olaca\u011f\u0131z\u201d ifadelerinde bulundu.<\/p>\n<p>Yap\u0131lan a\u00e7\u0131klaman\u0131n ard\u0131ndan toplant\u0131 bas\u0131na kapal\u0131 \u015fekilde devam etti. \u0130stikbal Mobilya Kayserispor ile ilgili son geli\u015fmeler, yap\u0131lan zirvenin ard\u0131ndan belli olacak.<\/p>\n","protected":false},"excerpt":{"rendered":"<p>\u0130ST\u0130KBAL  MOB\u0130LYA KAYSER\u0130SPOR\u2019UN GE\u00c7T\u0130\u011e\u0130M\u0130Z HAFTA ERTELENEN GENEL KURULUNDAN SONRA, BUG\u00dcN Z\u0130RVE YAPILMASI KARARI ALINDI<\/p>\n","protected":false},"author":1,"featured_media":0,"comment_status":"closed","ping_status":"open","sticky":false,"template":"","format":"standard","meta":{"jetpack_post_was_ever_published":false,"_jetpack_newsletter_access":"","_jetpack_dont_email_post_to_subs":false,"_jetpack_newsletter_tier_id":0,"_jetpack_memberships_contains_paywalled_content":false,"_jetpack_memberships_contains_paid_content":false,"footnotes":"","jetpack_publicize_message":"","jetpack_publicize_feature_enabled":true,"jetpack_social_post_already_shared":true,"jetpack_social_options":{"image_generator_settings":{"template":"highway","default_image_id":0,"font":"","enabled":false},"version":2}},"categories":[657],"tags":[4472,7834,843,2884],"class_list":["post-173557","post","type-post","status-publish","format-standard","hentry","category-spor","tag-gelecegi","tag-kayserisporun","tag-masaya","tag-yatirildi"],"jetpack_publicize_connections":[],"jetpack_featured_media_url":"","jetpack_sharing_enabled":true,"jetpack_shortlink":"https:\/\/wp.me\/paKIfm-J9j","_links":{"self":[{"href":"http:\/\/www.tvturk.com\/index.php\/wp-json\/wp\/v2\/posts\/173557","targetHints":{"allow":["GET"]}}],"collection":[{"href":"http:\/\/www.tvturk.com\/index.php\/wp-json\/wp\/v2\/posts"}],"about":[{"href":"http:\/\/www.tvturk.com\/index.php\/wp-json\/wp\/v2\/types\/post"}],"author":[{"embeddable":true,"href":"http:\/\/www.tvturk.com\/index.php\/wp-json\/wp\/v2\/users\/1"}],"replies":[{"embeddable":true,"href":"http:\/\/www.tvturk.com\/index.php\/wp-json\/wp\/v2\/comments?post=173557"}],"version-history":[{"count":0,"href":"http:\/\/www.tvturk.com\/index.php\/wp-json\/wp\/v2\/posts\/173557\/revisions"}],"wp:attachment":[{"href":"http:\/\/www.tvturk.com\/index.php\/wp-json\/wp\/v2\/media?parent=173557"}],"wp:term":[{"taxonomy":"category","embeddable":true,"href":"http:\/\/www.tvturk.com\/index.php\/wp-json\/wp\/v2\/categories?post=173557"},{"taxonomy":"post_tag","embeddable":true,"href":"http:\/\/www.tvturk.com\/index.php\/wp-json\/wp\/v2\/tags?post=173557"}],"curies":[{"name":"wp","href":"https:\/\/api.w.org\/{rel}","templated":true}]}}