{"id":173575,"date":"2019-06-25T09:16:33","date_gmt":"2019-06-25T06:16:33","guid":{"rendered":"http:\/\/www.tvturk.com\/index.php\/bu-kuzu-oyle-bir-fiyata-satildi-ki-fiyatini-duyanlar-kulaklarina-inanamadi\/"},"modified":"2019-06-25T09:16:33","modified_gmt":"2019-06-25T06:16:33","slug":"bu-kuzu-oyle-bir-fiyata-satildi-ki-fiyatini-duyanlar-kulaklarina-inanamadi","status":"publish","type":"post","link":"http:\/\/www.tvturk.com\/index.php\/bu-kuzu-oyle-bir-fiyata-satildi-ki-fiyatini-duyanlar-kulaklarina-inanamadi\/","title":{"rendered":"Bu kuzu \u00f6yle bir fiyata sat\u0131ld\u0131 ki, fiyat\u0131n\u0131 duyanlar kulaklar\u0131na inanamad\u0131"},"content":{"rendered":"<p>Bursa\u2019da a\u011fal\u0131k m\u00fczayedesinde bir kuzu 25 bin liraya ac\u0131l\u0131c\u0131 buldu.<\/p>\n<p>B\u00fcy\u00fckorhan il\u00e7esinin Yenice k\u00f6y\u00fcnde k\u00f6y a\u011fal\u0131\u011f\u0131n\u0131 almak i\u00e7in zenginler k\u0131yas\u0131ya yar\u0131\u015ft\u0131. K\u0131ran k\u0131rana ge\u00e7en yar\u0131\u015fta m\u00fczayedeye\u00e7\u0131kan kuzuya 25 bin lirayla en fazla paray\u0131 veren Bel\u00e7ikal\u0131 lakapl\u0131 Hac\u0131 Mehmet Varsak sahip oldu.<\/p>\n<p>Yenice K\u00f6y\u00fc Gen\u00e7lik Derne\u011fi Ba\u015fkan\u0131 Serdar Ta\u015f, \u2019\u2019K\u00f6y\u00fcm\u00fcz tarihinde \u00e7ok eskiden beri k\u00f6y hay\u0131rlar\u0131 oluyordu. K\u0131rsaldan \u015fehirlere g\u00f6\u00e7 ba\u015flad\u0131ktan sonra bu geleneklerimiz kaybolmaya ba\u015flad\u0131. Bizler gen\u00e7lerimizle birlikte tekrardan bu gelenekleri ya\u015fatmaya karar verdik. K\u00f6y hay\u0131rlar\u0131 insanlar aras\u0131nda kayna\u015fmaya, kom\u015fulu\u011fun g\u00fc\u00e7lenmesine b\u00fcy\u00fck katk\u0131 sa\u011fl\u0131yor. Y\u0131llard\u0131r k\u00f6y\u00fcm\u00fczde de her hay\u0131rda k\u00f6y a\u011fal\u0131\u011f\u0131 yar\u0131\u015f\u0131 oluyor. Bu sene k\u00f6y a\u011fam\u0131z Hac\u0131 Mehmet Varsak a\u011fabeyimiz olmu\u015ftur. Bu k\u00fclt\u00fcrleri ya\u015fatmak \u00e7ok \u00f6nemlidir, bizden sonraki ku\u015faklara da bunu aktarmak bizim g\u00f6revimizdir\u201d dedi.<\/p>\n","protected":false},"excerpt":{"rendered":"<p>BU KUZU \u00d6YLE B\u0130R F\u0130YATA SATILDI K\u0130 F\u0130YATINI DUYANLAR KULAKLARINA \u0130NANAMADI<\/p>\n","protected":false},"author":1,"featured_media":0,"comment_status":"closed","ping_status":"open","sticky":false,"template":"","format":"standard","meta":{"jetpack_post_was_ever_published":false,"_jetpack_newsletter_access":"","_jetpack_dont_email_post_to_subs":false,"_jetpack_newsletter_tier_id":0,"_jetpack_memberships_contains_paywalled_content":false,"_jetpack_memberships_contains_paid_content":false,"footnotes":"","jetpack_publicize_message":"","jetpack_publicize_feature_enabled":true,"jetpack_social_post_already_shared":true,"jetpack_social_options":{"image_generator_settings":{"template":"highway","default_image_id":0,"font":"","enabled":false},"version":2}},"categories":[656],"tags":[125,31104,28811,31098,41327,32386,42091,16578,5492,5343],"class_list":["post-173575","post","type-post","status-publish","format-standard","hentry","category-kultur-sanat","tag-bir","tag-duyanlar","tag-fiyata","tag-fiyatini","tag-inanamadi","tag-ki","tag-kulaklarina","tag-kuzu","tag-oyle","tag-satildi"],"jetpack_publicize_connections":[],"jetpack_featured_media_url":"","jetpack_sharing_enabled":true,"jetpack_shortlink":"https:\/\/wp.me\/paKIfm-J9B","_links":{"self":[{"href":"http:\/\/www.tvturk.com\/index.php\/wp-json\/wp\/v2\/posts\/173575","targetHints":{"allow":["GET"]}}],"collection":[{"href":"http:\/\/www.tvturk.com\/index.php\/wp-json\/wp\/v2\/posts"}],"about":[{"href":"http:\/\/www.tvturk.com\/index.php\/wp-json\/wp\/v2\/types\/post"}],"author":[{"embeddable":true,"href":"http:\/\/www.tvturk.com\/index.php\/wp-json\/wp\/v2\/users\/1"}],"replies":[{"embeddable":true,"href":"http:\/\/www.tvturk.com\/index.php\/wp-json\/wp\/v2\/comments?post=173575"}],"version-history":[{"count":0,"href":"http:\/\/www.tvturk.com\/index.php\/wp-json\/wp\/v2\/posts\/173575\/revisions"}],"wp:attachment":[{"href":"http:\/\/www.tvturk.com\/index.php\/wp-json\/wp\/v2\/media?parent=173575"}],"wp:term":[{"taxonomy":"category","embeddable":true,"href":"http:\/\/www.tvturk.com\/index.php\/wp-json\/wp\/v2\/categories?post=173575"},{"taxonomy":"post_tag","embeddable":true,"href":"http:\/\/www.tvturk.com\/index.php\/wp-json\/wp\/v2\/tags?post=173575"}],"curies":[{"name":"wp","href":"https:\/\/api.w.org\/{rel}","templated":true}]}}