{"id":17359,"date":"2019-02-10T10:23:46","date_gmt":"2019-02-10T07:23:46","guid":{"rendered":"http:\/\/www.tvturk.com\/index.php\/dogu-turkistandaki-zulmu-sergiyle-anlattilar\/"},"modified":"2019-02-10T10:23:50","modified_gmt":"2019-02-10T07:23:50","slug":"dogu-turkistandaki-zulmu-sergiyle-anlattilar","status":"publish","type":"post","link":"http:\/\/www.tvturk.com\/index.php\/dogu-turkistandaki-zulmu-sergiyle-anlattilar\/","title":{"rendered":"Do\u011fu T\u00fcrkistan\u2019daki zulm\u00fc sergiyle anlatt\u0131lar"},"content":{"rendered":"<p>Ayd\u0131n\u2019\u0131n Nazilli \u0130l\u00e7esinde Do\u011fu T\u00fcrkistan\u2019daki \u00c7in zulm\u00fcn\u00fc anlatan foto\u011fraf sergisi a\u00e7\u0131ld\u0131.<\/p>\n<p>T\u00fcrk-E\u011fitim Sen Nazilli Temsilcili\u011fi taraf\u0131ndan d\u00fczenlenen etkinli\u011fe kat\u0131lanlar sergiyi gezerlerken M\u00fcsl\u00fcman Uygur T\u00fcrklerine yap\u0131lan i\u015fkenceyi anlatan foto\u011fraf kareleri kar\u015f\u0131s\u0131nda duygusal anlar ya\u015fad\u0131.<\/p>\n<p>T\u00fcrk-E\u011fitim Sen Nazilli Temsilcili\u011fi taraf\u0131ndan d\u00fczenlenen ve Do\u011fu T\u00fcrkistan\u2019da ya\u015fanan dram\u0131 g\u00f6zler \u00f6n\u00fcne seren foto\u011fraflar Belediye Meydan\u0131nda sergilendi. Sergiyi Nazilli Belediye Ba\u015fkan\u0131 Haluk Al\u0131c\u0131k ba\u015fta olmak \u00fczere Millet \u0130ttifak\u0131 Nazilli Belediye Ba\u015fkan Aday\u0131 K\u00fcr\u015fat Engin \u00d6zcan, CHP \u0130l\u00e7e Ba\u015fkan\u0131 Serkan Sevim, MHP \u0130l\u00e7e Ba\u015fkan\u0131 C\u00fcneyt Korkmaz, \u0130Y\u0130 Parti \u0130l\u00e7e Ba\u015fkan\u0131 Durmu\u015f Kural, Partilerin kad\u0131n ve gen\u00e7lik kollar\u0131 \u00fcyeleri, partililer, T\u00fcrk E\u011fitim Sen Ayd\u0131n \u0130l Ba\u015fkan\u0131 R\u0131dvan Naci Devli, Atat\u00fcrk\u00e7\u00fc D\u00fc\u015f\u00fcnce Derne\u011fi Nazilli \u015eube Ba\u015fkan\u0131 \u015eafakta Nalan Ayas, vatanda\u015flar, \u00f6\u011frenciler ve sendika \u00fcyeleri ve STK Temsilcileri gezdi.<\/p>\n<p>Sergi ile ilgili Kanal 58\u2019e bir a\u00e7\u0131klama yapan T\u00fcrk-E\u011fitim Sen Nazilli Temsilcisi Olgun Erg\u00fcn, y\u00fcre\u011fi Do\u011fu T\u00fcrkistan i\u00e7in vuran g\u00f6n\u00fcl dostlar\u0131na seslendiklerini ifade ederek, \u201cDo\u011fu T\u00fcrkistan y\u00fcre\u011fimizin yang\u0131n\u0131d\u0131r, zul\u00fcm i\u00e7inde inleyen mazlumlar\u0131n vatan\u0131d\u0131r. Y\u0131llard\u0131r artarak devam eden bask\u0131lar\u0131n dayan\u0131lmaz bir hal ald\u0131\u011f\u0131 bu co\u011frafyada soyda\u015flar\u0131m\u0131z\u0131n yard\u0131m \u00e7\u0131\u011fl\u0131klar\u0131na duyars\u0131z kalamazd\u0131k. Onlar insan, onlar M\u00fcsl\u00fcman, onlar T\u00fcrk. T\u00fcm d\u00fcnya g\u00f6zlerini yumar kulaklar\u0131n\u0131 t\u0131karken i\u015fgal alt\u0131nda bulunan Do\u011fu T\u00fcrkistan\u2019daki karde\u015flerimizin sesine ses vermek i\u00e7in buraday\u0131z. G\u00f6z\u00fcm\u00fcze uzak, g\u00f6nl\u00fcm\u00fcze yak\u0131n Do\u011fu T\u00fcrkistan\u2019dan y\u00fckselen \u00e7\u0131\u011fl\u0131kla y\u00fcreklerimiz yanmaktad\u0131r. Neredeyse 250 y\u0131ld\u0131r Do\u011fu T\u00fcrkistan\u2019da bir millet kan a\u011flarken; b\u00fct\u00fcn d\u00fcnya k\u00f6r, sa\u011f\u0131r, dilsiz; bu hayas\u0131z, bu al\u00e7ak\u00e7a zulm\u00fc seyretmektedir. Ne yaz\u0131k ki, milletimizin b\u00fcy\u00fck \u00e7o\u011funlu\u011funun ya\u015fanan insanl\u0131k dram\u0131ndan haberi bile yoktur. \u00c7in Devleti, y\u0131llard\u0131r i\u015fgal etti\u011fi Do\u011fu T\u00fcrkistan\u2019da sistematik katliamlar ger\u00e7ekle\u015ftirmektedir. Do\u011fu T\u00fcrkistan kan g\u00f6l\u00fc haline gelmi\u015fken ba\u015fta \u0130slam \u00fclkeleri ve Birle\u015fmi\u015f Milletler ya\u015fanan dram\u0131 g\u00f6rmezden gelmekte, s\u00f6zde insan haklar\u0131 savunucular\u0131 susmakla yetinmektedir. Do\u011fu T\u00fcrkistan\u2019da evlerinden, yurtlar\u0131ndan edilmi\u015f milyonlara, katledilen canlara kimsenin g\u00f6zlerini kapatma hakk\u0131 yoktur. D\u00fcnya unutmas\u0131n k M\u00fcsl\u00fcman Karde\u015flerimiz yaln\u0131z de\u011fildir. Buradan t\u00fcm T\u00fcrkiye\u2019ye ve d\u00fcnyaya hayk\u0131r\u0131yoruz\u201d dedi.<div class=\"tiled-gallery type-rectangular tiled-gallery-unresized\" data-original-width=\"500\" data-carousel-extra='null' itemscope itemtype=\"http:\/\/schema.org\/ImageGallery\" > <div class=\"gallery-row\" style=\"width: 500px; height: 142px;\" data-original-width=\"500\" data-original-height=\"142\" > <div class=\"gallery-group images-1\" style=\"width: 250px; height: 142px;\" data-original-width=\"250\" data-original-height=\"142\" > <div class=\"tiled-gallery-item tiled-gallery-item-small\" itemprop=\"associatedMedia\" itemscope itemtype=\"http:\/\/schema.org\/ImageObject\"> <a href=\"http:\/\/www.tvturk.com\/index.php\/dogu-turkistandaki-zulmu-sergiyle-anlattilar\/dogu-turkistandaki-zulmu-sergiyle-anlattilar-3\/\" border=\"0\" itemprop=\"url\"> <meta itemprop=\"width\" content=\"246\"> <meta itemprop=\"height\" content=\"138\"> <img decoding=\"async\" class=\"\" data-attachment-id=\"17361\" data-orig-file=\"http:\/\/www.tvturk.com\/wp-content\/uploads\/2019\/02\/dogu-turkistandaki-zulmu-sergiyle-anlattilar_ba68236.jpg\" data-orig-size=\"1000,562\" data-comments-opened=\"\" data-image-meta=\"{&quot;aperture&quot;:&quot;0&quot;,&quot;credit&quot;:&quot;IHA&quot;,&quot;camera&quot;:&quot;&quot;,&quot;caption&quot;:&quot;NAZ\\u0130LL\\u0130\\u0027DE DO\\u011eU T\\u00dcRK\\u0130STANDAK\\u0130 ZULM\\u00dc ANLATAN FOTO\\u011eRAFLAR SERG\\u0130LEND\\u0130 (AL\\u0130 SOYDEM\\u0130R\\\/AYDIN-\\u0130HA)&quot;,&quot;created_timestamp&quot;:&quot;0&quot;,&quot;copyright&quot;:&quot;\\u0130HLAS HABER AJANSI, www.iha.com.tr&quot;,&quot;focal_length&quot;:&quot;0&quot;,&quot;iso&quot;:&quot;0&quot;,&quot;shutter_speed&quot;:&quot;0&quot;,&quot;title&quot;:&quot;DO\\u011eU T\\u00dcRK\\u0130STAN\\u2019DAK\\u0130 ZULM\\u00dc SERG\\u0130YLE ANLATTILAR&quot;,&quot;orientation&quot;:&quot;0&quot;}\" data-image-title=\"Do\u011fu T\u00fcrkistan\u2019daki zulm\u00fc sergiyle anlatt\u0131lar\" data-image-description=\"&lt;p&gt;Do\u011fu T\u00fcrkistan\u2019daki zulm\u00fc sergiyle anlatt\u0131lar&lt;\/p&gt; \" data-medium-file=\"https:\/\/i0.wp.com\/www.tvturk.com\/wp-content\/uploads\/2019\/02\/dogu-turkistandaki-zulmu-sergiyle-anlattilar_ba68236.jpg?fit=300%2C169\" data-large-file=\"https:\/\/i0.wp.com\/www.tvturk.com\/wp-content\/uploads\/2019\/02\/dogu-turkistandaki-zulmu-sergiyle-anlattilar_ba68236.jpg?fit=1000%2C562\" src=\"https:\/\/i0.wp.com\/www.tvturk.com\/wp-content\/uploads\/2019\/02\/dogu-turkistandaki-zulmu-sergiyle-anlattilar_ba68236.jpg?w=246&#038;h=138\" srcset=\"https:\/\/i0.wp.com\/www.tvturk.com\/wp-content\/uploads\/2019\/02\/dogu-turkistandaki-zulmu-sergiyle-anlattilar_ba68236.jpg?w=1000 1000w, https:\/\/i0.wp.com\/www.tvturk.com\/wp-content\/uploads\/2019\/02\/dogu-turkistandaki-zulmu-sergiyle-anlattilar_ba68236.jpg?resize=150%2C84 150w, https:\/\/i0.wp.com\/www.tvturk.com\/wp-content\/uploads\/2019\/02\/dogu-turkistandaki-zulmu-sergiyle-anlattilar_ba68236.jpg?resize=300%2C169 300w, https:\/\/i0.wp.com\/www.tvturk.com\/wp-content\/uploads\/2019\/02\/dogu-turkistandaki-zulmu-sergiyle-anlattilar_ba68236.jpg?resize=768%2C432 768w, https:\/\/i0.wp.com\/www.tvturk.com\/wp-content\/uploads\/2019\/02\/dogu-turkistandaki-zulmu-sergiyle-anlattilar_ba68236.jpg?resize=200%2C113 200w\" width=\"246\" height=\"138\" loading=\"lazy\" data-original-width=\"246\" data-original-height=\"138\" itemprop=\"http:\/\/schema.org\/image\" title=\"Do\u011fu T\u00fcrkistan\u2019daki zulm\u00fc sergiyle anlatt\u0131lar\" alt=\"Do\u011fu T\u00fcrkistan\u2019daki zulm\u00fc sergiyle anlatt\u0131lar\" style=\"width: 246px; height: 138px;\" \/> <\/a> <\/div> <\/div> <!-- close group --> <div class=\"gallery-group images-1\" style=\"width: 250px; height: 142px;\" data-original-width=\"250\" data-original-height=\"142\" > <div class=\"tiled-gallery-item tiled-gallery-item-small\" itemprop=\"associatedMedia\" itemscope itemtype=\"http:\/\/schema.org\/ImageObject\"> <a href=\"http:\/\/www.tvturk.com\/index.php\/dogu-turkistandaki-zulmu-sergiyle-anlattilar\/dogu-turkistandaki-zulmu-sergiyle-anlattilar-4\/\" border=\"0\" itemprop=\"url\"> <meta itemprop=\"width\" content=\"246\"> <meta itemprop=\"height\" content=\"138\"> <img decoding=\"async\" class=\"\" data-attachment-id=\"17362\" data-orig-file=\"http:\/\/www.tvturk.com\/wp-content\/uploads\/2019\/02\/dogu-turkistandaki-zulmu-sergiyle-anlattilar_0a3d5b3.jpg\" data-orig-size=\"1000,562\" data-comments-opened=\"\" data-image-meta=\"{&quot;aperture&quot;:&quot;0&quot;,&quot;credit&quot;:&quot;IHA&quot;,&quot;camera&quot;:&quot;&quot;,&quot;caption&quot;:&quot;NAZ\\u0130LL\\u0130\\u0027DE DO\\u011eU T\\u00dcRK\\u0130STANDAK\\u0130 ZULM\\u00dc ANLATAN FOTO\\u011eRAFLAR SERG\\u0130LEND\\u0130 (AL\\u0130 SOYDEM\\u0130R\\\/AYDIN-\\u0130HA)&quot;,&quot;created_timestamp&quot;:&quot;0&quot;,&quot;copyright&quot;:&quot;\\u0130HLAS HABER AJANSI, www.iha.com.tr&quot;,&quot;focal_length&quot;:&quot;0&quot;,&quot;iso&quot;:&quot;0&quot;,&quot;shutter_speed&quot;:&quot;0&quot;,&quot;title&quot;:&quot;DO\\u011eU T\\u00dcRK\\u0130STAN\\u2019DAK\\u0130 ZULM\\u00dc SERG\\u0130YLE ANLATTILAR&quot;,&quot;orientation&quot;:&quot;0&quot;}\" data-image-title=\"Do\u011fu T\u00fcrkistan\u2019daki zulm\u00fc sergiyle anlatt\u0131lar\" data-image-description=\"&lt;p&gt;Do\u011fu T\u00fcrkistan\u2019daki zulm\u00fc sergiyle anlatt\u0131lar&lt;\/p&gt; \" data-medium-file=\"https:\/\/i0.wp.com\/www.tvturk.com\/wp-content\/uploads\/2019\/02\/dogu-turkistandaki-zulmu-sergiyle-anlattilar_0a3d5b3.jpg?fit=300%2C169\" data-large-file=\"https:\/\/i0.wp.com\/www.tvturk.com\/wp-content\/uploads\/2019\/02\/dogu-turkistandaki-zulmu-sergiyle-anlattilar_0a3d5b3.jpg?fit=1000%2C562\" src=\"https:\/\/i0.wp.com\/www.tvturk.com\/wp-content\/uploads\/2019\/02\/dogu-turkistandaki-zulmu-sergiyle-anlattilar_0a3d5b3.jpg?w=246&#038;h=138\" srcset=\"https:\/\/i0.wp.com\/www.tvturk.com\/wp-content\/uploads\/2019\/02\/dogu-turkistandaki-zulmu-sergiyle-anlattilar_0a3d5b3.jpg?w=1000 1000w, https:\/\/i0.wp.com\/www.tvturk.com\/wp-content\/uploads\/2019\/02\/dogu-turkistandaki-zulmu-sergiyle-anlattilar_0a3d5b3.jpg?resize=150%2C84 150w, https:\/\/i0.wp.com\/www.tvturk.com\/wp-content\/uploads\/2019\/02\/dogu-turkistandaki-zulmu-sergiyle-anlattilar_0a3d5b3.jpg?resize=300%2C169 300w, https:\/\/i0.wp.com\/www.tvturk.com\/wp-content\/uploads\/2019\/02\/dogu-turkistandaki-zulmu-sergiyle-anlattilar_0a3d5b3.jpg?resize=768%2C432 768w, https:\/\/i0.wp.com\/www.tvturk.com\/wp-content\/uploads\/2019\/02\/dogu-turkistandaki-zulmu-sergiyle-anlattilar_0a3d5b3.jpg?resize=200%2C113 200w\" width=\"246\" height=\"138\" loading=\"lazy\" data-original-width=\"246\" data-original-height=\"138\" itemprop=\"http:\/\/schema.org\/image\" title=\"Do\u011fu T\u00fcrkistan\u2019daki zulm\u00fc sergiyle anlatt\u0131lar\" alt=\"Do\u011fu T\u00fcrkistan\u2019daki zulm\u00fc sergiyle anlatt\u0131lar\" style=\"width: 246px; height: 138px;\" \/> <\/a> <\/div> <\/div> <!-- close group --> <\/div> <!-- close row --> <div class=\"gallery-row\" style=\"width: 500px; height: 142px;\" data-original-width=\"500\" data-original-height=\"142\" > <div class=\"gallery-group images-1\" style=\"width: 250px; height: 142px;\" data-original-width=\"250\" data-original-height=\"142\" > <div class=\"tiled-gallery-item tiled-gallery-item-small\" itemprop=\"associatedMedia\" itemscope itemtype=\"http:\/\/schema.org\/ImageObject\"> <a href=\"http:\/\/www.tvturk.com\/index.php\/dogu-turkistandaki-zulmu-sergiyle-anlattilar\/dogu-turkistandaki-zulmu-sergiyle-anlattilar-5\/\" border=\"0\" itemprop=\"url\"> <meta itemprop=\"width\" content=\"246\"> <meta itemprop=\"height\" content=\"138\"> <img decoding=\"async\" class=\"\" data-attachment-id=\"17363\" data-orig-file=\"http:\/\/www.tvturk.com\/wp-content\/uploads\/2019\/02\/dogu-turkistandaki-zulmu-sergiyle-anlattilar_1f73e9d.jpg\" data-orig-size=\"1000,562\" data-comments-opened=\"\" data-image-meta=\"{&quot;aperture&quot;:&quot;0&quot;,&quot;credit&quot;:&quot;IHA&quot;,&quot;camera&quot;:&quot;&quot;,&quot;caption&quot;:&quot;NAZ\\u0130LL\\u0130\\u0027DE DO\\u011eU T\\u00dcRK\\u0130STANDAK\\u0130 ZULM\\u00dc ANLATAN FOTO\\u011eRAFLAR SERG\\u0130LEND\\u0130 (AL\\u0130 SOYDEM\\u0130R\\\/AYDIN-\\u0130HA)&quot;,&quot;created_timestamp&quot;:&quot;0&quot;,&quot;copyright&quot;:&quot;\\u0130HLAS HABER AJANSI, www.iha.com.tr&quot;,&quot;focal_length&quot;:&quot;0&quot;,&quot;iso&quot;:&quot;0&quot;,&quot;shutter_speed&quot;:&quot;0&quot;,&quot;title&quot;:&quot;DO\\u011eU T\\u00dcRK\\u0130STAN\\u2019DAK\\u0130 ZULM\\u00dc SERG\\u0130YLE ANLATTILAR&quot;,&quot;orientation&quot;:&quot;0&quot;}\" data-image-title=\"Do\u011fu T\u00fcrkistan\u2019daki zulm\u00fc sergiyle anlatt\u0131lar\" data-image-description=\"&lt;p&gt;Do\u011fu T\u00fcrkistan\u2019daki zulm\u00fc sergiyle anlatt\u0131lar&lt;\/p&gt; \" data-medium-file=\"https:\/\/i0.wp.com\/www.tvturk.com\/wp-content\/uploads\/2019\/02\/dogu-turkistandaki-zulmu-sergiyle-anlattilar_1f73e9d.jpg?fit=300%2C169\" data-large-file=\"https:\/\/i0.wp.com\/www.tvturk.com\/wp-content\/uploads\/2019\/02\/dogu-turkistandaki-zulmu-sergiyle-anlattilar_1f73e9d.jpg?fit=1000%2C562\" src=\"https:\/\/i0.wp.com\/www.tvturk.com\/wp-content\/uploads\/2019\/02\/dogu-turkistandaki-zulmu-sergiyle-anlattilar_1f73e9d.jpg?w=246&#038;h=138\" srcset=\"https:\/\/i0.wp.com\/www.tvturk.com\/wp-content\/uploads\/2019\/02\/dogu-turkistandaki-zulmu-sergiyle-anlattilar_1f73e9d.jpg?w=1000 1000w, https:\/\/i0.wp.com\/www.tvturk.com\/wp-content\/uploads\/2019\/02\/dogu-turkistandaki-zulmu-sergiyle-anlattilar_1f73e9d.jpg?resize=150%2C84 150w, https:\/\/i0.wp.com\/www.tvturk.com\/wp-content\/uploads\/2019\/02\/dogu-turkistandaki-zulmu-sergiyle-anlattilar_1f73e9d.jpg?resize=300%2C169 300w, https:\/\/i0.wp.com\/www.tvturk.com\/wp-content\/uploads\/2019\/02\/dogu-turkistandaki-zulmu-sergiyle-anlattilar_1f73e9d.jpg?resize=768%2C432 768w, https:\/\/i0.wp.com\/www.tvturk.com\/wp-content\/uploads\/2019\/02\/dogu-turkistandaki-zulmu-sergiyle-anlattilar_1f73e9d.jpg?resize=200%2C113 200w\" width=\"246\" height=\"138\" loading=\"lazy\" data-original-width=\"246\" data-original-height=\"138\" itemprop=\"http:\/\/schema.org\/image\" title=\"Do\u011fu T\u00fcrkistan\u2019daki zulm\u00fc sergiyle anlatt\u0131lar\" alt=\"Do\u011fu T\u00fcrkistan\u2019daki zulm\u00fc sergiyle anlatt\u0131lar\" style=\"width: 246px; height: 138px;\" \/> <\/a> <\/div> <\/div> <!-- close group --> <div class=\"gallery-group images-1\" style=\"width: 250px; height: 142px;\" data-original-width=\"250\" data-original-height=\"142\" > <div class=\"tiled-gallery-item tiled-gallery-item-small\" itemprop=\"associatedMedia\" itemscope itemtype=\"http:\/\/schema.org\/ImageObject\"> <a href=\"http:\/\/www.tvturk.com\/index.php\/dogu-turkistandaki-zulmu-sergiyle-anlattilar\/dogu-turkistandaki-zulmu-sergiyle-anlattilar-6\/\" border=\"0\" itemprop=\"url\"> <meta itemprop=\"width\" content=\"246\"> <meta itemprop=\"height\" content=\"138\"> <img decoding=\"async\" class=\"\" data-attachment-id=\"17364\" data-orig-file=\"http:\/\/www.tvturk.com\/wp-content\/uploads\/2019\/02\/dogu-turkistandaki-zulmu-sergiyle-anlattilar_173d08e.jpg\" data-orig-size=\"1000,562\" data-comments-opened=\"\" data-image-meta=\"{&quot;aperture&quot;:&quot;0&quot;,&quot;credit&quot;:&quot;IHA&quot;,&quot;camera&quot;:&quot;&quot;,&quot;caption&quot;:&quot;NAZ\\u0130LL\\u0130\\u0027DE DO\\u011eU T\\u00dcRK\\u0130STANDAK\\u0130 ZULM\\u00dc ANLATAN FOTO\\u011eRAFLAR SERG\\u0130LEND\\u0130 (AL\\u0130 SOYDEM\\u0130R\\\/AYDIN-\\u0130HA)&quot;,&quot;created_timestamp&quot;:&quot;0&quot;,&quot;copyright&quot;:&quot;\\u0130HLAS HABER AJANSI, www.iha.com.tr&quot;,&quot;focal_length&quot;:&quot;0&quot;,&quot;iso&quot;:&quot;0&quot;,&quot;shutter_speed&quot;:&quot;0&quot;,&quot;title&quot;:&quot;DO\\u011eU T\\u00dcRK\\u0130STAN\\u2019DAK\\u0130 ZULM\\u00dc SERG\\u0130YLE ANLATTILAR&quot;,&quot;orientation&quot;:&quot;0&quot;}\" data-image-title=\"Do\u011fu T\u00fcrkistan\u2019daki zulm\u00fc sergiyle anlatt\u0131lar\" data-image-description=\"&lt;p&gt;Do\u011fu T\u00fcrkistan\u2019daki zulm\u00fc sergiyle anlatt\u0131lar&lt;\/p&gt; \" data-medium-file=\"https:\/\/i0.wp.com\/www.tvturk.com\/wp-content\/uploads\/2019\/02\/dogu-turkistandaki-zulmu-sergiyle-anlattilar_173d08e.jpg?fit=300%2C169\" data-large-file=\"https:\/\/i0.wp.com\/www.tvturk.com\/wp-content\/uploads\/2019\/02\/dogu-turkistandaki-zulmu-sergiyle-anlattilar_173d08e.jpg?fit=1000%2C562\" src=\"https:\/\/i0.wp.com\/www.tvturk.com\/wp-content\/uploads\/2019\/02\/dogu-turkistandaki-zulmu-sergiyle-anlattilar_173d08e.jpg?w=246&#038;h=138\" srcset=\"https:\/\/i0.wp.com\/www.tvturk.com\/wp-content\/uploads\/2019\/02\/dogu-turkistandaki-zulmu-sergiyle-anlattilar_173d08e.jpg?w=1000 1000w, https:\/\/i0.wp.com\/www.tvturk.com\/wp-content\/uploads\/2019\/02\/dogu-turkistandaki-zulmu-sergiyle-anlattilar_173d08e.jpg?resize=150%2C84 150w, https:\/\/i0.wp.com\/www.tvturk.com\/wp-content\/uploads\/2019\/02\/dogu-turkistandaki-zulmu-sergiyle-anlattilar_173d08e.jpg?resize=300%2C169 300w, https:\/\/i0.wp.com\/www.tvturk.com\/wp-content\/uploads\/2019\/02\/dogu-turkistandaki-zulmu-sergiyle-anlattilar_173d08e.jpg?resize=768%2C432 768w, https:\/\/i0.wp.com\/www.tvturk.com\/wp-content\/uploads\/2019\/02\/dogu-turkistandaki-zulmu-sergiyle-anlattilar_173d08e.jpg?resize=200%2C113 200w\" width=\"246\" height=\"138\" loading=\"lazy\" data-original-width=\"246\" data-original-height=\"138\" itemprop=\"http:\/\/schema.org\/image\" title=\"Do\u011fu T\u00fcrkistan\u2019daki zulm\u00fc sergiyle anlatt\u0131lar\" alt=\"Do\u011fu T\u00fcrkistan\u2019daki zulm\u00fc sergiyle anlatt\u0131lar\" style=\"width: 246px; height: 138px;\" \/> <\/a> <\/div> <\/div> <!-- close group --> <\/div> <!-- close row --> <div class=\"gallery-row\" style=\"width: 500px; height: 142px;\" data-original-width=\"500\" data-original-height=\"142\" > <div class=\"gallery-group images-1\" style=\"width: 250px; height: 142px;\" data-original-width=\"250\" data-original-height=\"142\" > <div class=\"tiled-gallery-item tiled-gallery-item-small\" itemprop=\"associatedMedia\" itemscope itemtype=\"http:\/\/schema.org\/ImageObject\"> <a href=\"http:\/\/www.tvturk.com\/index.php\/dogu-turkistandaki-zulmu-sergiyle-anlattilar\/dogu-turkistandaki-zulmu-sergiyle-anlattilar-7\/\" border=\"0\" itemprop=\"url\"> <meta itemprop=\"width\" content=\"246\"> <meta itemprop=\"height\" content=\"138\"> <img decoding=\"async\" class=\"\" data-attachment-id=\"17365\" data-orig-file=\"http:\/\/www.tvturk.com\/wp-content\/uploads\/2019\/02\/dogu-turkistandaki-zulmu-sergiyle-anlattilar_e33d3f5.jpg\" data-orig-size=\"1000,562\" data-comments-opened=\"\" data-image-meta=\"{&quot;aperture&quot;:&quot;0&quot;,&quot;credit&quot;:&quot;IHA&quot;,&quot;camera&quot;:&quot;&quot;,&quot;caption&quot;:&quot;NAZ\\u0130LL\\u0130\\u0027DE DO\\u011eU T\\u00dcRK\\u0130STANDAK\\u0130 ZULM\\u00dc ANLATAN FOTO\\u011eRAFLAR SERG\\u0130LEND\\u0130 (AL\\u0130 SOYDEM\\u0130R\\\/AYDIN-\\u0130HA)&quot;,&quot;created_timestamp&quot;:&quot;0&quot;,&quot;copyright&quot;:&quot;\\u0130HLAS HABER AJANSI, www.iha.com.tr&quot;,&quot;focal_length&quot;:&quot;0&quot;,&quot;iso&quot;:&quot;0&quot;,&quot;shutter_speed&quot;:&quot;0&quot;,&quot;title&quot;:&quot;DO\\u011eU T\\u00dcRK\\u0130STAN\\u2019DAK\\u0130 ZULM\\u00dc SERG\\u0130YLE ANLATTILAR&quot;,&quot;orientation&quot;:&quot;0&quot;}\" data-image-title=\"Do\u011fu T\u00fcrkistan\u2019daki zulm\u00fc sergiyle anlatt\u0131lar\" data-image-description=\"&lt;p&gt;Do\u011fu T\u00fcrkistan\u2019daki zulm\u00fc sergiyle anlatt\u0131lar&lt;\/p&gt; \" data-medium-file=\"https:\/\/i0.wp.com\/www.tvturk.com\/wp-content\/uploads\/2019\/02\/dogu-turkistandaki-zulmu-sergiyle-anlattilar_e33d3f5.jpg?fit=300%2C169\" data-large-file=\"https:\/\/i0.wp.com\/www.tvturk.com\/wp-content\/uploads\/2019\/02\/dogu-turkistandaki-zulmu-sergiyle-anlattilar_e33d3f5.jpg?fit=1000%2C562\" src=\"https:\/\/i0.wp.com\/www.tvturk.com\/wp-content\/uploads\/2019\/02\/dogu-turkistandaki-zulmu-sergiyle-anlattilar_e33d3f5.jpg?w=246&#038;h=138\" srcset=\"https:\/\/i0.wp.com\/www.tvturk.com\/wp-content\/uploads\/2019\/02\/dogu-turkistandaki-zulmu-sergiyle-anlattilar_e33d3f5.jpg?w=1000 1000w, https:\/\/i0.wp.com\/www.tvturk.com\/wp-content\/uploads\/2019\/02\/dogu-turkistandaki-zulmu-sergiyle-anlattilar_e33d3f5.jpg?resize=150%2C84 150w, https:\/\/i0.wp.com\/www.tvturk.com\/wp-content\/uploads\/2019\/02\/dogu-turkistandaki-zulmu-sergiyle-anlattilar_e33d3f5.jpg?resize=300%2C169 300w, https:\/\/i0.wp.com\/www.tvturk.com\/wp-content\/uploads\/2019\/02\/dogu-turkistandaki-zulmu-sergiyle-anlattilar_e33d3f5.jpg?resize=768%2C432 768w, https:\/\/i0.wp.com\/www.tvturk.com\/wp-content\/uploads\/2019\/02\/dogu-turkistandaki-zulmu-sergiyle-anlattilar_e33d3f5.jpg?resize=200%2C113 200w\" width=\"246\" height=\"138\" loading=\"lazy\" data-original-width=\"246\" data-original-height=\"138\" itemprop=\"http:\/\/schema.org\/image\" title=\"Do\u011fu T\u00fcrkistan\u2019daki zulm\u00fc sergiyle anlatt\u0131lar\" alt=\"Do\u011fu T\u00fcrkistan\u2019daki zulm\u00fc sergiyle anlatt\u0131lar\" style=\"width: 246px; height: 138px;\" \/> <\/a> <\/div> <\/div> <!-- close group --> <div class=\"gallery-group images-1\" style=\"width: 250px; height: 142px;\" data-original-width=\"250\" data-original-height=\"142\" > <div class=\"tiled-gallery-item tiled-gallery-item-small\" itemprop=\"associatedMedia\" itemscope itemtype=\"http:\/\/schema.org\/ImageObject\"> <a href=\"http:\/\/www.tvturk.com\/index.php\/dogu-turkistandaki-zulmu-sergiyle-anlattilar\/dogu-turkistandaki-zulmu-sergiyle-anlattilar-8\/\" border=\"0\" itemprop=\"url\"> <meta itemprop=\"width\" content=\"246\"> <meta itemprop=\"height\" content=\"138\"> <img decoding=\"async\" class=\"\" data-attachment-id=\"17366\" data-orig-file=\"http:\/\/www.tvturk.com\/wp-content\/uploads\/2019\/02\/dogu-turkistandaki-zulmu-sergiyle-anlattilar_0e59856.jpg\" data-orig-size=\"1000,562\" data-comments-opened=\"\" data-image-meta=\"{&quot;aperture&quot;:&quot;0&quot;,&quot;credit&quot;:&quot;IHA&quot;,&quot;camera&quot;:&quot;&quot;,&quot;caption&quot;:&quot;NAZ\\u0130LL\\u0130\\u0027DE DO\\u011eU T\\u00dcRK\\u0130STANDAK\\u0130 ZULM\\u00dc ANLATAN FOTO\\u011eRAFLAR SERG\\u0130LEND\\u0130 (AL\\u0130 SOYDEM\\u0130R\\\/AYDIN-\\u0130HA)&quot;,&quot;created_timestamp&quot;:&quot;0&quot;,&quot;copyright&quot;:&quot;\\u0130HLAS HABER AJANSI, www.iha.com.tr&quot;,&quot;focal_length&quot;:&quot;0&quot;,&quot;iso&quot;:&quot;0&quot;,&quot;shutter_speed&quot;:&quot;0&quot;,&quot;title&quot;:&quot;DO\\u011eU T\\u00dcRK\\u0130STAN\\u2019DAK\\u0130 ZULM\\u00dc SERG\\u0130YLE ANLATTILAR&quot;,&quot;orientation&quot;:&quot;0&quot;}\" data-image-title=\"Do\u011fu T\u00fcrkistan\u2019daki zulm\u00fc sergiyle anlatt\u0131lar\" data-image-description=\"&lt;p&gt;Do\u011fu T\u00fcrkistan\u2019daki zulm\u00fc sergiyle anlatt\u0131lar&lt;\/p&gt; \" data-medium-file=\"https:\/\/i0.wp.com\/www.tvturk.com\/wp-content\/uploads\/2019\/02\/dogu-turkistandaki-zulmu-sergiyle-anlattilar_0e59856.jpg?fit=300%2C169\" data-large-file=\"https:\/\/i0.wp.com\/www.tvturk.com\/wp-content\/uploads\/2019\/02\/dogu-turkistandaki-zulmu-sergiyle-anlattilar_0e59856.jpg?fit=1000%2C562\" src=\"https:\/\/i0.wp.com\/www.tvturk.com\/wp-content\/uploads\/2019\/02\/dogu-turkistandaki-zulmu-sergiyle-anlattilar_0e59856.jpg?w=246&#038;h=138\" srcset=\"https:\/\/i0.wp.com\/www.tvturk.com\/wp-content\/uploads\/2019\/02\/dogu-turkistandaki-zulmu-sergiyle-anlattilar_0e59856.jpg?w=1000 1000w, https:\/\/i0.wp.com\/www.tvturk.com\/wp-content\/uploads\/2019\/02\/dogu-turkistandaki-zulmu-sergiyle-anlattilar_0e59856.jpg?resize=150%2C84 150w, https:\/\/i0.wp.com\/www.tvturk.com\/wp-content\/uploads\/2019\/02\/dogu-turkistandaki-zulmu-sergiyle-anlattilar_0e59856.jpg?resize=300%2C169 300w, https:\/\/i0.wp.com\/www.tvturk.com\/wp-content\/uploads\/2019\/02\/dogu-turkistandaki-zulmu-sergiyle-anlattilar_0e59856.jpg?resize=768%2C432 768w, https:\/\/i0.wp.com\/www.tvturk.com\/wp-content\/uploads\/2019\/02\/dogu-turkistandaki-zulmu-sergiyle-anlattilar_0e59856.jpg?resize=200%2C113 200w\" width=\"246\" height=\"138\" loading=\"lazy\" data-original-width=\"246\" data-original-height=\"138\" itemprop=\"http:\/\/schema.org\/image\" title=\"Do\u011fu T\u00fcrkistan\u2019daki zulm\u00fc sergiyle anlatt\u0131lar\" alt=\"Do\u011fu T\u00fcrkistan\u2019daki zulm\u00fc sergiyle anlatt\u0131lar\" style=\"width: 246px; height: 138px;\" \/> <\/a> <\/div> <\/div> <!-- close group --> <\/div> <!-- close row --> <\/div><\/p>\n","protected":false},"excerpt":{"rendered":"<p>NAZ\u0130LL\u0130&#8217;DE DO\u011eU T\u00dcRK\u0130STANDAK\u0130 ZULM\u00dc ANLATAN FOTO\u011eRAFLAR SERG\u0130LEND\u0130<\/p>\n","protected":false},"author":1,"featured_media":17360,"comment_status":"closed","ping_status":"open","sticky":false,"template":"","format":"standard","meta":{"jetpack_post_was_ever_published":false,"_jetpack_newsletter_access":"","_jetpack_dont_email_post_to_subs":false,"_jetpack_newsletter_tier_id":0,"_jetpack_memberships_contains_paywalled_content":false,"_jetpack_memberships_contains_paid_content":false,"footnotes":"","jetpack_publicize_message":"","jetpack_publicize_feature_enabled":true,"jetpack_social_post_already_shared":false,"jetpack_social_options":{"image_generator_settings":{"template":"highway","default_image_id":0,"font":"","enabled":false},"version":2}},"categories":[655],"tags":[3324,2476,8064,8062,8063],"class_list":["post-17359","post","type-post","status-publish","format-standard","has-post-thumbnail","hentry","category-son-dakika","tag-anlattilar","tag-dogu","tag-sergiyle","tag-turkistandaki","tag-zulmu"],"jetpack_publicize_connections":[],"jetpack_featured_media_url":"https:\/\/i0.wp.com\/www.tvturk.com\/wp-content\/uploads\/2019\/02\/dogu-turkistandaki-zulmu-sergiyle-anlattilar_860e83a.jpg?fit=1000%2C562","jetpack_sharing_enabled":true,"jetpack_shortlink":"https:\/\/wp.me\/paKIfm-4vZ","_links":{"self":[{"href":"http:\/\/www.tvturk.com\/index.php\/wp-json\/wp\/v2\/posts\/17359","targetHints":{"allow":["GET"]}}],"collection":[{"href":"http:\/\/www.tvturk.com\/index.php\/wp-json\/wp\/v2\/posts"}],"about":[{"href":"http:\/\/www.tvturk.com\/index.php\/wp-json\/wp\/v2\/types\/post"}],"author":[{"embeddable":true,"href":"http:\/\/www.tvturk.com\/index.php\/wp-json\/wp\/v2\/users\/1"}],"replies":[{"embeddable":true,"href":"http:\/\/www.tvturk.com\/index.php\/wp-json\/wp\/v2\/comments?post=17359"}],"version-history":[{"count":1,"href":"http:\/\/www.tvturk.com\/index.php\/wp-json\/wp\/v2\/posts\/17359\/revisions"}],"predecessor-version":[{"id":17367,"href":"http:\/\/www.tvturk.com\/index.php\/wp-json\/wp\/v2\/posts\/17359\/revisions\/17367"}],"wp:featuredmedia":[{"embeddable":true,"href":"http:\/\/www.tvturk.com\/index.php\/wp-json\/wp\/v2\/media\/17360"}],"wp:attachment":[{"href":"http:\/\/www.tvturk.com\/index.php\/wp-json\/wp\/v2\/media?parent=17359"}],"wp:term":[{"taxonomy":"category","embeddable":true,"href":"http:\/\/www.tvturk.com\/index.php\/wp-json\/wp\/v2\/categories?post=17359"},{"taxonomy":"post_tag","embeddable":true,"href":"http:\/\/www.tvturk.com\/index.php\/wp-json\/wp\/v2\/tags?post=17359"}],"curies":[{"name":"wp","href":"https:\/\/api.w.org\/{rel}","templated":true}]}}