{"id":173621,"date":"2019-06-25T10:16:56","date_gmt":"2019-06-25T07:16:56","guid":{"rendered":"http:\/\/www.tvturk.com\/index.php\/etkinin-65inci-yili-coskuyla-kutlandi\/"},"modified":"2019-06-25T10:16:56","modified_gmt":"2019-06-25T07:16:56","slug":"etkinin-65inci-yili-coskuyla-kutlandi","status":"publish","type":"post","link":"http:\/\/www.tvturk.com\/index.php\/etkinin-65inci-yili-coskuyla-kutlandi\/","title":{"rendered":"Etki\u2019nin 65\u2019inci y\u0131l\u0131 co\u015fkuyla kutland\u0131"},"content":{"rendered":"<p>Etki\u2019nin 65\u2019inci ya\u015f\u0131 i\u015f d\u00fcnyas\u0131n\u0131n \u00f6nde gelen isimleriyle birlikte kutland\u0131.<\/p>\n<p>T\u00fcrkiye\u2019nin gen\u00e7ler taraf\u0131ndan y\u00f6netilen en eski sivil toplum kurulu\u015flar\u0131ndan olan AIESEC T\u00fcrkiye, Etki\u2019nin 65\u2019inci ya\u015f\u0131n\u0131 i\u015f d\u00fcnyas\u0131n\u0131n \u00f6nde gelen isimleriyle birlikte kutlad\u0131.  Ge\u00e7ti\u011fimiz hafta cuma g\u00fcn\u00fc ger\u00e7ekle\u015ftirilen galada toplanan ba\u011f\u0131\u015flarla, maddi imkanlar\u0131 el vermeyen gen\u00e7lerin AIESEC uluslararas\u0131 sosyal sorumluluk projelerine kat\u0131lmalar\u0131 fonland\u0131r\u0131lacak.<\/p>\n<p>1954 y\u0131l\u0131nda T\u00fcrk i\u015f d\u00fcnyas\u0131n\u0131n \u00f6nc\u00fclerinden Nejat Eczac\u0131ba\u015f\u0131\u2019n\u0131n giri\u015fimleriyle \u00fclkemizde faaliyetlerine ba\u015flayan AIESEC, Tekfen Holding Onursal Ba\u015fkan\u0131 Ali Nihat G\u00f6kyi\u011fit ve Bo\u011fazi\u00e7i \u00dcniversitesi eski rekt\u00f6r\u00fc Prof. Dr. \u00dcst\u00fcn Erg\u00fcder\u2019in dan\u0131\u015fmanlar kurulu ba\u015fkanl\u0131klar\u0131nda bug\u00fcn 100 bin ki\u015fiyi a\u015fan etkisini kutlad\u0131. 65 y\u0131lda 30 binden fazla g\u00f6n\u00fcll\u00fcn\u00fcn T\u00fcrkiye\u2019de ve yurtd\u0131\u015f\u0131nda sosyal sorumluluk ve staj alanlar\u0131nda \u00e7al\u0131\u015fmalar\u0131na olanak sa\u011flayan kurulu\u015f, yapt\u0131\u011f\u0131 de\u011fi\u015fim say\u0131s\u0131 bak\u0131m\u0131ndan AIESEC \u00fclkeleri aras\u0131nda 2 kez pe\u015f pe\u015fe \u2018M\u00fckemmeliyet\u00e7ilik \u00d6d\u00fcl\u00fc\u2019ne lay\u0131k g\u00f6r\u00fcld\u00fc.<\/p>\n<p>\u0130\u015f d\u00fcnyas\u0131 bu gece\u2019de bulu\u015ftu<\/p>\n<p>Ev sahipli\u011fini AIESEC T\u00fcrkiye Dan\u0131\u015fmanlar Kurulu \u00dcyesi Dalia Garih\u2019in \u00fcstlendi\u011fi gecede; Alarko Holding, Eczac\u0131ba\u015f\u0131 Holding, Tekfen Holding, DeFacto, Elektrolux gibi i\u015f d\u00fcnyas\u0131n\u0131n \u00f6nde gelen kurumlar\u0131, AIESEC T\u00fcrkiye\u2019ye g\u00f6n\u00fcl veren eski ve yeni \u00fcyeleri ile bulu\u015ftu. Yapt\u0131\u011f\u0131 konu\u015fmas\u0131nda, \u201cBabam \u00dczeyir Garih\u2019ten ald\u0131\u011f\u0131m mirasi o\u011flum Niv Garih\u2019e devredece\u011fim\u201d diyen Dalia Garih, ev sahipli\u011fini \u00fcstlenmekten duydu\u011fu memnuniyeti payla\u015ft\u0131.<\/p>\n<p>\u00d6d\u00fcller sahibini buldu<\/p>\n<p>Gece 65. Etki Y\u0131l\u0131 Payda\u015fl\u0131k \u00d6d\u00fcllerinin verilmesiyle hareketlendi, AIESEC Dan\u0131\u015fmanlar Y\u00fcksek Kurulu Ba\u015fkan\u0131 Prof.Dr. \u00dcst\u00fcn Erg\u00fcder, Niv Garih, Dalia Garih, Eczac\u0131ba\u015f\u0131 Holding, Defacto \u0130nsan Kaynaklar\u0131  yapt\u0131klar\u0131 ba\u011f\u0131\u015flar ve desteklerinin sembol\u00fc olan \u00f6d\u00fclleri ald\u0131lar. Ali Nihat G\u00f6kyi\u011fit\u2019in \u00f6d\u00fcl\u00fcn\u00fc ise kat\u0131l\u0131m g\u00f6steren karde\u015fi, Turgut G\u00f6kyi\u011fit \u201cBu \u00f6d\u00fcl\u00fc a\u011fabeyim ad\u0131na al\u0131yorum, a\u011fabeyim ve ailemiz i\u00e7in AIESEC her zaman bir g\u00f6n\u00fcl i\u015fi olmu\u015ftur\u201d diyerek kabul etti.<\/p>\n","protected":false},"excerpt":{"rendered":"<p>ETK\u0130\u2019N\u0130N 65\u2019\u0130NC\u0130 YA\u015eI \u0130\u015e D\u00dcNYASININ \u00d6NDE GELEN \u0130S\u0130MLER\u0130YLE B\u0130RL\u0130KTE KUTLANDI.<\/p>\n","protected":false},"author":1,"featured_media":0,"comment_status":"closed","ping_status":"open","sticky":false,"template":"","format":"standard","meta":{"jetpack_post_was_ever_published":false,"_jetpack_newsletter_access":"","_jetpack_dont_email_post_to_subs":false,"_jetpack_newsletter_tier_id":0,"_jetpack_memberships_contains_paywalled_content":false,"_jetpack_memberships_contains_paid_content":false,"footnotes":"","jetpack_publicize_message":"","jetpack_publicize_feature_enabled":true,"jetpack_social_post_already_shared":true,"jetpack_social_options":{"image_generator_settings":{"template":"highway","default_image_id":0,"font":"","enabled":false},"version":2}},"categories":[656],"tags":[42113,3205,42112,2822,2128],"class_list":["post-173621","post","type-post","status-publish","format-standard","hentry","category-kultur-sanat","tag-65inci","tag-coskuyla","tag-etkinin","tag-kutlandi","tag-yili"],"jetpack_publicize_connections":[],"jetpack_featured_media_url":"","jetpack_sharing_enabled":true,"jetpack_shortlink":"https:\/\/wp.me\/paKIfm-Jal","_links":{"self":[{"href":"http:\/\/www.tvturk.com\/index.php\/wp-json\/wp\/v2\/posts\/173621","targetHints":{"allow":["GET"]}}],"collection":[{"href":"http:\/\/www.tvturk.com\/index.php\/wp-json\/wp\/v2\/posts"}],"about":[{"href":"http:\/\/www.tvturk.com\/index.php\/wp-json\/wp\/v2\/types\/post"}],"author":[{"embeddable":true,"href":"http:\/\/www.tvturk.com\/index.php\/wp-json\/wp\/v2\/users\/1"}],"replies":[{"embeddable":true,"href":"http:\/\/www.tvturk.com\/index.php\/wp-json\/wp\/v2\/comments?post=173621"}],"version-history":[{"count":0,"href":"http:\/\/www.tvturk.com\/index.php\/wp-json\/wp\/v2\/posts\/173621\/revisions"}],"wp:attachment":[{"href":"http:\/\/www.tvturk.com\/index.php\/wp-json\/wp\/v2\/media?parent=173621"}],"wp:term":[{"taxonomy":"category","embeddable":true,"href":"http:\/\/www.tvturk.com\/index.php\/wp-json\/wp\/v2\/categories?post=173621"},{"taxonomy":"post_tag","embeddable":true,"href":"http:\/\/www.tvturk.com\/index.php\/wp-json\/wp\/v2\/tags?post=173621"}],"curies":[{"name":"wp","href":"https:\/\/api.w.org\/{rel}","templated":true}]}}