{"id":173691,"date":"2019-06-25T11:31:50","date_gmt":"2019-06-25T08:31:50","guid":{"rendered":"http:\/\/www.tvturk.com\/index.php\/almanyada-askfest-ile-spor-kultur-ve-eglence-dolu-gunler\/"},"modified":"2019-06-25T11:31:50","modified_gmt":"2019-06-25T08:31:50","slug":"almanyada-askfest-ile-spor-kultur-ve-eglence-dolu-gunler","status":"publish","type":"post","link":"http:\/\/www.tvturk.com\/index.php\/almanyada-askfest-ile-spor-kultur-ve-eglence-dolu-gunler\/","title":{"rendered":"Almanya\u2019da ASKFEST ile spor, k\u00fclt\u00fcr ve e\u011flence dolu g\u00fcnler"},"content":{"rendered":"<p>Almanya\u2019n\u0131n Hamm \u015fehrinde ger\u00e7ekle\u015fecek Avrupa Spor ve K\u00fclt\u00fcr Festivali (ASKFEST) birbirinden renkli etkinliklere ev sahipli\u011fi yapacak. Haziran ay\u0131n\u0131n 28, 29 ve 30\u2019unda LippenPark\u2019ta d\u00fczenlenecek festivalde spordan e\u011flenceye; sanattan gastronomiye bir\u00e7ok program kat\u0131l\u0131mc\u0131lar\u0131n istifadesine sunulacak.<\/p>\n<p>T\u00fcrkiye Cumhuriyeti Gen\u00e7lik ve Spor Bakanl\u0131\u011f\u0131, K\u00fclt\u00fcr ve Turizm Bakanl\u0131\u011f\u0131, Yurtd\u0131\u015f\u0131 T\u00fcrkler ve Akraba Topluluklar Ba\u015fkanl\u0131\u011f\u0131 ve Hamm Belediyesi i\u015fbirli\u011fi ile organize edilen ASKFEST\u2019te, \u00e7a\u011fda\u015f ve geleneksel spor m\u00fcsabakalar\u0131, bireysel ve tak\u0131m sporu etkinlikleri, \u00e7ocuklar ve yeti\u015fkinler i\u00e7in oyunlar, k\u00fclt\u00fcr-sanat etkinlikleri ve e\u011flenceli aktiviteler yer al\u0131yor.<\/p>\n<p>Almanya\u2019da T\u00fcrklerin yo\u011funluklu olarak ya\u015fad\u0131\u011f\u0131 \u015fehirlerden olan Hamm\u2019da d\u00fczenlenecek festivalin lokasyonu olan Lippenpark ise 1950\u2019lerden itibaren Almanya\u2019ya anla\u015fmalar \u00e7er\u00e7evesinde g\u00f6\u00e7 eden T\u00fcrk i\u015f\u00e7ilerin yo\u011fun olarak \u00e7al\u0131\u015ft\u0131\u011f\u0131 eski bir maden oca\u011f\u0131. \u015eu an parka \u00e7evrilen bu alanda ASKFEST sayesinde 7\u2019den 70\u2019e T\u00fcrk ve Alman vatanda\u015flar ve aileler beraber spor yap\u0131p e\u011flenecekler. T\u00fcrk ve Alman k\u00fclt\u00fcrlerine ait etkinlikler sayesinde ise birbirlerinin k\u00fclt\u00fcrlerini derinlemesine tecr\u00fcbe etme imkan\u0131 bulacaklar.<\/p>\n<p>\u201cBirlikte spor yap! Birlikte e\u011flen! Birlikte ya\u015fa\u201d slogan\u0131 ile yola \u00e7\u0131kan festival spor, k\u00fclt\u00fcr ve e\u011flence alan\u0131nda say\u0131s\u0131z etkinlikten olu\u015fuyor. Futbol, basketbol, atletizm m\u00fcsabakalar\u0131, masa tenisi, bowling, kaykay, bisiklet gibi sporlar, geleneksel ok\u00e7uluk, ya\u011fl\u0131 g\u00fcre\u015f, a\u015f\u0131k oyunu gibi geleneksel sporlar, \u00e7ocuk oyunlar\u0131, zeka oyunlar\u0131, T\u00fcrk ve Alman mutfaklar\u0131n\u0131n e\u015fsiz \u00f6rneklerinin sergilenece\u011fi gastronomi b\u00f6l\u00fcm\u00fc, T\u00fcrk ve Alman k\u00fclt\u00fcrlerine ait \u00fcr\u00fcnlerin sergilenece\u011fi stantlar ve birbirinden e\u011flenceli konser ve etkinlikler festival program\u0131n\u0131n \u00f6nemli ba\u015fl\u0131klar\u0131 olarak g\u00f6ze \u00e7arp\u0131yor.<\/p>\n<p>T\u00fcrkiye Cumhuriyeti Gen\u00e7lik ve Spor Bakan\u0131 Sn. Dr. Mehmet Muharrem Kasapo\u011flu, K\u00fclt\u00fcr ve Turizm Bakan\u0131 Sn. Mehmet Nuri Ersoy, Yurtd\u0131\u015f\u0131 T\u00fcrkler ve Akraba Topluluklar Ba\u015fkan\u0131 Sn. Abdullah Eren, Hamm Belediye Ba\u015fkan\u0131 Sn. Thomas Hunsteger Petermann ve her iki \u00fclkeden yetkililerin kat\u0131laca\u011f\u0131 festivale T\u00fcrkiye ve Almanya\u2019dan \u00e7ok say\u0131da \u00fcnl\u00fc ve yetkin sporcu ile sanat\u00e7\u0131 da davetliler aras\u0131nda. Ba\u015fta Hamm \u015fehrinin T\u00fcrk ve Alman sakinleri olmak \u00fczere Almanya ve Avrupa\u2019dan y\u00fczbinlerce ziyaret\u00e7inin beklendi\u011fi festivale kat\u0131l\u0131m \u00fccretsiz ger\u00e7ekle\u015fecek.<\/p>\n","protected":false},"excerpt":{"rendered":"<p>ALMANYA\u2019NIN HAMM \u015eEHR\u0130NDE GER\u00c7EKLE\u015eECEK AVRUPA SPOR VE K\u00dcLT\u00dcR FEST\u0130VAL\u0130 (ASKFEST) B\u0130RB\u0130R\u0130NDEN RENKL\u0130 ETK\u0130NL\u0130KLERE EV SAH\u0130PL\u0130\u011e\u0130 YAPACAK.<\/p>\n","protected":false},"author":1,"featured_media":0,"comment_status":"closed","ping_status":"open","sticky":false,"template":"","format":"standard","meta":{"jetpack_post_was_ever_published":false,"_jetpack_newsletter_access":"","_jetpack_dont_email_post_to_subs":false,"_jetpack_newsletter_tier_id":0,"_jetpack_memberships_contains_paywalled_content":false,"_jetpack_memberships_contains_paid_content":false,"footnotes":"","jetpack_publicize_message":"","jetpack_publicize_feature_enabled":true,"jetpack_social_post_already_shared":true,"jetpack_social_options":{"image_generator_settings":{"template":"highway","default_image_id":0,"font":"","enabled":false},"version":2}},"categories":[1],"tags":[6637,42141,6667,10414,19223,192,630,1619],"class_list":["post-173691","post","type-post","status-publish","format-standard","hentry","category-genel","tag-almanyada","tag-askfest","tag-dolu","tag-eglence","tag-gunler","tag-ile","tag-kultur","tag-spor"],"jetpack_publicize_connections":[],"jetpack_featured_media_url":"","jetpack_sharing_enabled":true,"jetpack_shortlink":"https:\/\/wp.me\/paKIfm-Jbt","_links":{"self":[{"href":"http:\/\/www.tvturk.com\/index.php\/wp-json\/wp\/v2\/posts\/173691","targetHints":{"allow":["GET"]}}],"collection":[{"href":"http:\/\/www.tvturk.com\/index.php\/wp-json\/wp\/v2\/posts"}],"about":[{"href":"http:\/\/www.tvturk.com\/index.php\/wp-json\/wp\/v2\/types\/post"}],"author":[{"embeddable":true,"href":"http:\/\/www.tvturk.com\/index.php\/wp-json\/wp\/v2\/users\/1"}],"replies":[{"embeddable":true,"href":"http:\/\/www.tvturk.com\/index.php\/wp-json\/wp\/v2\/comments?post=173691"}],"version-history":[{"count":0,"href":"http:\/\/www.tvturk.com\/index.php\/wp-json\/wp\/v2\/posts\/173691\/revisions"}],"wp:attachment":[{"href":"http:\/\/www.tvturk.com\/index.php\/wp-json\/wp\/v2\/media?parent=173691"}],"wp:term":[{"taxonomy":"category","embeddable":true,"href":"http:\/\/www.tvturk.com\/index.php\/wp-json\/wp\/v2\/categories?post=173691"},{"taxonomy":"post_tag","embeddable":true,"href":"http:\/\/www.tvturk.com\/index.php\/wp-json\/wp\/v2\/tags?post=173691"}],"curies":[{"name":"wp","href":"https:\/\/api.w.org\/{rel}","templated":true}]}}