{"id":173701,"date":"2019-06-25T11:46:13","date_gmt":"2019-06-25T08:46:13","guid":{"rendered":"http:\/\/www.tvturk.com\/index.php\/rusyada-sok-istifa\/"},"modified":"2019-06-25T11:46:13","modified_gmt":"2019-06-25T08:46:13","slug":"rusyada-sok-istifa","status":"publish","type":"post","link":"http:\/\/www.tvturk.com\/index.php\/rusyada-sok-istifa\/","title":{"rendered":"Rusya\u2019da \u015fok istifa"},"content":{"rendered":"<p>Rusya Federasyonu\u2019na ba\u011fl\u0131 \u0130ngu\u015fetya \u00d6zerk Cumhuriyeti Cumhurba\u015fkan\u0131, \u0130ngu\u015fetya h\u00fck\u00fcmeti ile olan fikir ayr\u0131l\u0131\u011f\u0131 nedeniyle istifa etti\u011fini a\u00e7\u0131klad\u0131.<\/p>\n<p>Federasyon sistemiyle y\u00f6netilen Rusya\u2019ya ba\u011fl\u0131 \u0130ngu\u015fetya Cumhuriyeti\u2019nin 2008 y\u0131l\u0131nda devlet ba\u015fkanl\u0131\u011f\u0131 g\u00f6revinde bulunan Dimitri Medvedev taraf\u0131ndan atanan ve \u0130ngu\u015fetya parlamentosu taraf\u0131ndan \u00fclkenin 3. Cumhurba\u015fkan\u0131 olarak se\u00e7ilen Yunus-bek Yevkurov g\u00f6revinden istifa etti\u011fini ve istifas\u0131n\u0131 Rusya Devlet Ba\u015fkan\u0131 Vladimir Putin\u2019e sundu\u011funu a\u00e7\u0131klad\u0131. \u0130ngu\u015fetya Cumhurba\u015fkanl\u0131\u011f\u0131n\u0131n sosyal medya hesaplar\u0131 \u00fczerinden istifa g\u00f6r\u00fcnt\u00fcs\u00fc yay\u0131nlanan Yevkurov, istifa nedenini ise \u0130ngu\u015fetya h\u00fck\u00fcmeti ile aralar\u0131nda ya\u015fanan anla\u015fmazl\u0131klar olarak a\u00e7\u0131klad\u0131.<\/p>\n<p>Kafkasya\u2019da bulunan, \u00c7e\u00e7enistan ve Da\u011f\u0131stan ile s\u0131n\u0131r problemleri ya\u015fayan \u0130ngu\u015fetya\u2019n\u0131n Cumhurba\u015fkan\u0131 Yevkurov, g\u00f6reve geldi\u011fi g\u00fcnden beri ama\u00e7lad\u0131\u011f\u0131 bir\u00e7ok \u015feyi ba\u015fard\u0131\u011f\u0131n\u0131 s\u00f6yleyerek, \u201cY\u0131llar boyunca \u0130ngu\u015fetya halk\u0131yla \u00f6nemli bir yol kat ettik. Kolluk kuvvetleri ile birlikte \u00fclkede ter\u00f6r \u00f6rg\u00fctlerine kar\u015f\u0131 sava\u015f vererek bu olguyu yendik. \u0130ngu\u015fetya\u2019da bar\u0131\u015f\u0131 sa\u011flad\u0131k, okullar, kre\u015fler, hastaneler, spor tesisleri ve yollar in\u015fa ettik ve in\u015fa etmeye devam ediyoruz. Cumhuriyet bir\u00e7ok a\u00e7\u0131dan Rusya\u2019n\u0131n b\u00f6lgeleri aras\u0131nda lider olmu\u015ftur\u201d ifadelerini kulland\u0131.<\/p>\n<p>\u0130ngu\u015fetya\u2019n\u0131n kalk\u0131nmas\u0131 i\u00e7in bir\u00e7ok plan ve projenin bulundu\u011funu s\u00f6yleyen Yevkurov, \u00f6nemli olan \u015feyin \u0130ngu\u015fetya halk\u0131n\u0131n birli\u011finin sa\u011flanmas\u0131 oldu\u011funu s\u00f6yleyerek g\u00f6revinden istifa etti\u011fini ve istifa dilek\u00e7esini Rusya Devlet Ba\u015fkan\u0131 Vladimir Putin\u2019e sundu\u011funu s\u00f6yledi.<\/p>\n<p>Kuzey Kafkasya\u2019da bulunan \u0130ngu\u015fetya ile \u00c7e\u00e7enistan aras\u0131nda Sovyetler Birli\u011fi\u2019nin da\u011f\u0131lmas\u0131ndan sonra s\u0131n\u0131r sava\u015flar\u0131 ya\u015fanm\u0131\u015f \u0130ngu\u015fetya ile \u00c7e\u00e7enistan ge\u00e7ti\u011fimiz y\u0131l yeni s\u0131n\u0131rlar\u0131n \u00e7izilmesi konusunda anla\u015fma imzalam\u0131\u015f fakat bu anla\u015fmaya \u0130ngu\u015f halk\u0131 toprak kaybedildi\u011fi gerek\u00e7esiyle kar\u015f\u0131 \u00e7\u0131km\u0131\u015f ve protesto olaylar\u0131 ya\u015fanm\u0131\u015f. \u00c7e\u00e7enistan ile \u0130ngu\u015fetya aras\u0131nda imzalanan anla\u015fmadan sonra \u0130ngu\u015f h\u00fck\u00fcmeti ile Cumhurba\u015fkan\u0131 Yevkurov aras\u0131nda anla\u015fmazl\u0131klar ya\u015fanm\u0131\u015f, halk ise 2023 y\u0131l\u0131na g\u00f6revini s\u00fcrd\u00fcrme hakk\u0131na sahip olan cumhurba\u015fkan\u0131n\u0131n istifas\u0131n\u0131 istemi\u015fti.<\/p>\n","protected":false},"excerpt":{"rendered":"<p>\u0130NGU\u015eETYA CUMHURBA\u015eKANLI\u011eININ SOSYAL MEDYA HESAPLARI \u00dcZER\u0130NDEN \u0130ST\u0130FA G\u00d6R\u00dcNT\u00dcS\u00dc YAYINLANAN YEVKUROV, \u0130ST\u0130FA NEDEN\u0130N\u0130 \u0130SE \u0130NGU\u015eETYA H\u00dcK\u00dcMET\u0130 \u0130LE ARALARINDA YA\u015eANAN ANLA\u015eMAZLIKLAR OLARAK A\u00c7IKLADI.<\/p>\n","protected":false},"author":1,"featured_media":0,"comment_status":"closed","ping_status":"open","sticky":false,"template":"","format":"standard","meta":{"jetpack_post_was_ever_published":false,"_jetpack_newsletter_access":"","_jetpack_dont_email_post_to_subs":false,"_jetpack_newsletter_tier_id":0,"_jetpack_memberships_contains_paywalled_content":false,"_jetpack_memberships_contains_paid_content":false,"footnotes":"","jetpack_publicize_message":"","jetpack_publicize_feature_enabled":true,"jetpack_social_post_already_shared":true,"jetpack_social_options":{"image_generator_settings":{"template":"highway","default_image_id":0,"font":"","enabled":false},"version":2}},"categories":[10],"tags":[31,8759,8402],"class_list":["post-173701","post","type-post","status-publish","format-standard","hentry","category-dunya","tag-istifa","tag-rusyada","tag-sok"],"jetpack_publicize_connections":[],"jetpack_featured_media_url":"","jetpack_sharing_enabled":true,"jetpack_shortlink":"https:\/\/wp.me\/paKIfm-JbD","_links":{"self":[{"href":"http:\/\/www.tvturk.com\/index.php\/wp-json\/wp\/v2\/posts\/173701","targetHints":{"allow":["GET"]}}],"collection":[{"href":"http:\/\/www.tvturk.com\/index.php\/wp-json\/wp\/v2\/posts"}],"about":[{"href":"http:\/\/www.tvturk.com\/index.php\/wp-json\/wp\/v2\/types\/post"}],"author":[{"embeddable":true,"href":"http:\/\/www.tvturk.com\/index.php\/wp-json\/wp\/v2\/users\/1"}],"replies":[{"embeddable":true,"href":"http:\/\/www.tvturk.com\/index.php\/wp-json\/wp\/v2\/comments?post=173701"}],"version-history":[{"count":0,"href":"http:\/\/www.tvturk.com\/index.php\/wp-json\/wp\/v2\/posts\/173701\/revisions"}],"wp:attachment":[{"href":"http:\/\/www.tvturk.com\/index.php\/wp-json\/wp\/v2\/media?parent=173701"}],"wp:term":[{"taxonomy":"category","embeddable":true,"href":"http:\/\/www.tvturk.com\/index.php\/wp-json\/wp\/v2\/categories?post=173701"},{"taxonomy":"post_tag","embeddable":true,"href":"http:\/\/www.tvturk.com\/index.php\/wp-json\/wp\/v2\/tags?post=173701"}],"curies":[{"name":"wp","href":"https:\/\/api.w.org\/{rel}","templated":true}]}}