{"id":173723,"date":"2019-06-25T12:01:47","date_gmt":"2019-06-25T09:01:47","guid":{"rendered":"http:\/\/www.tvturk.com\/index.php\/ozel-tonlarca-agirliginda-greyderleri-belediye-kaybetti\/"},"modified":"2019-06-25T12:01:47","modified_gmt":"2019-06-25T09:01:47","slug":"ozel-tonlarca-agirliginda-greyderleri-belediye-kaybetti","status":"publish","type":"post","link":"http:\/\/www.tvturk.com\/index.php\/ozel-tonlarca-agirliginda-greyderleri-belediye-kaybetti\/","title":{"rendered":"(\u00d6zel) Tonlarca a\u011f\u0131rl\u0131\u011f\u0131nda greyderleri belediye kaybetti"},"content":{"rendered":"<p>Antalya merkezli bir \u015firket taraf\u0131ndan Denizli Buldan Belediyesi\u2019ne biri hibe edilen bir di\u011feri de kiralanan greyderlerin ortada olmad\u0131\u011f\u0131n\u0131 ve kendilerine belirtilen s\u00fcrede teslim edilmedi\u011fini \u00f6ne s\u00fcren \u015firket sahibi, konuyu yarg\u0131ya ta\u015f\u0131d\u0131. 2 greyderin de bir anda ortadan kayboldu\u011funu s\u00f6yleyen \u015firket sahibi greyderini geri istiyor.<\/p>\n<p>Buldan\u2019da ya\u015fanan ve ak\u0131llara durgun veren olayda 2 greyder bir anda ortadan kayboldu. \u0130ddialara g\u00f6re, merkezi Antalya\u2019da olan \u015firket taraf\u0131ndan ge\u00e7ti\u011fimiz 31 Mart yerel se\u00e7imleri \u00f6ncesi Buldan Belediyesi\u2019ne  bir greyder hibe edildi, bir ba\u015fkas\u0131 ise kiraya verildi. Greyderler t\u0131rlar ile \u015firketin Antalya\u2019daki ara\u00e7 park\u0131ndan Buldan il\u00e7esine getirildi. Ard\u0131ndan greyderler belediyenin \u015firketleri b\u00fcnyesinde kullan\u0131lmaya ba\u015fland\u0131.<\/p>\n<p>Greyderi kiraya veren \u015firketin sahibi Ahmet Y\u00fcksel, kira d\u00f6nemi bitince belediyeden greyderi istedi\u011fini ancak kendisine d\u00f6n\u00fc\u015f yap\u0131lmad\u0131\u011f\u0131n\u0131 g\u00f6r\u00fcnce durumu yarg\u0131ya ta\u015f\u0131d\u0131. Y\u00fcksel tonlarca a\u011f\u0131rl\u0131\u011f\u0131ndaki greyderlerin ortadan kayboldu\u011funu savunarak hukuk m\u00fccadelesi ba\u015flatt\u0131.<\/p>\n<p>\u201cBelediye Ba\u015fkan\u0131 Mustafa \u015eevik greyderi taraf\u0131m\u0131za teslim etmedi\u201d<\/p>\n<p>Y\u00fcksel olay\u0131n sonras\u0131nda ya\u015fananlar\u0131 ise \u0130hlas Haber Ajans\u0131 (\u0130HA) muhabirine anlatt\u0131. Y\u00fcksel olaydan b\u00fcy\u00fck bir \u015fa\u015fk\u0131nl\u0131k duyduklar\u0131n\u0131 kaydederek, \u201cBuldan Belediyesi\u2019ne zorluk k\u0131\u015f \u015fartlar\u0131nda yollarda hizmet versin diye bedelsiz olarak Antalya\u2019daki \u015firket merkezimizden Buldan\u2019a t\u0131r ile bir greyder sevk ettik. Greyderi d\u00f6nemin Buldan Belediye Ba\u015fkan\u0131 Mustafa G\u00fclbay ve Fen \u0130\u015fleri M\u00fcd\u00fcr\u00fc\u2019ne teslim ettik. Bu greyder 31 Mart se\u00e7imlerinden sonra taraf\u0131m\u0131za teslim edilecekti. Ancak G\u00fclbay se\u00e7imi kaybedince yeni se\u00e7ilen Belediye Ba\u015fkan\u0131 Mustafa \u015eevik greyderi taraf\u0131m\u0131za teslim etmedi. Bununla ilgili belediye resmi ba\u015fvuru yapmam\u0131za ra\u011fmen herhangi bir cevap alamad\u0131k. Bunun \u00fczerine noter \u00fczerinden ihtarname g\u00f6nderdik. \u0130htara da bir cevap alamamam\u0131z \u00fczerine Buldan Cumhuriyet Savc\u0131l\u0131\u011f\u0131\u2019na konu ile ilgili su\u00e7 duyurusunda bulunduk. \u015eu anda konu yarg\u0131da ve greyderimiz kay\u0131p, ortada yok\u201d diye konu\u015ftu.<\/p>\n<p>\u201cGreyderi \u00f6nceki belediye ba\u015fkan\u0131na verdi\u011fimizden ki\u015fisel duygular\u0131na yenik d\u00fc\u015fm\u00fc\u015ft\u00fcr\u201d<\/p>\n<p>Greyderlere ne oldu\u011fu konusunda da fikir y\u00fcr\u00fcten ve Ba\u015fkan \u015eevik\u2019in olaya duygusal yakla\u015ft\u0131\u011f\u0131 i\u00e7in greyderlerin bir anda ortadan kayboldu\u011funu belirten Y\u00fcksel, \u015funlar\u0131 s\u00f6yledi:<\/p>\n<p>\u201cBenim ki\u015fisel g\u00f6r\u00fc\u015f\u00fcme g\u00f6re mevcut Buldan Belediye Ba\u015fkan\u0131 Mustafa \u015eevik biz greyderi daha \u00f6nceki belediye ba\u015fkan\u0131na verdi\u011fimiz i\u00e7in ki\u015fisel duygular\u0131na yenik d\u00fc\u015fm\u00fc\u015ft\u00fcr greyderi bir yere kald\u0131r\u0131p ve saklam\u0131\u015ft\u0131r. K\u00fc\u00e7\u00fck bir ara\u00e7 de\u011fil ki \u00e7al\u0131ns\u0131n, koskoca bir i\u015f makinesinin \u00e7al\u0131nmas\u0131 imkans\u0131zd\u0131r. Greyder belediye taraf\u0131ndan bilmedi\u011fimiz bir yerde al\u0131konulmu\u015ftur. Maddi de\u011feri 140-150 bin TL aras\u0131nda.\u201d<\/p>\n<p>\u201cSe\u00e7imden sonra bu greyderde kayboldu\u201d<\/p>\n<p>Buldan Belediyesi\u2019ne hibe ettikleri greyderin de ortalarda olmad\u0131\u011f\u0131n\u0131 savunan ve bununda takip\u00e7isi olacaklar\u0131n\u0131 aktaran Y\u00fcksel, \u201cBizim Buldan Belediyesi\u2019ne ayr\u0131ca hibe etti\u011fimiz greyderi de eski belediye ba\u015fkan\u0131 Mustafa G\u00fclbay zaman\u0131nda hibe etmi\u015ftik buna Alanyaz\u0131 Meydan\u0131\u2019nda T\u00fcrk bayra\u011f\u0131 tak\u0131larak sergilenmi\u015fti bir hafta kadar. Ancak se\u00e7imden sonra bu greyderde kayboldu, bu greyderde \u015fuanda ortada yok\u201d dedi.<\/p>\n<p>&#8220;Bu olay bizden \u00f6nceki ba\u015fkan\u0131 ilgilendiren bir konu&#8221;<\/p>\n<p>Konu ile ilgili bilgisine ba\u015fvurulan Buldan Belediye Ba\u015fkan Yard\u0131mc\u0131s\u0131 Mustafa Mustak olay\u0131n kendileri ile ilgili olmad\u0131\u011f\u0131n\u0131 kaydederek, &#8220;Bu olay bizden \u00f6nceki ba\u015fkan\u0131 ilgilendiren bir konu bizi ilgilendiren bir konu de\u011fil. Bizim elimizde ne dozer ne de greyder var&#8221; dedi.<\/p>\n<p>Olay \u00fczerine Y\u00fcksel avukatlar\u0131 arac\u0131l\u0131\u011f\u0131 ile savc\u0131l\u0131\u011fa su\u00e7 duyurusunda bulunurken, yarg\u0131ya intikal eden olayla ilgili ba\u015flat\u0131lan soru\u015fturma devam ediyor.<\/p>\n","protected":false},"excerpt":{"rendered":"<p>ANTALYA MERKEZL\u0130 B\u0130R \u015e\u0130RKET TARAFINDAN DEN\u0130ZL\u0130 BULDAN BELED\u0130YES\u0130\u2019NE B\u0130R\u0130 H\u0130BE ED\u0130LEN B\u0130R D\u0130\u011eER\u0130 DE K\u0130RALANAN GREYDERLER\u0130N ORTADA OLMADI\u011eINI VE KEND\u0130LER\u0130NE BEL\u0130RT\u0130LEN S\u00dcREDE TESL\u0130M ED\u0130LMED\u0130\u011e\u0130N\u0130 \u00d6NE S\u00dcREN \u015e\u0130RKET SAH\u0130B\u0130, KONUYU YARGIYA TA\u015eIDI. 2 GREYDER\u0130N DE B\u0130R ANDA ORTADAN KAYBOLDU\u011eUNU S\u00d6YLEYEN \u015e\u0130RKET SAH\u0130B\u0130 GREYDER\u0130N\u0130 GER\u0130 \u0130ST\u0130YOR.  (AHMET Y\u00dcKSEL)<\/p>\n","protected":false},"author":1,"featured_media":0,"comment_status":"closed","ping_status":"open","sticky":false,"template":"","format":"standard","meta":{"jetpack_post_was_ever_published":false,"_jetpack_newsletter_access":"","_jetpack_dont_email_post_to_subs":false,"_jetpack_newsletter_tier_id":0,"_jetpack_memberships_contains_paywalled_content":false,"_jetpack_memberships_contains_paid_content":false,"footnotes":"","jetpack_publicize_message":"","jetpack_publicize_feature_enabled":true,"jetpack_social_post_already_shared":true,"jetpack_social_options":{"image_generator_settings":{"template":"highway","default_image_id":0,"font":"","enabled":false},"version":2}},"categories":[1],"tags":[1073,37050,134,42153,849,10465],"class_list":["post-173723","post","type-post","status-publish","format-standard","hentry","category-genel","tag-ozel","tag-agirliginda","tag-belediye","tag-greyderleri","tag-kaybetti","tag-tonlarca"],"jetpack_publicize_connections":[],"jetpack_featured_media_url":"","jetpack_sharing_enabled":true,"jetpack_shortlink":"https:\/\/wp.me\/paKIfm-JbZ","_links":{"self":[{"href":"http:\/\/www.tvturk.com\/index.php\/wp-json\/wp\/v2\/posts\/173723","targetHints":{"allow":["GET"]}}],"collection":[{"href":"http:\/\/www.tvturk.com\/index.php\/wp-json\/wp\/v2\/posts"}],"about":[{"href":"http:\/\/www.tvturk.com\/index.php\/wp-json\/wp\/v2\/types\/post"}],"author":[{"embeddable":true,"href":"http:\/\/www.tvturk.com\/index.php\/wp-json\/wp\/v2\/users\/1"}],"replies":[{"embeddable":true,"href":"http:\/\/www.tvturk.com\/index.php\/wp-json\/wp\/v2\/comments?post=173723"}],"version-history":[{"count":0,"href":"http:\/\/www.tvturk.com\/index.php\/wp-json\/wp\/v2\/posts\/173723\/revisions"}],"wp:attachment":[{"href":"http:\/\/www.tvturk.com\/index.php\/wp-json\/wp\/v2\/media?parent=173723"}],"wp:term":[{"taxonomy":"category","embeddable":true,"href":"http:\/\/www.tvturk.com\/index.php\/wp-json\/wp\/v2\/categories?post=173723"},{"taxonomy":"post_tag","embeddable":true,"href":"http:\/\/www.tvturk.com\/index.php\/wp-json\/wp\/v2\/tags?post=173723"}],"curies":[{"name":"wp","href":"https:\/\/api.w.org\/{rel}","templated":true}]}}