{"id":173737,"date":"2019-06-25T12:16:10","date_gmt":"2019-06-25T09:16:10","guid":{"rendered":"http:\/\/www.tvturk.com\/index.php\/iranin-bm-daimi-temsilcisi-ravanchi-sizi-tehdit-eden-biriyle-diyalog-baslatamazsiniz\/"},"modified":"2019-06-25T12:16:10","modified_gmt":"2019-06-25T09:16:10","slug":"iranin-bm-daimi-temsilcisi-ravanchi-sizi-tehdit-eden-biriyle-diyalog-baslatamazsiniz","status":"publish","type":"post","link":"http:\/\/www.tvturk.com\/index.php\/iranin-bm-daimi-temsilcisi-ravanchi-sizi-tehdit-eden-biriyle-diyalog-baslatamazsiniz\/","title":{"rendered":"\u0130ran\u2019\u0131n BM Daimi Temsilcisi Ravanchi: \u201cSizi tehdit eden biriyle diyalog ba\u015flatamazs\u0131n\u0131z\u201d"},"content":{"rendered":"<p>\u0130ran\u2019\u0131n Birle\u015fmi\u015f Milletler Daimi Temsilcisi Majid Takht Ravanchi, ABD\u2019nin diyalog \u00e7a\u011fr\u0131s\u0131na ili\u015fkin, \u201cSizi tehdit eden, sizi korkutacak biriyle diyalog ba\u015flatamazs\u0131n\u0131z\u201d dedi.<\/p>\n<p>\u0130ran\u2019\u0131n Birle\u015fmi\u015f Milletler (BM) Daimi Temsilcisi Majid Takht Ravanchi, BM G\u00fcvenlik Konseyi\u2019nde (BMGK) ABD\u2019nin talebi \u00fczerine yap\u0131lan \u0130ran konusundaki kapal\u0131 oturum s\u0131ras\u0131nda gazetecilere a\u00e7\u0131klama yapt\u0131. Ravanchi, ABD ile diyalogun \u015fu anda m\u00fcmk\u00fcn olmad\u0131\u011f\u0131n\u0131 belirterek, \u201cSizi tehdit eden, sizi korkutacak biriyle diyalog ba\u015flatamazs\u0131n\u0131z\u201d dedi. Trump y\u00f6netimi taraf\u0131ndan \u0130ran\u2019a kar\u015f\u0131 ba\u015flat\u0131lan yeni yapt\u0131r\u0131mlar\u0131 k\u0131nayan Ravanchi, \u201cBug\u00fcn ABD\u2019nin \u0130ran\u2019a daha fazla yapt\u0131r\u0131m uygulama karar\u0131, ABD\u2019nin uluslararas\u0131 hukuka ve uluslararas\u0131 toplumun ezici \u00e7o\u011funlu\u011funun g\u00f6r\u00fc\u015flerine sayg\u0131 duymad\u0131\u011f\u0131n\u0131n bir ba\u015fka g\u00f6stergesidir\u201d ifadelerini kulland\u0131.<\/p>\n<p>ABD\u2019nin BM Daimi Temsilci Yard\u0131mc\u0131s\u0131 Jonathan Cohen de BMGK oturumu s\u0131ras\u0131nda bas\u0131n toplant\u0131s\u0131 d\u00fczenledi. Uluslararas\u0131 toplumu \u0130ran\u2019\u0131n yasa d\u0131\u015f\u0131 eylemlerini \u00f6nlemeye \u00e7a\u011f\u0131ran Cohen, \u201cBir \u00fclke, yaln\u0131zca u\u00e7u\u015f bilgi b\u00f6lgesinde oldu\u011fu i\u00e7in bir u\u00e7a\u011f\u0131 vurabilirse, G\u00fcvenlik Konseyi ve t\u00fcm \u00fclkeler k\u00fcresel hava yolculu\u011funun gelece\u011fini hayal etmelidir. Bunun sonucu olarak d\u00fcnyan\u0131n d\u00f6rt bir yan\u0131ndan gelen hava ta\u015f\u0131y\u0131c\u0131lar\u0131n\u0131n, \u0130ran\u2019\u0131n u\u00e7u\u015f bilgi b\u00f6lgesine girmekten ka\u00e7\u0131nd\u0131\u011f\u0131n\u0131 g\u00f6rd\u00fck. \u0130ran bu sald\u0131r\u0131lar\u0131n kabul edilemez oldu\u011funu anlamal\u0131. D\u00fcnyan\u0131n bizim s\u00f6ylediklerimize kat\u0131lma zaman\u0131 geldi\u201d dedi.<\/p>\n<p>\u201c\u0130ran, diplomasi ile tan\u0131\u015fmal\u0131\u201d<\/p>\n<p>Cohen, \u201cDrone\u2019nun u\u00e7u\u015f g\u00fczergah\u0131n\u0131n ve konumunun koordinatlar\u0131, u\u00e7a\u011f\u0131 \u0130ran hava sahas\u0131na girmedi\u011fini netle\u015ftiriyor. \u0130ran\u2019\u0131n bunun aksini iddia etmesi yanl\u0131\u015ft\u0131r ve bu ABD u\u00e7a\u011f\u0131n\u0131n \u0130ran\u2019\u0131n u\u00e7u\u015f bilgi b\u00f6lgesinde oldu\u011fu iddias\u0131na dayanmaktad\u0131r. Ancak, bir \u00fclkenin u\u00e7u\u015f bilgi b\u00f6lgesi hava sahas\u0131yla ayn\u0131 de\u011fildir. U\u00e7u\u015f bilgi b\u00f6lgesi daha da geni\u015ftir\u201d diye konu\u015ftu. \u0130ran\u2019\u0131n g\u00f6r\u00fc\u015fme i\u00e7in yeniden masaya oturmas\u0131 gerekti\u011fini s\u00f6yleyen Cohen, \u201c\u0130ran, iki hafta \u00f6nce s\u00f6yledi\u011fim gibi, diplomasi ile tan\u0131\u015fmal\u0131\u201d dedi.<\/p>\n<p>BMGK\u2019n\u0131n Haziran Ay\u0131 D\u00f6nem Ba\u015fkan\u0131 Kuveyt\u2019in BM Daimi Temsilcisi Mansour el Otaibi oturumun sonunda, ortak bildiriyi okudu. Ortak bildiride, petrol tankerlerine yap\u0131lan sald\u0131r\u0131lar\u0131 k\u0131nayan BMGK, \u0130ran\u2019a y\u00f6nelik bir k\u0131nama yapmad\u0131.<\/p>\n<p>Almanya\u2019n\u0131n BM Daimi Temsilcisi Christoph Heusgen, gerginli\u011fin azalt\u0131lmas\u0131 \u00e7a\u011fr\u0131s\u0131nda bulunan Almanya-\u0130ngiltere ve Fransa\u2019n\u0131n ortak a\u00e7\u0131klamas\u0131n\u0131 okudu. Heusgen, \u201cBu geli\u015fmeler yanl\u0131\u015f hesaplama ve \u00e7at\u0131\u015fma riskini do\u011furuyor. Uluslararas\u0131 kanunlar\u0131 tam sayg\u0131 \u00e7er\u00e7evesinde, gerginli\u011fi azaltma ve diyalog \u00e7a\u011fr\u0131s\u0131 yap\u0131yoruz\u201d dedi.<\/p>\n","protected":false},"excerpt":{"rendered":"<p>\u0130RAN&#8217;IN B\u0130RLE\u015eM\u0130\u015e M\u0130LLETLER DA\u0130M\u0130 TEMS\u0130LC\u0130S\u0130 MAJ\u0130D TAKHT RAVANCH\u0130, ABD\u2019N\u0130N D\u0130YALOG \u00c7A\u011eRISINA \u0130L\u0130\u015eK\u0130N, \u201cS\u0130Z\u0130 TEHD\u0130T EDEN, S\u0130Z\u0130 KORKUTACAK B\u0130R\u0130YLE D\u0130YALOG BA\u015eLATAMAZSINIZ\u201d DED\u0130.<\/p>\n","protected":false},"author":1,"featured_media":0,"comment_status":"closed","ping_status":"open","sticky":false,"template":"","format":"standard","meta":{"jetpack_post_was_ever_published":false,"_jetpack_newsletter_access":"","_jetpack_dont_email_post_to_subs":false,"_jetpack_newsletter_tier_id":0,"_jetpack_memberships_contains_paywalled_content":false,"_jetpack_memberships_contains_paid_content":false,"footnotes":"","jetpack_publicize_message":"","jetpack_publicize_feature_enabled":true,"jetpack_social_post_already_shared":true,"jetpack_social_options":{"image_generator_settings":{"template":"highway","default_image_id":0,"font":"","enabled":false},"version":2}},"categories":[10],"tags":[19481,34115,42164,42163,26486,1016,2393,42162,8054,6048],"class_list":["post-173737","post","type-post","status-publish","format-standard","hentry","category-dunya","tag-iranin","tag-sizi","tag-baslatamazsiniz","tag-biriyle","tag-daimi","tag-diyalog","tag-eden","tag-ravanchi","tag-tehdit","tag-temsilcisi"],"jetpack_publicize_connections":[],"jetpack_featured_media_url":"","jetpack_sharing_enabled":true,"jetpack_shortlink":"https:\/\/wp.me\/paKIfm-Jcd","_links":{"self":[{"href":"http:\/\/www.tvturk.com\/index.php\/wp-json\/wp\/v2\/posts\/173737","targetHints":{"allow":["GET"]}}],"collection":[{"href":"http:\/\/www.tvturk.com\/index.php\/wp-json\/wp\/v2\/posts"}],"about":[{"href":"http:\/\/www.tvturk.com\/index.php\/wp-json\/wp\/v2\/types\/post"}],"author":[{"embeddable":true,"href":"http:\/\/www.tvturk.com\/index.php\/wp-json\/wp\/v2\/users\/1"}],"replies":[{"embeddable":true,"href":"http:\/\/www.tvturk.com\/index.php\/wp-json\/wp\/v2\/comments?post=173737"}],"version-history":[{"count":0,"href":"http:\/\/www.tvturk.com\/index.php\/wp-json\/wp\/v2\/posts\/173737\/revisions"}],"wp:attachment":[{"href":"http:\/\/www.tvturk.com\/index.php\/wp-json\/wp\/v2\/media?parent=173737"}],"wp:term":[{"taxonomy":"category","embeddable":true,"href":"http:\/\/www.tvturk.com\/index.php\/wp-json\/wp\/v2\/categories?post=173737"},{"taxonomy":"post_tag","embeddable":true,"href":"http:\/\/www.tvturk.com\/index.php\/wp-json\/wp\/v2\/tags?post=173737"}],"curies":[{"name":"wp","href":"https:\/\/api.w.org\/{rel}","templated":true}]}}