{"id":173745,"date":"2019-06-25T12:16:42","date_gmt":"2019-06-25T09:16:42","guid":{"rendered":"http:\/\/www.tvturk.com\/index.php\/meke-golu-ve-aci-golun-jeopark-alani-olarak-tescillenmesi-calismalari\/"},"modified":"2019-06-25T12:16:42","modified_gmt":"2019-06-25T09:16:42","slug":"meke-golu-ve-aci-golun-jeopark-alani-olarak-tescillenmesi-calismalari","status":"publish","type":"post","link":"http:\/\/www.tvturk.com\/index.php\/meke-golu-ve-aci-golun-jeopark-alani-olarak-tescillenmesi-calismalari\/","title":{"rendered":"Meke G\u00f6l\u00fc ve Ac\u0131 G\u00f6l\u2019\u00fcn jeopark alan\u0131 olarak tescillenmesi \u00e7al\u0131\u015fmalar\u0131"},"content":{"rendered":"<p>Konya\u2019n\u0131n Karap\u0131nar il\u00e7esinde volkanik patlama sonucu olu\u015fan ve tarihi bir jeolojik miras olarak de\u011ferlendirilen Meke G\u00f6l\u00fc ve Ac\u0131 G\u00f6l Maar\u0131\u2019n\u0131n i\u00e7erisinde bulundu\u011fu alan\u0131n jeopark olarak tescillenmesi \u00e7al\u0131\u015fmalar\u0131 s\u00fcr\u00fcyor. \u00c7evre ve \u015eehircilik Bakanl\u0131\u011f\u0131nca tescillenmi\u015f T\u00fcrkiye\u2019nin ilk jeoparklar\u0131ndan olacak bu alan\u0131n, k\u00fcresel jeopark a\u011f\u0131na dahil edilmesi ve uluslararas\u0131 d\u00fczeyde tan\u0131t\u0131m\u0131n\u0131n sa\u011flanmas\u0131 i\u00e7in UNESCO\u2019ya ba\u015fvuru yap\u0131lacak.<\/p>\n<p>Konya\u2019n\u0131n Karap\u0131nar il\u00e7esi s\u0131n\u0131rlar\u0131 i\u00e7inde yer alan volkanik maar g\u00f6l\u00fc olan Ac\u0131 G\u00f6l, Meke Krater G\u00f6l\u00fc\u2019n\u00fcn kuzeydo\u011fusunda yer al\u0131yor. Karap\u0131nar-Ere\u011fli yolunun 8. kilometresinde bulunan, Karacada\u011f\u2019\u0131n g\u00fcneydo\u011fu kenar\u0131nda volkanik patlama sonucu 5 milyon y\u0131l \u00f6nce meydana gelen kraterin zamanla suyla dolmas\u0131yla olu\u015fan Meke G\u00f6l\u00fc, manzaras\u0131yla g\u00f6renleri kendine hayran b\u0131rak\u0131yor. G\u00f6l k\u0131y\u0131lar\u0131 olduk\u00e7a dik ve magnezyum s\u00fclfattan dolay\u0131 sular\u0131 ac\u0131 ve tuzlu olmas\u0131 nedeniyle mikroskobik g\u00f6l\u00fcn i\u00e7inde canl\u0131 ya\u015fam\u0131yor.<\/p>\n<p>Foto\u011fraf ve do\u011fa tutkunlar\u0131na her mevsim ayr\u0131 g\u00fczellikler sunan b\u00f6lgede, g\u00f6l ve obruklar i\u00e7in UNESCO K\u00fcresel Jeopark A\u011f\u0131\u2019na kazand\u0131r\u0131lmas\u0131 i\u00e7in \u00e7al\u0131\u015fma sonu\u00e7 verdi\u011fini belirten Konya Teknik \u00dcniversitesi Jeoloji M\u00fchendisli\u011fi B\u00f6l\u00fcm\u00fc \u00d6\u011fretim \u00dcyesi ve Jeoloji M\u00fchendisleri Odas\u0131 Konya \u015eube Ba\u015fkan\u0131 Prof. Dr. Fetullah Ar\u0131k, &#8220;Ac\u0131 G\u00f6l\u2019\u00fcn ve Meke G\u00f6l\u00fc\u2019n\u00fcn jeolojik bir miras alan\u0131 taraf\u0131m\u0131zdan onayl\u0131d\u0131r. \u00c7evre ve \u015eehircilik Bakanl\u0131\u011f\u0131m\u0131zla g\u00f6r\u00fc\u015fmelerimiz devam ediyor. Amac\u0131m\u0131z ise d\u00fcnyada baz\u0131 jeolojik miras alanlar\u0131 ve \u00f6nemli yap\u0131lar\u0131n oldu\u011fu b\u00f6lgelerde yap\u0131lacak olan \u00e7al\u0131\u015fmalar sayesinde UNESCO taraf\u0131ndan tescillenmi\u015f noktalar olarak g\u00f6zlenir ve bu alanlar her y\u0131l turizme a\u00e7\u0131lmas\u0131. Y\u00f6renin ko\u015fullar\u0131na g\u00f6re \u00e7al\u0131\u015f\u0131lmas\u0131, herhangi bir de\u011fi\u015fikli\u011fe izin verilmez ama do\u011fa \u015fekli oldu\u011fu gibi korunmas\u0131 ve insanlar\u0131n gezecekleri, tan\u0131yacaklar\u0131 yerlerin olmas\u0131 yeterli olacakt\u0131r&#8221; dedi.<\/p>\n<p>Prof. Dr. Ar\u0131k, Ac\u0131 G\u00f6l\u2019\u00fcn de Meke G\u00f6l\u00fc gibi bir maar g\u00f6l\u00fc oldu\u011funu kaydederek, &#8220;Orada Karacada\u011flar\u0131n son evreminin baz\u0131 volkanik \u00e7\u0131k\u0131\u015flar\u0131 var. Bu volkanik \u00e7\u0131k\u0131\u015flardan bir tanesi ise Ac\u0131 G\u00f6l. Ac\u0131 G\u00f6l\u2019\u00fcn oldu\u011fu yerdeki nar g\u00f6l\u00fcn\u00fcn \u00e7\u00f6kmesiyle daha sonra Meke gibi ikinci bir patlama olmad\u0131\u011f\u0131 i\u00e7in b\u00fcy\u00fck\u00e7e bir g\u00f6l \u015feklinde kald\u0131. Dolays\u0131yla Ac\u0131 G\u00f6l\u2019de g\u00f6rd\u00fc\u011f\u00fcm\u00fcz g\u00f6r\u00fcnt\u00fcy\u00fc Meke de g\u00f6remiyoruz. Suyun \u00f6zelli\u011fi ise genellikle tuzlu ac\u0131 su olarak tan\u0131mlad\u0131\u011f\u0131m\u0131z bir suya sahip. \u0130\u00e7erisinde bal\u0131k ve di\u011fer canl\u0131lar\u0131n ya\u015famas\u0131na fazla izin vermiyor, i\u00e7erisinde mikroorganizmalar ya\u015f\u0131yor. G\u00f6l\u00fcn kenar\u0131nda karbonat olu\u015fumlar\u0131 var. Yosunlar\u0131n oldu\u011fu b\u00f6lgede h\u0131zl\u0131 bir \u015fekilde platformlar \u015feklinde karbonat olu\u015fuyor. Genellikle bu t\u00fcr sular\u0131n v\u00fccuda iyi geldi\u011fi s\u00f6yleniyor ama bunun detayl\u0131 bir ara\u015ft\u0131rma yap\u0131lmas\u0131 gerekiyor. Ac\u0131 G\u00f6l\u2019\u00fcn suyu tuzlu su&#8221; diye konu\u015ftu.<\/p>\n<p>Prof. Dr. Fetullah Ar\u0131k, suyun derinli\u011finin 80 metre oldu\u011funu ifade ederek vatanda\u015flara g\u00f6le girmemeleri tavsiyesinde de bulundu.<\/p>\n","protected":false},"excerpt":{"rendered":"<p>KONYA\u2019NIN KARAPINAR \u0130L\u00c7ES\u0130NDE VOLKAN\u0130K PATLAMA SONUCU OLU\u015eAN VE TAR\u0130H\u0130 B\u0130R JEOLOJ\u0130K M\u0130RAS OLARAK DE\u011eERLEND\u0130R\u0130LEN MEKE G\u00d6L\u00dc VE ACI G\u00d6L MAARI\u2019NIN \u0130\u00c7ER\u0130S\u0130NDE BULUNDU\u011eU ALANIN JEOPARK OLARAK TESC\u0130LLENMES\u0130 \u00c7ALI\u015eMALARI S\u00dcR\u00dcYOR.<\/p>\n","protected":false},"author":1,"featured_media":0,"comment_status":"closed","ping_status":"open","sticky":false,"template":"","format":"standard","meta":{"jetpack_post_was_ever_published":false,"_jetpack_newsletter_access":"","_jetpack_dont_email_post_to_subs":false,"_jetpack_newsletter_tier_id":0,"_jetpack_memberships_contains_paywalled_content":false,"_jetpack_memberships_contains_paid_content":false,"footnotes":"","jetpack_publicize_message":"","jetpack_publicize_feature_enabled":true,"jetpack_social_post_already_shared":true,"jetpack_social_options":{"image_generator_settings":{"template":"highway","default_image_id":0,"font":"","enabled":false},"version":2}},"categories":[1],"tags":[872,3386,310,3247,20725,22765,39661,5030,42166],"class_list":["post-173745","post","type-post","status-publish","format-standard","hentry","category-genel","tag-aci","tag-alani","tag-calismalari","tag-golu","tag-golun","tag-jeopark","tag-meke","tag-olarak","tag-tescillenmesi"],"jetpack_publicize_connections":[],"jetpack_featured_media_url":"","jetpack_sharing_enabled":true,"jetpack_shortlink":"https:\/\/wp.me\/paKIfm-Jcl","_links":{"self":[{"href":"http:\/\/www.tvturk.com\/index.php\/wp-json\/wp\/v2\/posts\/173745","targetHints":{"allow":["GET"]}}],"collection":[{"href":"http:\/\/www.tvturk.com\/index.php\/wp-json\/wp\/v2\/posts"}],"about":[{"href":"http:\/\/www.tvturk.com\/index.php\/wp-json\/wp\/v2\/types\/post"}],"author":[{"embeddable":true,"href":"http:\/\/www.tvturk.com\/index.php\/wp-json\/wp\/v2\/users\/1"}],"replies":[{"embeddable":true,"href":"http:\/\/www.tvturk.com\/index.php\/wp-json\/wp\/v2\/comments?post=173745"}],"version-history":[{"count":0,"href":"http:\/\/www.tvturk.com\/index.php\/wp-json\/wp\/v2\/posts\/173745\/revisions"}],"wp:attachment":[{"href":"http:\/\/www.tvturk.com\/index.php\/wp-json\/wp\/v2\/media?parent=173745"}],"wp:term":[{"taxonomy":"category","embeddable":true,"href":"http:\/\/www.tvturk.com\/index.php\/wp-json\/wp\/v2\/categories?post=173745"},{"taxonomy":"post_tag","embeddable":true,"href":"http:\/\/www.tvturk.com\/index.php\/wp-json\/wp\/v2\/tags?post=173745"}],"curies":[{"name":"wp","href":"https:\/\/api.w.org\/{rel}","templated":true}]}}