{"id":173747,"date":"2019-06-25T12:16:46","date_gmt":"2019-06-25T09:16:46","guid":{"rendered":"http:\/\/www.tvturk.com\/index.php\/bosaltilan-mahallede-tek-basina-yasam\/"},"modified":"2019-06-25T12:16:46","modified_gmt":"2019-06-25T09:16:46","slug":"bosaltilan-mahallede-tek-basina-yasam","status":"publish","type":"post","link":"http:\/\/www.tvturk.com\/index.php\/bosaltilan-mahallede-tek-basina-yasam\/","title":{"rendered":"Bo\u015falt\u0131lan mahallede tek ba\u015f\u0131na ya\u015fam"},"content":{"rendered":"<p>Gaziantep\u2019in O\u011fuzeli il\u00e7esinin 17 kilometre g\u00fcneyindeki Sac\u0131r Suyu \u00fczerinde yap\u0131lan ve bu y\u0131l Aral\u0131k ay\u0131nda su tutumunun yap\u0131ld\u0131\u011f\u0131 Do\u011fanp\u0131nar Baraj\u0131\u2019n\u0131n su seviyesinin y\u00fckselmesinin ard\u0131ndan bir k\u0131sm\u0131n\u0131n sular alt\u0131nda kalmas\u0131n\u0131n ard\u0131ndan tamamen bo\u015falt\u0131lan Ka\u015fyolu Mahallesi\u2019nde sadece Fatma ve Halaf Kanu\u015fa\u011f\u0131 \u00e7ifti, mahallede yaln\u0131z kald\u0131. Evi sular alt\u0131nda kalmas\u0131 an meselesi olan \u00e7ift, bir k\u0131sm\u0131 su alt\u0131nda kalan di\u011fer k\u0131sm\u0131 da y\u0131k\u0131lan mahallede ya\u015fam s\u00fcr\u00fcyor.<\/p>\n<p>DS\u0130 taraf\u0131ndan yap\u0131m\u0131na 2013 y\u0131l\u0131nda ba\u015flan\u0131lan ve b\u00f6lgedeki 16 mahallenin arazilerinin sulanaca\u011f\u0131 Do\u011fanp\u0131nar Baraj\u0131\u2019nda Aral\u0131k ay\u0131nda su tutumuna ba\u015flan\u0131ld\u0131. K\u0131\u015f aylar\u0131nda ya\u011f\u0131\u015f\u0131n bol olmas\u0131yla birlikte baraj seviyesinde y\u00fckselme oldu. 80 bin dekar arazinin sulanmas\u0131n\u0131n sa\u011flanaca\u011f\u0131 baraj\u0131n su seviyesinin y\u00fckselmesiyle b\u00f6lgedeki 3 mahalle bo\u015falt\u0131ld\u0131.<\/p>\n<p>Mahalleli g\u00f6sterilen yeni evlerine ta\u015f\u0131nd\u0131<\/p>\n<p>Bo\u015falt\u0131lan Ka\u015fyolu Mahallesi\u2019ndeki evlerin bir k\u0131sm\u0131 su alt\u0131nda kal\u0131rken, di\u011fer k\u0131sm\u0131n\u0131n ise y\u0131k\u0131m\u0131 ger\u00e7ekle\u015ftirildi. Terk edilen mahalle mart\u0131 ve karabataklar\u0131n yuvas\u0131 haline gelirken, mahallede ya\u015fayanlar ise verilen istimlak bedelleri ile devletin baraj\u0131n yak\u0131n\u0131nda g\u00f6sterdi\u011fi arazilerde yeni yapt\u0131klar\u0131 evlerine yerle\u015fti. Harabe ve viran bir g\u00f6r\u00fcn\u00fcme sahip<\/p>\n<p>\u0130stimlak bedeli i\u00e7in karde\u015fleri ile mahkemelik oldu<\/p>\n<p>Harabe ve viran bir g\u00f6r\u00fcn\u00fcme sahip mahallede ya\u015fayan Fatma ve Halaf Konu\u015fa\u011f\u0131 \u00e7ifti ise ta\u015fan baraj sular\u0131n\u0131n kap\u0131lar\u0131na dayanmas\u0131na ra\u011fmen mahalleyi terk edemedi. Halaf Konu\u015fa\u011f\u0131\u2019n\u0131n 7 k\u0131z karde\u015fi de babalar\u0131ndan kalan arazinin istimlak edilmesi nedeniyle \u00f6denecek paradan pay istedi. Karde\u015fleri ile istimlak bedeli nedeniyle mahkemelik olan Halaf Konu\u015fa\u011f\u0131, 2 y\u0131ld\u0131r s\u00fcren mahkemenin sonu\u00e7lanmamas\u0131 nedeniyle paray\u0131 alamad\u0131. \u0130stimlak bedelini alamad\u0131\u011f\u0131 i\u00e7in yeni bir ev yapamayan \u00e7ift, evlerinin her an su alt\u0131nda kalma riskine ra\u011fmen mahallede tek ba\u015f\u0131na ya\u015f\u0131yor.<\/p>\n<p>Davan\u0131n uzad\u0131k\u00e7a uzad\u0131\u011f\u0131n\u0131 belirten 5 \u00e7ocuk babas\u0131 Halaf Kanu\u015fa\u011f\u0131, son davan\u0131n ise 4 ay sonraya ertelendi\u011fini ifade etti.<\/p>\n<p>&#8220;Burada ya\u015famaktan korkuyoruz&#8221;<\/p>\n<p>Mahallede tek ba\u015flar\u0131na ya\u015famakta \u00e7ok zorland\u0131klar\u0131n\u0131 anlatan Halaf Konu\u015fa\u011f\u0131, can g\u00fcvenliklerinin de olmad\u0131\u011f\u0131n\u0131 vurgulayarak, &#8220;\u015euanda devletin bana vermi\u015f oldu\u011fu araziye ev yapt\u0131racak param yok. K\u00f6yde bir tek ben kalm\u0131\u015f\u0131m. Her taraf y\u0131k\u0131ld\u0131, gece oldu\u011fu zaman h\u0131rs\u0131zlar geliyor. Biz burada korkuyoruz. Yaz oldu\u011fundan dolay\u0131 su seviyesi bah\u00e7e duvar\u0131m\u0131n dibinde k\u0131\u015f geldi\u011fi zaman su, benim evime kadar gelecek. Mahkememizin bir an evvel sonu\u00e7lanmas\u0131n\u0131 istiyoruz. Maddi durumum olmad\u0131\u011f\u0131 i\u00e7in de k\u00f6yden \u00e7\u0131kam\u0131yorum. Mahkemenin arsama ne kadar para verece\u011fini de bilmiyorum\u201d dedi.<\/p>\n<p>\u201cPsikolojimiz bozuldu\u201d<\/p>\n<p>K\u0131rsal mahallede yaln\u0131z kald\u0131klar\u0131 i\u00e7in psikolojilerinin bozuldu\u011funu belirten Fatma Kanu\u015fa\u011f\u0131 ise, \u201cG\u00f6rd\u00fc\u011f\u00fcn\u00fcz gibi k\u00f6y\u00fcm\u00fcz harabe oldu. Burada bir tek biz kald\u0131k. Bizim psikolojimiz bozuldu. Gidecek yerimiz yok. Suyun her y\u00fckselmesinde psikolojimiz daha bozuk oluyor. K\u0131\u015f\u0131n su seviyesi bah\u00e7emize dayand\u0131, k\u0131\u015f\u0131n da herhalde su bizi i\u00e7ine al\u0131r. Arsam\u0131z var ama paras\u0131zl\u0131ktan dolay\u0131 evimizi yapam\u0131yoruz. E\u015fimin k\u0131z karde\u015fleri bizi mahkemeye verdiler. Yerimiz k\u00f6y bo\u015flu\u011fu ama dava uzuyor, mahkemeye uzuyor. 4 ay sonra duru\u015fma olacak. K\u0131\u015f\u0131n para al\u0131nacak m\u0131? Al\u0131nmayacak m\u0131? Bilmiyoruz. Mahkemenin bir an \u00f6nce sonuca kavu\u015fmas\u0131n\u0131 istiyoruz\u201d diye konu\u015ftu.<\/p>\n<p>\u00c7ift, t\u00fcm zorluklara ra\u011fmen babadan kalma evlerinde t\u00fcm olumsuzluklara inat ya\u015famlar\u0131n\u0131 s\u00fcrd\u00fcr\u00fcrken, mahkemeden ise s\u0131k\u0131nt\u0131lar\u0131n\u0131 hafifletecek bir karar \u00e7\u0131kmas\u0131n\u0131 bekliyor.<\/p>\n","protected":false},"excerpt":{"rendered":"<p>DEVLET SU \u0130\u015eLER\u0130 TARAFINDAN O\u011eUZEL\u0130\u2019N\u0130N 17 K\u0130LOMETRE G\u00dcNEY\u0130NDE SACIR SUYU \u00dcZER\u0130NDE YAPILAN VE BU YIL ARALIK AYINDA SU TUTUMUNUN YAPILDI\u011eI DO\u011eANPINAR BARAJI\u2019NIN SU SEV\u0130YES\u0130N\u0130N Y\u00dcKSELMES\u0130N\u0130N ARDINDAN B\u0130R KISMININ SULAR ALTINDA KALMASIYLA BO\u015eALTILAN KA\u015eYOLU MAHALLES\u0130\u2019NDE, FATMA VE HALAF KANU\u015eA\u011eI \u00c7\u0130FT\u0130, KEND\u0130LER\u0130NE VER\u0130LEN ARSAYA EV YAPTIRAMADIKLARI \u0130\u00c7\u0130N MAHALLEDE YALNIZ KALDI.<\/p>\n","protected":false},"author":1,"featured_media":0,"comment_status":"closed","ping_status":"open","sticky":false,"template":"","format":"standard","meta":{"jetpack_post_was_ever_published":false,"_jetpack_newsletter_access":"","_jetpack_dont_email_post_to_subs":false,"_jetpack_newsletter_tier_id":0,"_jetpack_memberships_contains_paywalled_content":false,"_jetpack_memberships_contains_paid_content":false,"footnotes":"","jetpack_publicize_message":"","jetpack_publicize_feature_enabled":true,"jetpack_social_post_already_shared":true,"jetpack_social_options":{"image_generator_settings":{"template":"highway","default_image_id":0,"font":"","enabled":false},"version":2}},"categories":[1],"tags":[5684,8253,2139,366,294],"class_list":["post-173747","post","type-post","status-publish","format-standard","hentry","category-genel","tag-basina","tag-bosaltilan","tag-mahallede","tag-tek","tag-yasam"],"jetpack_publicize_connections":[],"jetpack_featured_media_url":"","jetpack_sharing_enabled":true,"jetpack_shortlink":"https:\/\/wp.me\/paKIfm-Jcn","_links":{"self":[{"href":"http:\/\/www.tvturk.com\/index.php\/wp-json\/wp\/v2\/posts\/173747","targetHints":{"allow":["GET"]}}],"collection":[{"href":"http:\/\/www.tvturk.com\/index.php\/wp-json\/wp\/v2\/posts"}],"about":[{"href":"http:\/\/www.tvturk.com\/index.php\/wp-json\/wp\/v2\/types\/post"}],"author":[{"embeddable":true,"href":"http:\/\/www.tvturk.com\/index.php\/wp-json\/wp\/v2\/users\/1"}],"replies":[{"embeddable":true,"href":"http:\/\/www.tvturk.com\/index.php\/wp-json\/wp\/v2\/comments?post=173747"}],"version-history":[{"count":0,"href":"http:\/\/www.tvturk.com\/index.php\/wp-json\/wp\/v2\/posts\/173747\/revisions"}],"wp:attachment":[{"href":"http:\/\/www.tvturk.com\/index.php\/wp-json\/wp\/v2\/media?parent=173747"}],"wp:term":[{"taxonomy":"category","embeddable":true,"href":"http:\/\/www.tvturk.com\/index.php\/wp-json\/wp\/v2\/categories?post=173747"},{"taxonomy":"post_tag","embeddable":true,"href":"http:\/\/www.tvturk.com\/index.php\/wp-json\/wp\/v2\/tags?post=173747"}],"curies":[{"name":"wp","href":"https:\/\/api.w.org\/{rel}","templated":true}]}}