{"id":173787,"date":"2019-06-25T13:31:47","date_gmt":"2019-06-25T10:31:47","guid":{"rendered":"http:\/\/www.tvturk.com\/index.php\/kosovali-belediye-baskanlari-kucukcekmecede\/"},"modified":"2019-06-25T13:31:47","modified_gmt":"2019-06-25T10:31:47","slug":"kosovali-belediye-baskanlari-kucukcekmecede","status":"publish","type":"post","link":"http:\/\/www.tvturk.com\/index.php\/kosovali-belediye-baskanlari-kucukcekmecede\/","title":{"rendered":"Kosoval\u0131 belediye ba\u015fkanlar\u0131, K\u00fc\u00e7\u00fck\u00e7ekmece\u2019de"},"content":{"rendered":"<p>Kosova\u2019dan gelen Belediyeler Birli\u011fi Heyeti, T\u00fcrkiye\u2019nin ye\u015fil sertifikal\u0131 kamu binas\u0131 olan K\u00fc\u00e7\u00fck\u00e7ekmece Belediyesi Binas\u0131\u2019n\u0131 ziyaret ederek, teknik incelemelerde bulundu.<\/p>\n<p>At\u0131k y\u00f6netimi ve enerji verimlili\u011fi ile ilgili temaslarda bulunmak ve belediyeler aras\u0131 ili\u015fkileri g\u00fc\u00e7lendirmek amac\u0131yla Kosova\u2019dan T\u00fcrkiye\u2019ye gelen 26 belediye ba\u015fkan\u0131 beraberindeki belediyeler birli\u011fi temsilcileri K\u00fc\u00e7\u00fck\u00e7ekmece Belediyesi\u2019ni de ziyaret etti. Heyete, K\u00fc\u00e7\u00fck\u00e7ekmece Belediye Ba\u015fkan\u0131 Kemal \u00c7ebi ve Ba\u015fkan Yard\u0131mc\u0131s\u0131 S\u00fcleyman Gevezo\u011flu ev sahipli\u011fi yapt\u0131.<\/p>\n<p>Ba\u015fkan \u00c7ebi ye\u015fil binay\u0131 anlatt\u0131<\/p>\n<p>K\u00fc\u00e7\u00fck\u00e7ekmece Belediye Ba\u015fkan\u0131 Kemal \u00c7ebi, ziyaretten duydu\u011fu memnuniyeti dile getirerek, \u201c Belediye binam\u0131z 5 y\u0131ll\u0131k bir bina. Ak\u0131ll\u0131, ye\u015fil bir bina. \u00dclkemizde bu alanda \u00f6d\u00fcll\u00fc tek bina olma \u00f6zelli\u011fine sahip. Kendi enerjisini kendisi \u00fcretiyor ve izolasyon, \u0131s\u0131 yal\u0131t\u0131m\u0131, \u0131\u015f\u0131k kullan\u0131m\u0131, enerji \u00fcretimi ile ilgili ciddi bir altyap\u0131ya dayan\u0131yor. Bina, \u00e7evreye duyarl\u0131l\u0131\u011f\u0131, do\u011fal kaynaklar\u0131n ak\u0131ll\u0131ca kullan\u0131m\u0131 ve ye\u015fil \u00e7at\u0131 \u00f6zellikleri ile dikkat \u00e7ekiyor\u201d diye konu\u015ftu.<\/p>\n<p>\u201c\u00d6rnek oldunuz\u201d<\/p>\n<p>Kosova Belediyeler Birli\u011fi Ba\u015fkan\u0131 Agim Veliu, Ba\u015fkan \u00c7ebi\u2019ye te\u015fekk\u00fcr ederek, \u201c Bizlerle bilgi ve tecr\u00fcbelerinizi payla\u015ft\u0131\u011f\u0131n\u0131z i\u00e7in te\u015fekk\u00fcr ederiz. Bu tecr\u00fcbeleri kendi memleketimizde de\u011ferlendirmek istiyoruz. Ayn\u0131 zamanda belediyelerle ili\u015fkilerimizi geli\u015ftirmeyi de ama\u00e7l\u0131yoruz. Yaln\u0131zca yap\u0131lar de\u011fil d\u00fcn ger\u00e7ekle\u015fen \u0130stanbul B\u00fcy\u00fck\u015fehir Belediye se\u00e7imlerinin s\u00fckunet i\u00e7erisinde ger\u00e7ekle\u015fmesi bizler i\u00e7in \u00f6rnek olmu\u015ftur. Hay\u0131rl\u0131 olmas\u0131n\u0131 diliyoruz\u201d dedi.  Agim Veliu, Ba\u015fkan \u00c7ebi\u2019yi Kosova\u2019ya davet ederek, plaket takdiminde bulundu.<\/p>\n<p>Ard\u0131ndan heyet, belediye binas\u0131 gezerek, teknik incelemelerde bulundu.<\/p>\n","protected":false},"excerpt":{"rendered":"<p>KOSOVA\u2019DAN GELEN BELED\u0130YELER B\u0130RL\u0130\u011e\u0130 HEYET\u0130, T\u00dcRK\u0130YE\u2019N\u0130N YE\u015e\u0130L SERT\u0130F\u0130KALI KAMU B\u0130NASI OLAN K\u00dc\u00c7\u00dcK\u00c7EKMECE BELED\u0130YES\u0130 B\u0130NASI\u2019NI Z\u0130YARET EDEREK, TEKN\u0130K \u0130NCELEMELERDE BULUNDU.<\/p>\n","protected":false},"author":1,"featured_media":0,"comment_status":"closed","ping_status":"open","sticky":false,"template":"","format":"standard","meta":{"jetpack_post_was_ever_published":false,"_jetpack_newsletter_access":"","_jetpack_dont_email_post_to_subs":false,"_jetpack_newsletter_tier_id":0,"_jetpack_memberships_contains_paywalled_content":false,"_jetpack_memberships_contains_paid_content":false,"footnotes":"","jetpack_publicize_message":"","jetpack_publicize_feature_enabled":true,"jetpack_social_post_already_shared":true,"jetpack_social_options":{"image_generator_settings":{"template":"highway","default_image_id":0,"font":"","enabled":false},"version":2}},"categories":[1],"tags":[4789,134,29533,22820],"class_list":["post-173787","post","type-post","status-publish","format-standard","hentry","category-genel","tag-baskanlari","tag-belediye","tag-kosovali","tag-kucukcekmecede"],"jetpack_publicize_connections":[],"jetpack_featured_media_url":"","jetpack_sharing_enabled":true,"jetpack_shortlink":"https:\/\/wp.me\/paKIfm-Jd1","_links":{"self":[{"href":"http:\/\/www.tvturk.com\/index.php\/wp-json\/wp\/v2\/posts\/173787","targetHints":{"allow":["GET"]}}],"collection":[{"href":"http:\/\/www.tvturk.com\/index.php\/wp-json\/wp\/v2\/posts"}],"about":[{"href":"http:\/\/www.tvturk.com\/index.php\/wp-json\/wp\/v2\/types\/post"}],"author":[{"embeddable":true,"href":"http:\/\/www.tvturk.com\/index.php\/wp-json\/wp\/v2\/users\/1"}],"replies":[{"embeddable":true,"href":"http:\/\/www.tvturk.com\/index.php\/wp-json\/wp\/v2\/comments?post=173787"}],"version-history":[{"count":0,"href":"http:\/\/www.tvturk.com\/index.php\/wp-json\/wp\/v2\/posts\/173787\/revisions"}],"wp:attachment":[{"href":"http:\/\/www.tvturk.com\/index.php\/wp-json\/wp\/v2\/media?parent=173787"}],"wp:term":[{"taxonomy":"category","embeddable":true,"href":"http:\/\/www.tvturk.com\/index.php\/wp-json\/wp\/v2\/categories?post=173787"},{"taxonomy":"post_tag","embeddable":true,"href":"http:\/\/www.tvturk.com\/index.php\/wp-json\/wp\/v2\/tags?post=173787"}],"curies":[{"name":"wp","href":"https:\/\/api.w.org\/{rel}","templated":true}]}}