{"id":173827,"date":"2019-06-25T14:17:40","date_gmt":"2019-06-25T11:17:40","guid":{"rendered":"http:\/\/www.tvturk.com\/index.php\/midyatli-ogrenci-lgsde-turkiye-birincisi-oldu\/"},"modified":"2019-06-25T14:17:40","modified_gmt":"2019-06-25T11:17:40","slug":"midyatli-ogrenci-lgsde-turkiye-birincisi-oldu","status":"publish","type":"post","link":"http:\/\/www.tvturk.com\/index.php\/midyatli-ogrenci-lgsde-turkiye-birincisi-oldu\/","title":{"rendered":"Midyatl\u0131 \u00f6\u011frenci LGS\u2019de T\u00fcrkiye birincisi oldu"},"content":{"rendered":"<p>Haziran ay\u0131n\u0131n ba\u015f\u0131nda T\u00fcrkiye geneli yap\u0131lan Liselere Ge\u00e7i\u015f S\u0131nav\u0131\u2019nda (LGS) sorular\u0131n tamam\u0131n\u0131 do\u011fru cevaplayan Mardin\u2019in Midyat il\u00e7esindeki \u0130MKB Ortaokulu \u00f6\u011frencisi Enes Deniz isimli \u00f6\u011frenci, T\u00fcrkiye birincilerinden oldu.<\/p>\n<p>Girdi\u011fi LGS\u2019de sorular\u0131n t\u00fcm\u00fcn\u00fc do\u011fru cevaplayarak T\u00fcrkiye geneli birincilerin aras\u0131na giren Midyat \u0130MKB Ortaokulu \u00f6\u011frencisi Enes Deniz Midyat\u2019\u0131 gururland\u0131rd\u0131. Konu ile ilgili konu\u015fan Midyat \u0130l\u00e7e Milli E\u011fitim M\u00fcd\u00fcr\u00fc Abdulkadir Altay, il\u00e7elerinin hep ilklerin, g\u00fczelliklerin \u00f6nc\u00fcs\u00fc olmay\u0131 ba\u015fard\u0131\u011f\u0131n\u0131 s\u00f6yledi. Altay, &#8220;Bundan sonrada e\u011fitim \u00e7\u0131tas\u0131n\u0131 daha iyi bir noktaya ta\u015f\u0131mak i\u00e7in, gayret edece\u011fiz. Bu ba\u015far\u0131da, katk\u0131s\u0131 olan eme\u011fi olan ciddi bir \u015fekilde, disiplinli bir \u015fekilde gayret g\u00f6steren, ba\u015fta, Enes\u2019in ilkokul \u00f6\u011fretmeni, ortaokulda birebir her bran\u015f baz\u0131nda, \u00e7al\u0131\u015fan \u00f6\u011fretmenlerimize okul idaresine, te\u015fekk\u00fcr ediyorum. Ba\u015far\u0131lar\u0131n\u0131n devam\u0131n\u0131 diliyorum. Midyat\u2019\u0131m\u0131za, Mardin\u2019imize ve \u00fclkemize hay\u0131rlar getirmesini temenni ediyorum\u2019\u2019 dedi.<\/p>\n<p>LGS\u2019de b\u00fct\u00fcn sorulara do\u011fru cevap vererek T\u00fcrkiye 1.\u2019si olan Enes Deniz ise, dersi derste dinledi\u011fini evde de ders \u00e7al\u0131\u015ft\u0131\u011f\u0131n\u0131 s\u00f6yledi. Deniz, &#8220;En \u00f6nemlisi dersi dinlemek zaten dersi dinleyince y\u00fczde 80 yap\u0131l\u0131yor bi konu ama onun yan\u0131nda, tekrar \u00e7ok \u00f6nemli test \u00e7\u00f6zme \u015feklinde okuma. S\u0131nav sorular\u0131n\u0131 ben be\u011fendim a\u00e7\u0131k\u00e7as\u0131 arada kolay sorularda vard\u0131, zor sorularda, yani b\u00f6yle herkesin yapamayaca\u011f\u0131 sorular. Ama yine de biraz kolayd\u0131 g\u00fczeldi&#8221; diye konu\u015ftu.<\/p>\n","protected":false},"excerpt":{"rendered":"<p>HAZ\u0130RAN AYININ BA\u015eINDA T\u00dcRK\u0130YE GENEL\u0130 YAPILAN L\u0130SELERE GE\u00c7\u0130\u015e SINAVI&#8217;NDA (LGS) SORULARIN TAMAMINI DO\u011eRU CEVAPLAYAN MARD\u0130N&#8217;\u0130N M\u0130DYAT \u0130L\u00c7ES\u0130NDEK\u0130 \u0130MKB ORTAOKULU \u00d6\u011eRENC\u0130S\u0130 ENES DEN\u0130Z \u0130S\u0130ML\u0130 \u00d6\u011eRENC\u0130, T\u00dcRK\u0130YE B\u0130R\u0130NC\u0130LER\u0130NDEN OLDU.<\/p>\n","protected":false},"author":1,"featured_media":0,"comment_status":"closed","ping_status":"open","sticky":false,"template":"","format":"standard","meta":{"jetpack_post_was_ever_published":false,"_jetpack_newsletter_access":"","_jetpack_dont_email_post_to_subs":false,"_jetpack_newsletter_tier_id":0,"_jetpack_memberships_contains_paywalled_content":false,"_jetpack_memberships_contains_paid_content":false,"footnotes":"","jetpack_publicize_message":"","jetpack_publicize_feature_enabled":true,"jetpack_social_post_already_shared":true,"jetpack_social_options":{"image_generator_settings":{"template":"highway","default_image_id":0,"font":"","enabled":false},"version":2}},"categories":[1],"tags":[7552,38526,42178,773,77,453],"class_list":["post-173827","post","type-post","status-publish","format-standard","hentry","category-genel","tag-birincisi","tag-lgsde","tag-midyatli","tag-ogrenci","tag-oldu","tag-turkiye"],"jetpack_publicize_connections":[],"jetpack_featured_media_url":"","jetpack_sharing_enabled":true,"jetpack_shortlink":"https:\/\/wp.me\/paKIfm-JdF","_links":{"self":[{"href":"http:\/\/www.tvturk.com\/index.php\/wp-json\/wp\/v2\/posts\/173827","targetHints":{"allow":["GET"]}}],"collection":[{"href":"http:\/\/www.tvturk.com\/index.php\/wp-json\/wp\/v2\/posts"}],"about":[{"href":"http:\/\/www.tvturk.com\/index.php\/wp-json\/wp\/v2\/types\/post"}],"author":[{"embeddable":true,"href":"http:\/\/www.tvturk.com\/index.php\/wp-json\/wp\/v2\/users\/1"}],"replies":[{"embeddable":true,"href":"http:\/\/www.tvturk.com\/index.php\/wp-json\/wp\/v2\/comments?post=173827"}],"version-history":[{"count":0,"href":"http:\/\/www.tvturk.com\/index.php\/wp-json\/wp\/v2\/posts\/173827\/revisions"}],"wp:attachment":[{"href":"http:\/\/www.tvturk.com\/index.php\/wp-json\/wp\/v2\/media?parent=173827"}],"wp:term":[{"taxonomy":"category","embeddable":true,"href":"http:\/\/www.tvturk.com\/index.php\/wp-json\/wp\/v2\/categories?post=173827"},{"taxonomy":"post_tag","embeddable":true,"href":"http:\/\/www.tvturk.com\/index.php\/wp-json\/wp\/v2\/tags?post=173827"}],"curies":[{"name":"wp","href":"https:\/\/api.w.org\/{rel}","templated":true}]}}