{"id":173835,"date":"2019-06-25T14:32:22","date_gmt":"2019-06-25T11:32:22","guid":{"rendered":"http:\/\/www.tvturk.com\/index.php\/buyuksehirli-gencler-3-ligde\/"},"modified":"2019-06-25T14:32:22","modified_gmt":"2019-06-25T11:32:22","slug":"buyuksehirli-gencler-3-ligde","status":"publish","type":"post","link":"http:\/\/www.tvturk.com\/index.php\/buyuksehirli-gencler-3-ligde\/","title":{"rendered":"B\u00fcy\u00fck\u015fehirli gen\u00e7ler 3. Lig\u2019de"},"content":{"rendered":"<p>Bursa B\u00fcy\u00fck\u015fehir Belediyespor Kul\u00fcb\u00fc Masa Tenisi alt yap\u0131 k\u0131z tak\u0131m\u0131, terfi yar\u0131\u015fmas\u0131 ma\u00e7lar\u0131n\u0131n ard\u0131ndan 3. Lig\u2019e y\u00fckseldi.<\/p>\n<p>Alt yap\u0131s\u0131ndan yeti\u015ftirdi\u011fi sporcularla ba\u015far\u0131 grafi\u011fini s\u00fcrd\u00fcren Bursa B\u00fcy\u00fck\u015fehir Belediyespor Kul\u00fcb\u00fc,  gen\u00e7 tak\u0131m\u0131 ile m\u00fccadele etti\u011fi \u2018Masa Tenisi Terfi Yar\u0131\u015fmas\u0131\u2019n\u0131n ard\u0131ndan Kad\u0131nlar 3. Ligi\u2019ne y\u00fckseldi.<\/p>\n<p>14 tak\u0131m\u0131n kat\u0131ld\u0131\u011f\u0131 Masa Tenisi Terfi Yar\u0131\u015fmalar\u0131 Tokat\u2019ta yap\u0131ld\u0131.  Ali Y\u00fccel Spor Salonu\u2019nda oynanan m\u00fcsabakalarda ilk 8 ma\u00e7\u0131nda Av. Mahmut D\u00fc\u015f\u00fcn MTAL GSK tak\u0131m\u0131n\u0131 3-1 ile ge\u00e7en Bursa ekibi, ilk 6 ma\u00e7\u0131nda Ayd\u0131n GHS tak\u0131m\u0131n\u0131 yine 3-1 ile ge\u00e7meyi ba\u015fard\u0131. \u0130lk \u00fc\u00e7 m\u00fccadelesinde Samsun Maarif Koleji\u2019ni 3-2 ile ge\u00e7meyi ba\u015faran Bursa B\u00fcy\u00fck\u015fehir Belediyespor daha \u00f6nce ilk 6 m\u00fccadelesinde ma\u011flup etti\u011fi Ayd\u0131n GHS tak\u0131m\u0131na finalde 3-2 ma\u011flup oldu. Terfi yar\u0131\u015fmalar\u0131n\u0131 ikinci s\u0131rada tamamlayan ye\u015fil-beyazl\u0131lar 3. Lig\u2019e kat\u0131lmaya hak kazand\u0131.<\/p>\n<p>Gen\u00e7 sporcular\u0131n 3.Lig\u2019de m\u00fccadele edecek olmas\u0131n\u0131n b\u00fcy\u00fck bir ba\u015far\u0131 oldu\u011funun alt\u0131n\u0131 \u00e7izen Bursa B\u00fcy\u00fck\u015fehir Belediyespor Kul\u00fcb\u00fc y\u00f6netim kurulu \u00fcyesi Metin Biberci, altyap\u0131ya yap\u0131lan yat\u0131r\u0131mlar\u0131n meyvesini ald\u0131klar\u0131n\u0131 s\u00f6yledi. Kad\u0131nlar S\u00fcper Ligi ve Erklekler ikinci Ligi\u2019nde m\u00fccadele eden tak\u0131mlar\u0131n\u0131n da oldu\u011funu hat\u0131rlatan Biberci, \u201cB\u00fcy\u00fck\u015fehir Belediyespor Kul\u00fcb\u00fc olarak b\u00fct\u00fcn gen\u00e7lerimize spor yapt\u0131rmak istiyoruz. Masa Tenisi bran\u015f\u0131 olarak, B\u00fcy\u00fck\u015fehir Belediye Ba\u015fkan\u0131m\u0131z Alinur Akta\u015f\u2019\u0131n deste\u011fiyle altyap\u0131m\u0131za \u00f6nemli imk\u00e2nlar sa\u011flad\u0131k. Alt ya\u015f grubu sporcu say\u0131m\u0131z\u0131 art\u0131rd\u0131k. \u015eu anda hem k\u0131z hem erkek y\u00fczlerce \u00e7ocu\u011fumuz masa tenisi sporunu yap\u0131yor. Bu bizim i\u00e7in mutluluk verici. Tabi\u00ee bu karde\u015flerimizin tecr\u00fcbe kazanmas\u0131 gerekiyordu. Bursa\u2019ya kendi i\u00e7inden yeti\u015fmi\u015f sporcularla daha fazla ba\u015far\u0131lar kazand\u0131rmak ad\u0131na alt yap\u0131 tak\u0131m\u0131m\u0131z\u0131 terfi m\u00fcsabakalar\u0131nda oynatt\u0131k. Sporcular\u0131m\u0131z kendilerinden ya\u015f\u00e7a b\u00fcy\u00fck sporcularla m\u00fccadele ettiler. Hem tecr\u00fcbe hem de ba\u015far\u0131 kazand\u0131lar.  Kad\u0131nlar S\u00fcper Ligi\u2019nde ve Erkekler \u0130kinci Ligi\u2019nde m\u00fccadele eden tak\u0131mlar\u0131m\u0131z var. Alttan gelen sporcular\u0131m\u0131z elde ettikleri tecr\u00fcbelerle Bursa\u2019da masa tenisi sporunu daha ileri ta\u015f\u0131yacakt\u0131r. Biz alt yap\u0131ya verdi\u011fimiz \u00f6nemin meyvelerini topluyoruz. Bursa B\u00fcy\u00fck\u015fehir Belediyesi\u2019nin ne kadar do\u011fru bir yat\u0131r\u0131m yapt\u0131\u011f\u0131n\u0131n g\u00f6stergesi. Bursa\u2019da sporun en b\u00fcy\u00fck destek\u00e7isi olan Ba\u015fkan\u0131m\u0131z Alinur Akta\u015f\u2019a te\u015fekk\u00fcr ediyorum\u201d diye konu\u015ftu.<\/p>\n","protected":false},"excerpt":{"rendered":"<p>BURSA B\u00dcY\u00dcK\u015eEH\u0130R BELED\u0130YESPOR KUL\u00dcB\u00dc MASA TEN\u0130S\u0130 ALT YAPI KIZ TAKIMI, TERF\u0130 YARI\u015eMASI MA\u00c7LARININ ARDINDAN 3. L\u0130G\u2019E Y\u00dcKSELD\u0130.<\/p>\n","protected":false},"author":1,"featured_media":0,"comment_status":"closed","ping_status":"open","sticky":false,"template":"","format":"standard","meta":{"jetpack_post_was_ever_published":false,"_jetpack_newsletter_access":"","_jetpack_dont_email_post_to_subs":false,"_jetpack_newsletter_tier_id":0,"_jetpack_memberships_contains_paywalled_content":false,"_jetpack_memberships_contains_paid_content":false,"footnotes":"","jetpack_publicize_message":"","jetpack_publicize_feature_enabled":true,"jetpack_social_post_already_shared":true,"jetpack_social_options":{"image_generator_settings":{"template":"highway","default_image_id":0,"font":"","enabled":false},"version":2}},"categories":[657],"tags":[23837,1622,8715],"class_list":["post-173835","post","type-post","status-publish","format-standard","hentry","category-spor","tag-buyuksehirli","tag-gencler","tag-ligde"],"jetpack_publicize_connections":[],"jetpack_featured_media_url":"","jetpack_sharing_enabled":true,"jetpack_shortlink":"https:\/\/wp.me\/paKIfm-JdN","_links":{"self":[{"href":"http:\/\/www.tvturk.com\/index.php\/wp-json\/wp\/v2\/posts\/173835","targetHints":{"allow":["GET"]}}],"collection":[{"href":"http:\/\/www.tvturk.com\/index.php\/wp-json\/wp\/v2\/posts"}],"about":[{"href":"http:\/\/www.tvturk.com\/index.php\/wp-json\/wp\/v2\/types\/post"}],"author":[{"embeddable":true,"href":"http:\/\/www.tvturk.com\/index.php\/wp-json\/wp\/v2\/users\/1"}],"replies":[{"embeddable":true,"href":"http:\/\/www.tvturk.com\/index.php\/wp-json\/wp\/v2\/comments?post=173835"}],"version-history":[{"count":0,"href":"http:\/\/www.tvturk.com\/index.php\/wp-json\/wp\/v2\/posts\/173835\/revisions"}],"wp:attachment":[{"href":"http:\/\/www.tvturk.com\/index.php\/wp-json\/wp\/v2\/media?parent=173835"}],"wp:term":[{"taxonomy":"category","embeddable":true,"href":"http:\/\/www.tvturk.com\/index.php\/wp-json\/wp\/v2\/categories?post=173835"},{"taxonomy":"post_tag","embeddable":true,"href":"http:\/\/www.tvturk.com\/index.php\/wp-json\/wp\/v2\/tags?post=173835"}],"curies":[{"name":"wp","href":"https:\/\/api.w.org\/{rel}","templated":true}]}}